{"id":38,"date":"2024-11-12T21:39:05","date_gmt":"2024-11-12T20:39:05","guid":{"rendered":"http:\/\/www.bellasicilia.org\/?p=38"},"modified":"2024-11-23T18:17:31","modified_gmt":"2024-11-23T17:17:31","slug":"tempio-di-zeus-olimpio-agrigento","status":"publish","type":"post","link":"http:\/\/www.bellasicilia.org\/index.php\/2024\/11\/12\/tempio-di-zeus-olimpio-agrigento\/","title":{"rendered":"Tempio di Zeus Olimpio (Agrigento)"},"content":{"rendered":"\n<figure class=\"wp-block-image size-large\"><img loading=\"lazy\" decoding=\"async\" width=\"1024\" height=\"683\" src=\"http:\/\/www.bellasicilia.org\/wp-content\/uploads\/2024\/11\/Tempio-di-Zeus-1024x683.jpg\" alt=\"\" class=\"wp-image-67\" srcset=\"http:\/\/www.bellasicilia.org\/wp-content\/uploads\/2024\/11\/Tempio-di-Zeus-1024x683.jpg 1024w, http:\/\/www.bellasicilia.org\/wp-content\/uploads\/2024\/11\/Tempio-di-Zeus-300x200.jpg 300w, http:\/\/www.bellasicilia.org\/wp-content\/uploads\/2024\/11\/Tempio-di-Zeus-768x512.jpg 768w, http:\/\/www.bellasicilia.org\/wp-content\/uploads\/2024\/11\/Tempio-di-Zeus-1536x1024.jpg 1536w, http:\/\/www.bellasicilia.org\/wp-content\/uploads\/2024\/11\/Tempio-di-Zeus-2048x1365.jpg 2048w, http:\/\/www.bellasicilia.org\/wp-content\/uploads\/2024\/11\/Tempio-di-Zeus-150x100.jpg 150w\" sizes=\"auto, (max-width: 1024px) 100vw, 1024px\" \/><\/figure>\n\n\n<p>Il\u00a0<b>tempio di Zeus Olimpio<\/b>, o\u00a0<b>Olympeion<\/b>, era un\u00a0<a title=\"Tempio greco\" href=\"https:\/\/it.wikipedia.org\/wiki\/Tempio_greco\">tempio greco<\/a>\u00a0dell&#8217;antica citt\u00e0 di\u00a0<a title=\"Akragas\" href=\"https:\/\/it.wikipedia.org\/wiki\/Akragas\">Akragas<\/a>, sito nel parco archeologico della\u00a0<a title=\"Valle dei Templi\" href=\"https:\/\/it.wikipedia.org\/wiki\/Valle_dei_Templi\">Valle dei Templi<\/a>\u00a0di\u00a0<a title=\"Agrigento\" href=\"https:\/\/it.wikipedia.org\/wiki\/Agrigento\">Agrigento<\/a>.<\/p>\n<p>&nbsp;<\/p>\n<div class=\"mw-heading mw-heading2\">\n<h2 id=\"Storia\">Storia<\/h2>\n<p><span class=\"mw-editsection\"><span class=\"mw-editsection-bracket\">[<\/span><a class=\"mw-editsection-visualeditor\" title=\"Modifica la sezione Storia\" href=\"https:\/\/it.wikipedia.org\/w\/index.php?title=Tempio_di_Zeus_Olimpio_(Agrigento)&amp;veaction=edit&amp;section=1\">modifica<\/a><span class=\"mw-editsection-divider\">\u00a0|\u00a0<\/span><a title=\"Edit section's source code: Storia\" href=\"https:\/\/it.wikipedia.org\/w\/index.php?title=Tempio_di_Zeus_Olimpio_(Agrigento)&amp;action=edit&amp;section=1\">modifica wikitesto<\/a><span class=\"mw-editsection-bracket\">]<\/span><\/span><\/p>\n<\/div>\n<p>Venne eretto dopo la\u00a0<a title=\"Battaglia di Imera (480 a.C.)\" href=\"https:\/\/it.wikipedia.org\/wiki\/Battaglia_di_Imera_(480_a.C.)\">vittoria di Himera<\/a>\u00a0sui\u00a0<a title=\"Cartagine\" href=\"https:\/\/it.wikipedia.org\/wiki\/Cartagine\">Cartaginesi<\/a>\u00a0del 480-479 a.C. quando\u00a0<a title=\"Akragas\" href=\"https:\/\/it.wikipedia.org\/wiki\/Akragas\">Akragas<\/a>\u00a0era governata da\u00a0<a title=\"Terone\" href=\"https:\/\/it.wikipedia.org\/wiki\/Terone\">Terone<\/a>.<\/p>\n<p>Il complesso dell&#8217;<i>Olympeion<\/i>, che s&#8217;incentra sul colossale edificio sacro, \u00e8 descritto in termini entusiastici da\u00a0<a title=\"Diodoro Siculo\" href=\"https:\/\/it.wikipedia.org\/wiki\/Diodoro_Siculo\">Diodoro Siculo<\/a>\u00a0(XIII 81, 1-4) ed \u00e8 ricordato da\u00a0<a title=\"Polibio\" href=\"https:\/\/it.wikipedia.org\/wiki\/Polibio\">Polibio<\/a>\u00a0(IX 27, 9).<\/p>\n<p>Il tempio croll\u00f2 totalmente durante un terremoto avvenuto il 19 dicembre\u00a0<a title=\"1401\" href=\"https:\/\/it.wikipedia.org\/wiki\/1401\">1401<\/a><sup id=\"cite_ref-1\" class=\"reference\"><a href=\"https:\/\/it.wikipedia.org\/wiki\/Tempio_di_Zeus_Olimpio_(Agrigento)#cite_note-1\"><span class=\"cite-bracket\">[<\/span>1<span class=\"cite-bracket\">]<\/span><\/a><\/sup>.<\/p>\n<p>Parti dell&#8217;edificio in et\u00e0 moderna vennero usati (ancora nel secolo XVIII) come cava di pietra per la realizzazione dei moli dell&#8217;attracco di\u00a0<a title=\"Porto Empedocle\" href=\"https:\/\/it.wikipedia.org\/wiki\/Porto_Empedocle\">Porto Empedocle<\/a>.<\/p>\n<p>Nel\u00a0<a title=\"1787\" href=\"https:\/\/it.wikipedia.org\/wiki\/1787\">1787<\/a>\u00a0<a title=\"Johann Wolfgang von Goethe\" href=\"https:\/\/it.wikipedia.org\/wiki\/Johann_Wolfgang_von_Goethe\">Goethe<\/a>\u00a0visitando le rovine del tempio lasci\u00f2 questa descrizione ne\u00a0<i>Il viaggio in Italia<\/i>:<\/p>\n<div class=\"itwiki-template-citazione\">\n<div class=\"itwiki-template-citazione-singola\">\n<p>\u00abLa sosta successiva fu dedicata alle rovine del Tempio di Giove. Esse si stendono per un lungo tratto, simili agli ossami d&#8217;un gigantesco scheletro [&#8230;] In questo cumulo di macerie ogni forma artistica \u00e8 stata cancellata, salvo un colossale triglifo e un frammento di semicolonna d&#8217;ugual proporzione.\u00bb<\/p>\n<\/div>\n<p class=\"itwiki-template-citazione-footer\">(<small><a title=\"Johann Wolfgang von Goethe\" href=\"https:\/\/it.wikipedia.org\/wiki\/Johann_Wolfgang_von_Goethe\">Johann Wolfgang von Goethe<\/a>,\u00a0<i>Viaggio in Italia<\/i><\/small>)<\/p>\n<\/div>\n<p>Nel\u00a0<a title=\"1928\" href=\"https:\/\/it.wikipedia.org\/wiki\/1928\">1928<\/a>\u00a0fu effettuata una campagna di scavi che riport\u00f2 alla luce diversi reperti, tra cui i resti di quattro\u00a0<a title=\"Telamone (architettura)\" href=\"https:\/\/it.wikipedia.org\/wiki\/Telamone_(architettura)\">telamoni<\/a>, di cui uno ricostruito interamente<sup id=\"cite_ref-2\" class=\"reference\"><a href=\"https:\/\/it.wikipedia.org\/wiki\/Tempio_di_Zeus_Olimpio_(Agrigento)#cite_note-2\"><span class=\"cite-bracket\">[<\/span>2<span class=\"cite-bracket\">]<\/span><\/a><\/sup>.<\/p>\n<div class=\"mw-heading mw-heading2\">\n<h2 id=\"Descrizione\">Descrizione<\/h2>\n<p><span class=\"mw-editsection\"><span class=\"mw-editsection-bracket\">[<\/span><a class=\"mw-editsection-visualeditor\" title=\"Modifica la sezione Descrizione\" href=\"https:\/\/it.wikipedia.org\/w\/index.php?title=Tempio_di_Zeus_Olimpio_(Agrigento)&amp;veaction=edit&amp;section=2\">modifica<\/a><span class=\"mw-editsection-divider\">\u00a0|\u00a0<\/span><a title=\"Edit section's source code: Descrizione\" href=\"https:\/\/it.wikipedia.org\/w\/index.php?title=Tempio_di_Zeus_Olimpio_(Agrigento)&amp;action=edit&amp;section=2\">modifica wikitesto<\/a><span class=\"mw-editsection-bracket\">]<\/span><\/span><\/p>\n<\/div>\n<p>Oggi il tempio \u00e8 ridotto ad un campo di rovine dalle distruzioni iniziate gi\u00e0 nell&#8217;antichit\u00e0 e proseguite fino ad epoca moderna. L&#8217;aspetto complessivo del tempio \u00e8 nelle grandi linee noto, ma sussistono ancora molte controversie su particolari importanti della ricostruzione dell&#8217;alzato, cui \u00e8 dedicata un&#8217;intera sala del Museo Nazionale.<\/p>\n<figure class=\"mw-default-size mw-halign-left\"><a class=\"mw-file-description\" href=\"https:\/\/it.wikipedia.org\/wiki\/File:Huge_doric_capital_-_Temple_of_Zeus_-_Valle_dei_Templi_-_Agrigento_-_Italy_2015.JPG\"><img loading=\"lazy\" decoding=\"async\" class=\"mw-file-element\" src=\"https:\/\/upload.wikimedia.org\/wikipedia\/commons\/thumb\/1\/1c\/Huge_doric_capital_-_Temple_of_Zeus_-_Valle_dei_Templi_-_Agrigento_-_Italy_2015.JPG\/220px-Huge_doric_capital_-_Temple_of_Zeus_-_Valle_dei_Templi_-_Agrigento_-_Italy_2015.JPG\" srcset=\"\/\/upload.wikimedia.org\/wikipedia\/commons\/thumb\/1\/1c\/Huge_doric_capital_-_Temple_of_Zeus_-_Valle_dei_Templi_-_Agrigento_-_Italy_2015.JPG\/330px-Huge_doric_capital_-_Temple_of_Zeus_-_Valle_dei_Templi_-_Agrigento_-_Italy_2015.JPG 1.5x, \/\/upload.wikimedia.org\/wikipedia\/commons\/thumb\/1\/1c\/Huge_doric_capital_-_Temple_of_Zeus_-_Valle_dei_Templi_-_Agrigento_-_Italy_2015.JPG\/440px-Huge_doric_capital_-_Temple_of_Zeus_-_Valle_dei_Templi_-_Agrigento_-_Italy_2015.JPG 2x\" width=\"220\" height=\"147\" data-file-width=\"3072\" data-file-height=\"2048\" \/><\/a>\n<figcaption>Rovine del tempio di Zeus<\/figcaption>\n<\/figure>\n<p>Il tempio misurava m 112,70 x 56,30 allo\u00a0<a title=\"Stilobate\" href=\"https:\/\/it.wikipedia.org\/wiki\/Stilobate\">stilobate<\/a>. Su di un poderoso basamento, sormontato da un\u00a0<i>krepidoma<\/i>\u00a0di cinque gradini, si collocava il recinto, con sette semicolonne doriche sui lati corti e quattordici sui lati lunghi, collegate fra loro da un muro continuo e alle quali, all&#8217;interno, facevano riscontro altrettanti pilastri. Negli intercolunni di questa pseudo-peristasi o nella cella si suppone fossero appesi dei\u00a0<a title=\"Telamone (architettura)\" href=\"https:\/\/it.wikipedia.org\/wiki\/Telamone_(architettura)\">telamoni<\/a>\u00a0alti ben 7,65 metri, che sicuramente non avevano alcuna funzione portante, date le esili proporzioni delle gambe serrate e dei i piedi uniti rispetto al massiccio busto e alle possenti braccia ripiegate dietro la testa. Dubbi sussistono sulla presenza di finestre, intervallate fra i telamoni e le semicolonne, che si pensa dessero luce all&#8217;interno della pesudo-peristasi, tra questa e la cella, se il tempio (che nella parte della cella era certamente ipetrale, ossia scoperto) si presentava invece coperto almeno nello spazio degli\u00a0<i>pter\u00f2mata<\/i>.<\/p>\n<p>La cella era costituita da un muro collegante una serie di dodici pilastri per ciascuno dei lati lunghi, di cui quelli angolari delimitavano gli spazi del pronao e dell&#8217;opistodomo, mentre l&#8217;ingresso della pseudo-peristasi alla cella stessa era assicurato mediante porte, di numero e di localizzazione incerta, aperte nel muro continuo della pseudo-peristasi. La gigantesca costruzione era interamente realizzata a piccoli blocchi, comprese le colonne, i capitelli, i\u00a0<a class=\"mw-redirect\" title=\"Telamoni\" href=\"https:\/\/it.wikipedia.org\/wiki\/Telamoni\">telamoni<\/a>\u00a0e gli architravi, ci\u00f2 che lascia molte incertezze sull&#8217;effettivo sviluppo dell&#8217;alzato: per citare alcuni dati certi, oltre alla gi\u00e0 ricordata altezza dei telamoni (m 7,65), la trabeazione era alta m 7,48 e il diametro delle colonne era di m 4,30, con scanalature nelle quali \u2013 come afferma\u00a0<a title=\"Diodoro Siculo\" href=\"https:\/\/it.wikipedia.org\/wiki\/Diodoro_Siculo\">Diodoro<\/a>\u00a0\u2013 poteva entrare comodamente un uomo, mentre le colonne dovevano sviluppare un&#8217;altezza calcolata tra i 14,50 e i 19,20 m; la superficie copriva un&#8217;area di 6340 m2.<\/p>\n<figure class=\"mw-default-size\"><a class=\"mw-file-description\" href=\"https:\/\/it.wikipedia.org\/wiki\/File:Agrigento_Telamon.jpg\"><img loading=\"lazy\" decoding=\"async\" class=\"mw-file-element\" src=\"https:\/\/upload.wikimedia.org\/wikipedia\/commons\/thumb\/9\/96\/Agrigento_Telamon.jpg\/220px-Agrigento_Telamon.jpg\" srcset=\"\/\/upload.wikimedia.org\/wikipedia\/commons\/thumb\/9\/96\/Agrigento_Telamon.jpg\/330px-Agrigento_Telamon.jpg 1.5x, \/\/upload.wikimedia.org\/wikipedia\/commons\/thumb\/9\/96\/Agrigento_Telamon.jpg\/440px-Agrigento_Telamon.jpg 2x\" width=\"220\" height=\"143\" data-file-width=\"500\" data-file-height=\"325\" \/><\/a>\n<figcaption>Il Telamone ricostruito in tufo sul sito<\/figcaption>\n<\/figure>\n<p>La descrizione di Diodoro parla di scene della gigantomachia ad est e della guerra di\u00a0<a title=\"Troia\" href=\"https:\/\/it.wikipedia.org\/wiki\/Troia\">Troia<\/a>\u00a0ad ovest. Si \u00e8 discusso se egli parli di decorazione frontonale o di semplici metope (a\u00a0<a title=\"Selinunte\" href=\"https:\/\/it.wikipedia.org\/wiki\/Selinunte\">Selinunte<\/a>\u00a0\u2013 ricordiamo \u2013 solo le metope del pronao e dell&#8217;opistodomo sono decorate), ma la scoperta recente di un attacco tra un torso di guerriero ed una bellissima testa elmata di pieno stile severo (al Museo Nazionale), conferma che il tempio aveva una decorazione marmorea a tutto tondo pi\u00f9 compatibile con cavi frontonali che con spazi metopali, di cui si \u00e8 sempre, in et\u00e0 classica ed ellenistica, avvertita l&#8217;originaria funzione di spazio da chiudere, eventualmente dipinto (e la decorazione a rilievo \u00e8 appunto sostitutiva di quella dipinta).<\/p>\n<figure class=\"mw-default-size mw-halign-left\"><a class=\"mw-file-description\" href=\"https:\/\/it.wikipedia.org\/wiki\/File:Agrigente_2008_IMG_1980.JPG\"><img loading=\"lazy\" decoding=\"async\" class=\"mw-file-element\" src=\"https:\/\/upload.wikimedia.org\/wikipedia\/commons\/thumb\/8\/86\/Agrigente_2008_IMG_1980.JPG\/220px-Agrigente_2008_IMG_1980.JPG\" srcset=\"\/\/upload.wikimedia.org\/wikipedia\/commons\/thumb\/8\/86\/Agrigente_2008_IMG_1980.JPG\/330px-Agrigente_2008_IMG_1980.JPG 1.5x, \/\/upload.wikimedia.org\/wikipedia\/commons\/thumb\/8\/86\/Agrigente_2008_IMG_1980.JPG\/440px-Agrigente_2008_IMG_1980.JPG 2x\" width=\"220\" height=\"147\" data-file-width=\"4272\" data-file-height=\"2848\" \/><\/a>\n<figcaption>Modellino del tempio esposto al Museo archeologico regionale di Agrigento<\/figcaption>\n<\/figure>\n<p>L&#8217;<i>Olympeion<\/i>, afferma Diodoro, rimase incompiuto per la conquista cartaginese: sempre secondo Diodoro, esso era privo di\u00a0<a title=\"Coperture a tetto dell'antichit\u00e0\" href=\"https:\/\/it.wikipedia.org\/wiki\/Coperture_a_tetto_dell%27antichit%C3%A0\">tetto<\/a>\u00a0per le continue distruzioni subite dalla citt\u00e0. Di esso restano visibili l&#8217;angolo sud-est, due tratti settentrionali della pseudo-peristasi, i piloni del pronao, dell&#8217;opistodomo e met\u00e0 circa del lato nord della cella. Intorno ai resti del basamento si conservano, talora in posizione di caduta, alcune parti dell&#8217;alzato, nonch\u00e9 la ricostruzione di un capitello e di cinque telamoni, di cui uno completo e uno eretto tramite musealizzazione (in calco e\/o con parti ricostruite; un originale completo \u00e8 esposto al Museo archeologico regionale di Agrigento). Davanti alla fronte orientale \u00e8 visibile il basamento a pilastri dell&#8217;altare, non meno colossale del tempio (54,50 x 17,50 m). Presso l&#8217;angolo sud-est del tempio si conserva un piccolo edificio (12,45 x 5,90 m) a due navate con profondo pronao, doppia porta d&#8217;accesso ed altare (?) antistante, un sacello piuttosto che un\u00a0<i>thesauros<\/i>, di cronologia controversa, secondo alcuni d&#8217;et\u00e0 ellenistica, ma molto probabilmente arcaico, viste le numerose terrecotte architettoniche di\u00a0<a title=\"VI secolo a.C.\" href=\"https:\/\/it.wikipedia.org\/wiki\/VI_secolo_a.C.\">VI secolo a.C.<\/a>, rinvenute nella zona durante gli scavi di\u00a0<a title=\"Ettore Gabrici\" href=\"https:\/\/it.wikipedia.org\/wiki\/Ettore_Gabrici\">Ettore Gabrici<\/a>\u00a0del\u00a0<a title=\"1925\" href=\"https:\/\/it.wikipedia.org\/wiki\/1925\">1925<\/a>.<\/p>\n<p>A sud-ovest di questo sacello, lungo la linea delle mura, sono i resti di una\u00a0<i>sto\u00e0<\/i>\u00a0del IV secolo a.C., con una vasca intonacata all&#8217;estremit\u00e0 orientale e cisterne sulla fronte e alle spalle, da dove proviene materiale votivo d&#8217;et\u00e0 timoleontea, mentre resti di un precedente edificio (cui sembrano da riferirsi le cisterne) sono visibili attorno alla cisterna pi\u00f9 vicina alle mura.<\/p>\n<div class=\"mw-heading mw-heading2\">\n<h2 id=\"Note\">Note<\/h2>\n<p><span class=\"mw-editsection\"><span class=\"mw-editsection-bracket\">[<\/span><a class=\"mw-editsection-visualeditor\" title=\"Modifica la sezione Note\" href=\"https:\/\/it.wikipedia.org\/w\/index.php?title=Tempio_di_Zeus_Olimpio_(Agrigento)&amp;veaction=edit&amp;section=3\">modifica<\/a><span class=\"mw-editsection-divider\">\u00a0|\u00a0<\/span><a title=\"Edit section's source code: Note\" href=\"https:\/\/it.wikipedia.org\/w\/index.php?title=Tempio_di_Zeus_Olimpio_(Agrigento)&amp;action=edit&amp;section=3\">modifica wikitesto<\/a><span class=\"mw-editsection-bracket\">]<\/span><\/span><\/p>\n<\/div>\n<div class=\"mw-references-wrap\">\n<ol class=\"references\">\n<li id=\"cite_note-1\"><a href=\"https:\/\/it.wikipedia.org\/wiki\/Tempio_di_Zeus_Olimpio_(Agrigento)#cite_ref-1\"><b>^<\/b><\/a>\u00a0<span class=\"reference-text\"><cite class=\"citation news\"><a class=\"external text\" href=\"https:\/\/web.archive.org\/web\/20170817204735\/http:\/\/agrigento.agrigentosette.it\/attualita\/ricostruire-tempio-giove-dellantica-akragas-8635.php\" rel=\"nofollow\">Ricostruire il tempio di Giove di Akragas? | Agrigentosette | Il magazine online di Agrigento dedicato a politica, economia, cultura, sport ed eventi<\/a>.\u00a0<small>URL consultato il 17 agosto 2017<\/small>\u00a0<small>(archiviato dall&#8217;<abbr title=\"http:\/\/agrigento.agrigentosette.it\/attualita\/ricostruire-tempio-giove-dellantica-akragas-8635.php\">url originale<\/abbr>\u00a0il 17 agosto 2017)<\/small>.<\/cite><\/span><\/li>\n<\/ol>\n<\/div>","protected":false},"excerpt":{"rendered":"<p>Il\u00a0tempio di Zeus Olimpio, o\u00a0Olympeion, era un\u00a0tempio greco\u00a0dell&#8217;antica citt\u00e0 di\u00a0Akragas, sito nel parco archeologico della\u00a0Valle dei Templi\u00a0di\u00a0Agrigento. &nbsp; Storia [modifica\u00a0|\u00a0modifica wikitesto] Venne eretto dopo la\u00a0vittoria di Himera\u00a0sui\u00a0Cartaginesi\u00a0del 480-479 a.C. quando\u00a0Akragas\u00a0era governata da\u00a0Terone. Il complesso dell&#8217;Olympeion, che s&#8217;incentra sul colossale edificio sacro, \u00e8 descritto in termini entusiastici da\u00a0Diodoro Siculo\u00a0(XIII 81, 1-4) &#8230;<\/p>\n<p class=\"continue-reading-button\"> <a class=\"continue-reading-link\" href=\"http:\/\/www.bellasicilia.org\/index.php\/2024\/11\/12\/tempio-di-zeus-olimpio-agrigento\/\">Continue reading<i class=\"crycon-right-dir\"><\/i><\/a><\/p>\n","protected":false},"author":1,"featured_media":39,"comment_status":"open","ping_status":"open","sticky":false,"template":"","format":"standard","meta":{"footnotes":""},"categories":[2],"tags":[],"class_list":["post-38","post","type-post","status-publish","format-standard","has-post-thumbnail","hentry","category-monumenti"],"_links":{"self":[{"href":"http:\/\/www.bellasicilia.org\/index.php\/wp-json\/wp\/v2\/posts\/38","targetHints":{"allow":["GET"]}}],"collection":[{"href":"http:\/\/www.bellasicilia.org\/index.php\/wp-json\/wp\/v2\/posts"}],"about":[{"href":"http:\/\/www.bellasicilia.org\/index.php\/wp-json\/wp\/v2\/types\/post"}],"author":[{"embeddable":true,"href":"http:\/\/www.bellasicilia.org\/index.php\/wp-json\/wp\/v2\/users\/1"}],"replies":[{"embeddable":true,"href":"http:\/\/www.bellasicilia.org\/index.php\/wp-json\/wp\/v2\/comments?post=38"}],"version-history":[{"count":2,"href":"http:\/\/www.bellasicilia.org\/index.php\/wp-json\/wp\/v2\/posts\/38\/revisions"}],"predecessor-version":[{"id":68,"href":"http:\/\/www.bellasicilia.org\/index.php\/wp-json\/wp\/v2\/posts\/38\/revisions\/68"}],"wp:featuredmedia":[{"embeddable":true,"href":"http:\/\/www.bellasicilia.org\/index.php\/wp-json\/wp\/v2\/media\/39"}],"wp:attachment":[{"href":"http:\/\/www.bellasicilia.org\/index.php\/wp-json\/wp\/v2\/media?parent=38"}],"wp:term":[{"taxonomy":"category","embeddable":true,"href":"http:\/\/www.bellasicilia.org\/index.php\/wp-json\/wp\/v2\/categories?post=38"},{"taxonomy":"post_tag","embeddable":true,"href":"http:\/\/www.bellasicilia.org\/index.php\/wp-json\/wp\/v2\/tags?post=38"}],"curies":[{"name":"wp","href":"https:\/\/api.w.org\/{rel}","templated":true}]}}