{"id":35,"date":"2024-11-12T21:36:15","date_gmt":"2024-11-12T20:36:15","guid":{"rendered":"http:\/\/www.bellasicilia.org\/?p=35"},"modified":"2024-11-23T18:16:35","modified_gmt":"2024-11-23T17:16:35","slug":"tempio-di-giunone","status":"publish","type":"post","link":"http:\/\/www.bellasicilia.org\/index.php\/2024\/11\/12\/tempio-di-giunone\/","title":{"rendered":"Tempio-di-Giunone"},"content":{"rendered":"\n<figure class=\"wp-block-image size-full\"><img loading=\"lazy\" decoding=\"async\" width=\"800\" height=\"566\" src=\"http:\/\/www.bellasicilia.org\/wp-content\/uploads\/2024\/11\/Tempio-di-Giunone.jpg\" alt=\"\" class=\"wp-image-65\" srcset=\"http:\/\/www.bellasicilia.org\/wp-content\/uploads\/2024\/11\/Tempio-di-Giunone.jpg 800w, http:\/\/www.bellasicilia.org\/wp-content\/uploads\/2024\/11\/Tempio-di-Giunone-300x212.jpg 300w, http:\/\/www.bellasicilia.org\/wp-content\/uploads\/2024\/11\/Tempio-di-Giunone-768x543.jpg 768w, http:\/\/www.bellasicilia.org\/wp-content\/uploads\/2024\/11\/Tempio-di-Giunone-150x106.jpg 150w\" sizes=\"auto, (max-width: 800px) 100vw, 800px\" \/><\/figure>\n\n\n<p>Il\u00a0<b>tempio di Atena (ex tempio di Era)<\/b>, noto anche come\u00a0<b>tempio di Giunone<\/b>\u00a0(dal nome romano della\u00a0<a title=\"Giunone\" href=\"https:\/\/it.wikipedia.org\/wiki\/Giunone\">dea<\/a>) o\u00a0<b>tempio D<\/b>, \u00e8 un\u00a0<a title=\"Tempio greco\" href=\"https:\/\/it.wikipedia.org\/wiki\/Tempio_greco\">tempio greco<\/a>\u00a0dell&#8217;antica citt\u00e0 di\u00a0<a title=\"Akragas\" href=\"https:\/\/it.wikipedia.org\/wiki\/Akragas\">Akragas<\/a>\u00a0sito nella\u00a0<a title=\"Valle dei Templi\" href=\"https:\/\/it.wikipedia.org\/wiki\/Valle_dei_Templi\">Valle dei Templi<\/a>\u00a0di\u00a0<a title=\"Agrigento\" href=\"https:\/\/it.wikipedia.org\/wiki\/Agrigento\">Agrigento<\/a>.<\/p>\n<p>Al nome della divinit\u00e0 viene spesso associato l&#8217;epiteto\u00a0<i><b>Lacinia<\/b><\/i><sup id=\"cite_ref-2\" class=\"reference\"><a href=\"https:\/\/it.wikipedia.org\/wiki\/Tempio_di_Giunone_(Agrigento)#cite_note-2\"><span class=\"cite-bracket\">[<\/span>2<span class=\"cite-bracket\">]<\/span><\/a><\/sup><sup id=\"cite_ref-VDT_1-1\" class=\"reference\"><a href=\"https:\/\/it.wikipedia.org\/wiki\/Tempio_di_Giunone_(Agrigento)#cite_note-VDT-1\"><span class=\"cite-bracket\">[<\/span>1<span class=\"cite-bracket\">]<\/span><\/a><\/sup>, nome tradizionale ma probabilmente errato perch\u00e9 specifico invece del tempio dedicato a Era presso il\u00a0<i><a title=\"Area archeologica di Capo Colonna\" href=\"https:\/\/it.wikipedia.org\/wiki\/Area_archeologica_di_Capo_Colonna\">promontorium Lacinium<\/a><\/i>\u00a0a\u00a0<a title=\"Capo Colonna\" href=\"https:\/\/it.wikipedia.org\/wiki\/Capo_Colonna\">Capo Colonna<\/a>\u00a0non lontano da\u00a0<a title=\"Crotone\" href=\"https:\/\/it.wikipedia.org\/wiki\/Crotone\">Crotone<\/a><sup id=\"cite_ref-3\" class=\"reference\"><a href=\"https:\/\/it.wikipedia.org\/wiki\/Tempio_di_Giunone_(Agrigento)#cite_note-3\"><span class=\"cite-bracket\">[<\/span>3<span class=\"cite-bracket\">]<\/span><\/a><\/sup>. In realt\u00e0 per anni si \u00e8 dubitato della dedica del tempio a\u00a0<a title=\"Era (divinit\u00e0)\" href=\"https:\/\/it.wikipedia.org\/wiki\/Era_(divinit%C3%A0)\">Era<\/a><sup id=\"cite_ref-4\" class=\"reference\"><a href=\"https:\/\/it.wikipedia.org\/wiki\/Tempio_di_Giunone_(Agrigento)#cite_note-4\"><span class=\"cite-bracket\">[<\/span>4<span class=\"cite-bracket\">]<\/span><\/a><\/sup>, fino a che non si \u00e8 scoperto che fosse dedicato alla dea\u00a0<a title=\"Atena\" href=\"https:\/\/it.wikipedia.org\/wiki\/Atena\">Atena<\/a><sup id=\"cite_ref-5\" class=\"reference\"><a href=\"https:\/\/it.wikipedia.org\/wiki\/Tempio_di_Giunone_(Agrigento)#cite_note-5\"><span class=\"cite-bracket\">[<\/span>5<span class=\"cite-bracket\">]<\/span><\/a><\/sup>.<\/p>\n<div class=\"mw-heading mw-heading2\">\n<h2 id=\"Il_tempio\">Il tempio<\/h2>\n<p><span class=\"mw-editsection\"><span class=\"mw-editsection-bracket\">[<\/span><a class=\"mw-editsection-visualeditor\" title=\"Modifica la sezione Il tempio\" href=\"https:\/\/it.wikipedia.org\/w\/index.php?title=Tempio_di_Giunone_(Agrigento)&amp;veaction=edit&amp;section=1\">modifica<\/a><span class=\"mw-editsection-divider\">\u00a0|\u00a0<\/span><a title=\"Edit section's source code: Il tempio\" href=\"https:\/\/it.wikipedia.org\/w\/index.php?title=Tempio_di_Giunone_(Agrigento)&amp;action=edit&amp;section=1\">modifica wikitesto<\/a><span class=\"mw-editsection-bracket\">]<\/span><\/span><\/p>\n<\/div>\n<div class=\"itwiki-template-citazione\">\n<div class=\"itwiki-template-citazione-singola\">\n<p>\u00abArrivammo presto all&#8217;estremit\u00e0 orientale della citt\u00e0, dove i ruderi del tempio di Giunone cadono ogni anno sempre pi\u00f9 in rovina per la corrosione prodotta dall&#8217;aria e dalle intemperie sulla pietra porosa.\u00bb<\/p>\n<\/div>\n<p class=\"itwiki-template-citazione-footer\">(<small><a title=\"Johann Wolfgang von Goethe\" href=\"https:\/\/it.wikipedia.org\/wiki\/Johann_Wolfgang_von_Goethe\">Johann Wolfgang von Goethe<\/a>,\u00a0<i>Viaggio in Italia<\/i><\/small>)<\/p>\n<\/div>\n<p>Fu edificato nella seconda met\u00e0 del V secolo a.C., intorno al 450 a.C. e appartiene come epoca e come stile al periodo del dorico classico. Sono stati rilevati segni dell&#8217;incendio del\u00a0<a title=\"406 a.C.\" href=\"https:\/\/it.wikipedia.org\/wiki\/406_a.C.\">406 a.C.<\/a>\u00a0dopo il quale \u00e8 stato restaurato in\u00a0<a title=\"Storia della Sicilia\" href=\"https:\/\/it.wikipedia.org\/wiki\/Storia_della_Sicilia\">et\u00e0 romana<\/a>, con la sostituzione delle originarie\u00a0<a title=\"Tegola\" href=\"https:\/\/it.wikipedia.org\/wiki\/Tegola\">tegole<\/a>\u00a0<a title=\"Terracotta\" href=\"https:\/\/it.wikipedia.org\/wiki\/Terracotta\">fittili<\/a>\u00a0con altre\u00a0<a title=\"Marmo\" href=\"https:\/\/it.wikipedia.org\/wiki\/Marmo\">marmoree<\/a>\u00a0e con l&#8217;aggiunta del piano inclinato alla fronte orientale.<\/p>\n<figure class=\"mw-default-size mw-halign-left\"><a class=\"mw-file-description\" href=\"https:\/\/it.wikipedia.org\/wiki\/File:Agrigento-TempleD-Plan-bjs.png\"><img loading=\"lazy\" decoding=\"async\" class=\"mw-file-element\" src=\"https:\/\/upload.wikimedia.org\/wikipedia\/commons\/thumb\/c\/c0\/Agrigento-TempleD-Plan-bjs.png\/220px-Agrigento-TempleD-Plan-bjs.png\" srcset=\"\/\/upload.wikimedia.org\/wikipedia\/commons\/thumb\/c\/c0\/Agrigento-TempleD-Plan-bjs.png\/330px-Agrigento-TempleD-Plan-bjs.png 1.5x, \/\/upload.wikimedia.org\/wikipedia\/commons\/thumb\/c\/c0\/Agrigento-TempleD-Plan-bjs.png\/440px-Agrigento-TempleD-Plan-bjs.png 2x\" width=\"220\" height=\"136\" data-file-width=\"926\" data-file-height=\"573\" \/><\/a>\n<figcaption>Pianta del tempio<\/figcaption>\n<\/figure>\n<p>L&#8217;edificio \u00e8 un tempio dorico\u00a0<a title=\"Periptero\" href=\"https:\/\/it.wikipedia.org\/wiki\/Periptero\">periptero<\/a>\u00a0con 6\u00a0<a title=\"Colonna\" href=\"https:\/\/it.wikipedia.org\/wiki\/Colonna\">colonne<\/a>\u00a0sui lati corti (esastilo) e 13 sui fianchi, secondo un canone derivato dai modelli della madrepatria ed utilizzato anche per il\u00a0<a title=\"Tempio della Concordia (Agrigento)\" href=\"https:\/\/it.wikipedia.org\/wiki\/Tempio_della_Concordia_(Agrigento)\">tempio &#8220;gemello&#8221; della Concordia<\/a>\u00a0con il quale \u00e8 accomunato anche dalle dimensioni generali e dalle misure, quasi standardizzate di alcuni elementi costruttivi. Le dimensioni complessive sono di circa m 38,15&#215;16,90.<\/p>\n<p>Il fronte presenta interassi leggermente diversi con la contrazione di quelli terminali e l&#8217;enfatizzazione di quello centrale.<\/p>\n<p>Il\u00a0<a title=\"Peristilio\" href=\"https:\/\/it.wikipedia.org\/wiki\/Peristilio\">peristilio<\/a>\u00a0di 34 colonne alte 6 metri e 44 centimetri e costituite da 4 rocchi sovrapposti, poggia su un\u00a0<a title=\"Crepidoma\" href=\"https:\/\/it.wikipedia.org\/wiki\/Crepidoma\">crepidoma<\/a>\u00a0di quattro gradini. Edificato su di uno sperone con un rialzo risulta in gran parte costruito artificialmente.<\/p>\n<p>L&#8217;interno \u00e8 costituito da un\u00a0<i><a title=\"Cella (architettura)\" href=\"https:\/\/it.wikipedia.org\/wiki\/Cella_(architettura)\">naos<\/a><\/i>\u00a0senza colonnato interno, del tipo\u00a0<i>doppio in antis<\/i>, dotato di\u00a0<a title=\"Pronao\" href=\"https:\/\/it.wikipedia.org\/wiki\/Pronao\">pronao<\/a>\u00a0e\u00a0<a title=\"Opistodomo\" href=\"https:\/\/it.wikipedia.org\/wiki\/Opistodomo\">opistodomo<\/a>\u00a0simmetrici, entrambi incorniciati da gruppi di due colonne (<i>distili<\/i>). Due scale per l&#8217;ispezione alla copertura o per motivi di culto, erano presenti nella muratura di separazione tra naos e pronaos (<i>diaframma<\/i>).<\/p>\n<p>All&#8217;inizio del XXI secolo, si conserva il colonnato settentrionale con l&#8217;<a title=\"Architrave\" href=\"https:\/\/it.wikipedia.org\/wiki\/Architrave\">epistilio<\/a>\u00a0e parte del\u00a0<a title=\"Fregio\" href=\"https:\/\/it.wikipedia.org\/wiki\/Fregio\">fregio<\/a>, mentre i colonnati sugli altri tre lati sono conservati solo parzialmente (mancano 4 colonne e 9 sono smozzate), e senza architrave. Pochi sono gli elementi rimasti della\u00a0<a title=\"Cella (architettura)\" href=\"https:\/\/it.wikipedia.org\/wiki\/Cella_(architettura)\">cella<\/a>\u00a0di cui rimane la parte bassa della muratura che la delimitata. L&#8217;edificio \u00e8 stato cos\u00ec ricostruito mediante\u00a0<a title=\"Anastilosi\" href=\"https:\/\/it.wikipedia.org\/wiki\/Anastilosi\">anastilosi<\/a>\u00a0fin dal\u00a0<a title=\"XVIII secolo\" href=\"https:\/\/it.wikipedia.org\/wiki\/XVIII_secolo\">Settecento<\/a>\u00a0ad oggi. Davanti al fronte principale (orientale) ci sono notevoli resti dell&#8217;<a title=\"Altare\" href=\"https:\/\/it.wikipedia.org\/wiki\/Altare\">altare<\/a>.<\/p>\n<div class=\"mw-heading mw-heading2\">\n<h2 id=\"Galleria_d'immagini\"><span id=\"Galleria_d.27immagini\"><\/span>Galleria d&#8217;immagini<\/h2>\n<p><span class=\"mw-editsection\"><span class=\"mw-editsection-bracket\">[<\/span><a class=\"mw-editsection-visualeditor\" title=\"Modifica la sezione Galleria d'immagini\" href=\"https:\/\/it.wikipedia.org\/w\/index.php?title=Tempio_di_Giunone_(Agrigento)&amp;veaction=edit&amp;section=2\">modifica<\/a><span class=\"mw-editsection-divider\">\u00a0|\u00a0<\/span><a title=\"Edit section's source code: Galleria d'immagini\" href=\"https:\/\/it.wikipedia.org\/w\/index.php?title=Tempio_di_Giunone_(Agrigento)&amp;action=edit&amp;section=2\">modifica wikitesto<\/a><span class=\"mw-editsection-bracket\">]<\/span><\/span><\/p>\n<\/div>\n<ul class=\"gallery mw-gallery-packed\">\n<li class=\"gallerybox\">\n<div class=\"thumb\"><a class=\"mw-file-description\" href=\"https:\/\/it.wikipedia.org\/wiki\/File:Valle_dei_Templi_3052.jpg\"><img loading=\"lazy\" decoding=\"async\" class=\"mw-file-element\" src=\"https:\/\/upload.wikimedia.org\/wikipedia\/commons\/thumb\/a\/a5\/Valle_dei_Templi_3052.jpg\/405px-Valle_dei_Templi_3052.jpg\" srcset=\"\/\/upload.wikimedia.org\/wikipedia\/commons\/thumb\/a\/a5\/Valle_dei_Templi_3052.jpg\/608px-Valle_dei_Templi_3052.jpg 1.5x, \/\/upload.wikimedia.org\/wikipedia\/commons\/thumb\/a\/a5\/Valle_dei_Templi_3052.jpg\/810px-Valle_dei_Templi_3052.jpg 2x\" width=\"382\" height=\"255\" data-file-width=\"1800\" data-file-height=\"1200\" \/><\/a><\/div>\n<div class=\"gallerytext\">\u00a0<\/div>\n<\/li>\n<li class=\"gallerybox\">\n<div class=\"thumb\"><a class=\"mw-file-description\" href=\"https:\/\/it.wikipedia.org\/wiki\/File:Temple_of_Hera,_Agrigento_agr2.jpg\"><img loading=\"lazy\" decoding=\"async\" class=\"mw-file-element\" src=\"https:\/\/upload.wikimedia.org\/wikipedia\/commons\/thumb\/f\/f3\/Temple_of_Hera%2C_Agrigento_agr2.jpg\/390px-Temple_of_Hera%2C_Agrigento_agr2.jpg\" srcset=\"\/\/upload.wikimedia.org\/wikipedia\/commons\/thumb\/f\/f3\/Temple_of_Hera%2C_Agrigento_agr2.jpg\/585px-Temple_of_Hera%2C_Agrigento_agr2.jpg 1.5x, \/\/upload.wikimedia.org\/wikipedia\/commons\/thumb\/f\/f3\/Temple_of_Hera%2C_Agrigento_agr2.jpg\/779px-Temple_of_Hera%2C_Agrigento_agr2.jpg 2x\" width=\"368\" height=\"255\" data-file-width=\"2916\" data-file-height=\"2021\" \/><\/a><\/div>\n<div class=\"gallerytext\">\u00a0<\/div>\n<\/li>\n<li class=\"gallerybox\">\n<div class=\"thumb\"><a class=\"mw-file-description\" title=\"Dipinto di Caspar David Friedrich.\" href=\"https:\/\/it.wikipedia.org\/wiki\/File:Junotempel_in_Agrigent_(1828-1830)_-_Caspar_David_Friedrich_(MKK,_Dortmund).jpg\"><img loading=\"lazy\" decoding=\"async\" class=\"mw-file-element\" src=\"https:\/\/upload.wikimedia.org\/wikipedia\/commons\/thumb\/9\/9e\/Junotempel_in_Agrigent_%281828-1830%29_-_Caspar_David_Friedrich_%28MKK%2C_Dortmund%29.jpg\/361px-Junotempel_in_Agrigent_%281828-1830%29_-_Caspar_David_Friedrich_%28MKK%2C_Dortmund%29.jpg\" srcset=\"\/\/upload.wikimedia.org\/wikipedia\/commons\/thumb\/9\/9e\/Junotempel_in_Agrigent_%281828-1830%29_-_Caspar_David_Friedrich_%28MKK%2C_Dortmund%29.jpg\/542px-Junotempel_in_Agrigent_%281828-1830%29_-_Caspar_David_Friedrich_%28MKK%2C_Dortmund%29.jpg 1.5x, \/\/upload.wikimedia.org\/wikipedia\/commons\/thumb\/9\/9e\/Junotempel_in_Agrigent_%281828-1830%29_-_Caspar_David_Friedrich_%28MKK%2C_Dortmund%29.jpg\/723px-Junotempel_in_Agrigent_%281828-1830%29_-_Caspar_David_Friedrich_%28MKK%2C_Dortmund%29.jpg 2x\" alt=\"Dipinto di Caspar David Friedrich.\" width=\"341\" height=\"255\" data-file-width=\"2536\" data-file-height=\"1895\" \/><\/a><\/div>\n<div class=\"gallerytext\">Dipinto di Caspar David Friedrich.<\/div>\n<\/li>\n<li class=\"gallerybox\">\n<div class=\"thumb\"><a class=\"mw-file-description\" title=\"L'altare\" href=\"https:\/\/it.wikipedia.org\/wiki\/File:Large_altar_of_the_Temple_of_hera_or_a_ramp,_Roman_Age,_Agrigento,_120735.jpg\"><img loading=\"lazy\" decoding=\"async\" class=\"mw-file-element\" src=\"https:\/\/upload.wikimedia.org\/wikipedia\/commons\/thumb\/c\/c5\/Large_altar_of_the_Temple_of_hera_or_a_ramp%2C_Roman_Age%2C_Agrigento%2C_120735.jpg\/406px-Large_altar_of_the_Temple_of_hera_or_a_ramp%2C_Roman_Age%2C_Agrigento%2C_120735.jpg\" srcset=\"\/\/upload.wikimedia.org\/wikipedia\/commons\/thumb\/c\/c5\/Large_altar_of_the_Temple_of_hera_or_a_ramp%2C_Roman_Age%2C_Agrigento%2C_120735.jpg\/609px-Large_altar_of_the_Temple_of_hera_or_a_ramp%2C_Roman_Age%2C_Agrigento%2C_120735.jpg 1.5x, \/\/upload.wikimedia.org\/wikipedia\/commons\/thumb\/c\/c5\/Large_altar_of_the_Temple_of_hera_or_a_ramp%2C_Roman_Age%2C_Agrigento%2C_120735.jpg\/811px-Large_altar_of_the_Temple_of_hera_or_a_ramp%2C_Roman_Age%2C_Agrigento%2C_120735.jpg 2x\" alt=\"L'altare\" width=\"384\" height=\"255\" data-file-width=\"3471\" data-file-height=\"2311\" \/><\/a><\/div>\n<div class=\"gallerytext\">L&#8217;altare<\/div>\n<\/li>\n<\/ul>","protected":false},"excerpt":{"rendered":"<p>Il\u00a0tempio di Atena (ex tempio di Era), noto anche come\u00a0tempio di Giunone\u00a0(dal nome romano della\u00a0dea) o\u00a0tempio D, \u00e8 un\u00a0tempio greco\u00a0dell&#8217;antica citt\u00e0 di\u00a0Akragas\u00a0sito nella\u00a0Valle dei Templi\u00a0di\u00a0Agrigento. Al nome della divinit\u00e0 viene spesso associato l&#8217;epiteto\u00a0Lacinia[2][1], nome tradizionale ma probabilmente errato perch\u00e9 specifico invece del tempio dedicato a Era presso il\u00a0promontorium Lacinium\u00a0a\u00a0Capo Colonna\u00a0non &#8230;<\/p>\n<p class=\"continue-reading-button\"> <a class=\"continue-reading-link\" href=\"http:\/\/www.bellasicilia.org\/index.php\/2024\/11\/12\/tempio-di-giunone\/\">Continue reading<i class=\"crycon-right-dir\"><\/i><\/a><\/p>\n","protected":false},"author":1,"featured_media":36,"comment_status":"open","ping_status":"open","sticky":false,"template":"","format":"standard","meta":{"footnotes":""},"categories":[2],"tags":[],"class_list":["post-35","post","type-post","status-publish","format-standard","has-post-thumbnail","hentry","category-monumenti"],"_links":{"self":[{"href":"http:\/\/www.bellasicilia.org\/index.php\/wp-json\/wp\/v2\/posts\/35","targetHints":{"allow":["GET"]}}],"collection":[{"href":"http:\/\/www.bellasicilia.org\/index.php\/wp-json\/wp\/v2\/posts"}],"about":[{"href":"http:\/\/www.bellasicilia.org\/index.php\/wp-json\/wp\/v2\/types\/post"}],"author":[{"embeddable":true,"href":"http:\/\/www.bellasicilia.org\/index.php\/wp-json\/wp\/v2\/users\/1"}],"replies":[{"embeddable":true,"href":"http:\/\/www.bellasicilia.org\/index.php\/wp-json\/wp\/v2\/comments?post=35"}],"version-history":[{"count":2,"href":"http:\/\/www.bellasicilia.org\/index.php\/wp-json\/wp\/v2\/posts\/35\/revisions"}],"predecessor-version":[{"id":66,"href":"http:\/\/www.bellasicilia.org\/index.php\/wp-json\/wp\/v2\/posts\/35\/revisions\/66"}],"wp:featuredmedia":[{"embeddable":true,"href":"http:\/\/www.bellasicilia.org\/index.php\/wp-json\/wp\/v2\/media\/36"}],"wp:attachment":[{"href":"http:\/\/www.bellasicilia.org\/index.php\/wp-json\/wp\/v2\/media?parent=35"}],"wp:term":[{"taxonomy":"category","embeddable":true,"href":"http:\/\/www.bellasicilia.org\/index.php\/wp-json\/wp\/v2\/categories?post=35"},{"taxonomy":"post_tag","embeddable":true,"href":"http:\/\/www.bellasicilia.org\/index.php\/wp-json\/wp\/v2\/tags?post=35"}],"curies":[{"name":"wp","href":"https:\/\/api.w.org\/{rel}","templated":true}]}}