{"id":32,"date":"2024-11-12T21:32:53","date_gmt":"2024-11-12T20:32:53","guid":{"rendered":"http:\/\/www.bellasicilia.org\/?p=32"},"modified":"2024-11-23T18:15:47","modified_gmt":"2024-11-23T17:15:47","slug":"tempio-di-eracle","status":"publish","type":"post","link":"http:\/\/www.bellasicilia.org\/index.php\/2024\/11\/12\/tempio-di-eracle\/","title":{"rendered":"Tempio di Eracle"},"content":{"rendered":"\n<figure class=\"wp-block-image size-full\"><img loading=\"lazy\" decoding=\"async\" width=\"800\" height=\"450\" src=\"http:\/\/www.bellasicilia.org\/wp-content\/uploads\/2024\/11\/Tempio-di-Eracle.jpg\" alt=\"\" class=\"wp-image-63\" srcset=\"http:\/\/www.bellasicilia.org\/wp-content\/uploads\/2024\/11\/Tempio-di-Eracle.jpg 800w, http:\/\/www.bellasicilia.org\/wp-content\/uploads\/2024\/11\/Tempio-di-Eracle-300x169.jpg 300w, http:\/\/www.bellasicilia.org\/wp-content\/uploads\/2024\/11\/Tempio-di-Eracle-768x432.jpg 768w, http:\/\/www.bellasicilia.org\/wp-content\/uploads\/2024\/11\/Tempio-di-Eracle-150x84.jpg 150w\" sizes=\"auto, (max-width: 800px) 100vw, 800px\" \/><\/figure>\n\n\n<p>Il\u00a0<b>tempio di Eracle<\/b>, o\u00a0<b><a title=\"Tempio\" href=\"https:\/\/it.wikipedia.org\/wiki\/Tempio\">tempio<\/a>\u00a0di Ercole<\/b>\u00a0(dal nome romano dell&#8217;eroe), \u00e8 un\u00a0<a title=\"Tempio greco\" href=\"https:\/\/it.wikipedia.org\/wiki\/Tempio_greco\">tempio greco<\/a>\u00a0dell&#8217;antica citt\u00e0 di\u00a0<a title=\"Akragas\" href=\"https:\/\/it.wikipedia.org\/wiki\/Akragas\">Akragas<\/a>\u00a0situato nella\u00a0<a title=\"Valle dei Templi\" href=\"https:\/\/it.wikipedia.org\/wiki\/Valle_dei_Templi\">Valle dei Templi<\/a>\u00a0di\u00a0<a title=\"Agrigento\" href=\"https:\/\/it.wikipedia.org\/wiki\/Agrigento\">Agrigento<\/a><sup id=\"cite_ref-1\" class=\"reference\"><a href=\"https:\/\/it.wikipedia.org\/wiki\/Tempio_di_Eracle#cite_note-1\"><span class=\"cite-bracket\">[<\/span>1<span class=\"cite-bracket\">]<\/span><\/a><\/sup>.<\/p>\n<p>L&#8217;edificio, di stile\u00a0<a title=\"Ordine dorico\" href=\"https:\/\/it.wikipedia.org\/wiki\/Ordine_dorico\">dorico<\/a>\u00a0arcaico, si trova sulla collina dei Templi, su uno sprone roccioso vicino alla\u00a0<a class=\"new\" title=\"Villa Aurea (la pagina non esiste)\" href=\"https:\/\/it.wikipedia.org\/w\/index.php?title=Villa_Aurea&amp;action=edit&amp;redlink=1\">Villa Aurea<\/a>. La denominazione\u00a0<i>tempio di Ercole<\/i>\u00a0\u00e8 un&#8217;attribuzione della cultura umanistica, basata sulla menzione ciceroniana (<i>Verrine<\/i>, II 4,94) di un tempio dedicato all&#8217;eroe\u00a0<i>non longe a foro<\/i>, contenente una famosa statua di Ercole. Che l&#8217;<a title=\"Agor\u00e0\" href=\"https:\/\/it.wikipedia.org\/wiki\/Agor%C3%A0\">agor\u00e0<\/a>\u00a0di\u00a0<a title=\"Akragas\" href=\"https:\/\/it.wikipedia.org\/wiki\/Akragas\">Akragas<\/a>\u00a0sorgesse in questo posto non \u00e8 per\u00f2 dimostrato; tuttavia l&#8217;identificazione \u00e8 generalmente accettata.<sup id=\"cite_ref-2\" class=\"reference\"><a href=\"https:\/\/it.wikipedia.org\/wiki\/Tempio_di_Eracle#cite_note-2\"><span class=\"cite-bracket\">[<\/span>2<span class=\"cite-bracket\">]<\/span><\/a><\/sup><\/p>\n<div class=\"mw-heading mw-heading2\">\n<h2 id=\"Storia\">Storia<\/h2>\n<p><span class=\"mw-editsection\"><span class=\"mw-editsection-bracket\">[<\/span><a class=\"mw-editsection-visualeditor\" title=\"Modifica la sezione Storia\" href=\"https:\/\/it.wikipedia.org\/w\/index.php?title=Tempio_di_Eracle&amp;veaction=edit&amp;section=1\">modifica<\/a><span class=\"mw-editsection-divider\">\u00a0|\u00a0<\/span><a title=\"Edit section's source code: Storia\" href=\"https:\/\/it.wikipedia.org\/w\/index.php?title=Tempio_di_Eracle&amp;action=edit&amp;section=1\">modifica wikitesto<\/a><span class=\"mw-editsection-bracket\">]<\/span><\/span><\/p>\n<\/div>\n<div class=\"thumb tleft\">\n<div class=\"thumbinner\">\n<div class=\"tsingle\">\n<div class=\"thumbimage\"><a class=\"mw-file-description\" href=\"https:\/\/it.wikipedia.org\/wiki\/File:Temple_of_Heracles_-_Agrigento_-_Italy_2015.JPG\"><img loading=\"lazy\" decoding=\"async\" class=\"mw-file-element\" src=\"https:\/\/upload.wikimedia.org\/wikipedia\/commons\/thumb\/6\/60\/Temple_of_Heracles_-_Agrigento_-_Italy_2015.JPG\/250px-Temple_of_Heracles_-_Agrigento_-_Italy_2015.JPG\" srcset=\"\/\/upload.wikimedia.org\/wikipedia\/commons\/thumb\/6\/60\/Temple_of_Heracles_-_Agrigento_-_Italy_2015.JPG\/375px-Temple_of_Heracles_-_Agrigento_-_Italy_2015.JPG 1.5x, \/\/upload.wikimedia.org\/wikipedia\/commons\/thumb\/6\/60\/Temple_of_Heracles_-_Agrigento_-_Italy_2015.JPG\/500px-Temple_of_Heracles_-_Agrigento_-_Italy_2015.JPG 2x\" alt=\"\" width=\"250\" height=\"167\" data-file-width=\"3072\" data-file-height=\"2048\" \/><\/a><\/div>\n<\/div>\n<div>\u00a0<\/div>\n<div class=\"tsingle\">\n<div class=\"thumbimage\"><a class=\"mw-file-description\" href=\"https:\/\/it.wikipedia.org\/wiki\/File:Temple_of_Heracles_-_Agrigento_-_Italy_2015_(5).JPG\"><img loading=\"lazy\" decoding=\"async\" class=\"mw-file-element\" src=\"https:\/\/upload.wikimedia.org\/wikipedia\/commons\/thumb\/5\/5c\/Temple_of_Heracles_-_Agrigento_-_Italy_2015_%285%29.JPG\/250px-Temple_of_Heracles_-_Agrigento_-_Italy_2015_%285%29.JPG\" srcset=\"\/\/upload.wikimedia.org\/wikipedia\/commons\/thumb\/5\/5c\/Temple_of_Heracles_-_Agrigento_-_Italy_2015_%285%29.JPG\/375px-Temple_of_Heracles_-_Agrigento_-_Italy_2015_%285%29.JPG 1.5x, \/\/upload.wikimedia.org\/wikipedia\/commons\/thumb\/5\/5c\/Temple_of_Heracles_-_Agrigento_-_Italy_2015_%285%29.JPG\/500px-Temple_of_Heracles_-_Agrigento_-_Italy_2015_%285%29.JPG 2x\" alt=\"\" width=\"250\" height=\"177\" data-file-width=\"2880\" data-file-height=\"2043\" \/><\/a><\/div>\n<\/div>\n<div>\u00a0<\/div>\n<\/div>\n<\/div>\n<p>La cronologia tradizionalmente accettata del tempio, lo identifica come il pi\u00f9 arcaico dei templi agrigentini, risalente agli ultimi anni del\u00a0<a title=\"VI secolo a.C.\" href=\"https:\/\/it.wikipedia.org\/wiki\/VI_secolo_a.C.\">VI secolo a.C.<\/a>.<sup id=\"cite_ref-3\" class=\"reference\"><a href=\"https:\/\/it.wikipedia.org\/wiki\/Tempio_di_Eracle#cite_note-3\"><span class=\"cite-bracket\">[<\/span>3<span class=\"cite-bracket\">]<\/span><\/a><\/sup>\u00a0Tale datazione \u00e8 basata sui caratteri stilistici e soprattutto su proporzioni, numero delle\u00a0<a title=\"Colonna\" href=\"https:\/\/it.wikipedia.org\/wiki\/Colonna\">colonne<\/a>, profilo della colonna e del\u00a0<a title=\"Capitello\" href=\"https:\/\/it.wikipedia.org\/wiki\/Capitello\">capitello<\/a>. Tuttavia alcuni riconducono il tempio all&#8217;attivit\u00e0 di\u00a0<a title=\"Terone\" href=\"https:\/\/it.wikipedia.org\/wiki\/Terone\">Terone<\/a>, poich\u00e9 presenterebbe innovazioni rispetto alla prassi architettonica del\u00a0<a title=\"VI secolo a.C.\" href=\"https:\/\/it.wikipedia.org\/wiki\/VI_secolo_a.C.\">VI secolo a.C.<\/a>.<sup id=\"cite_ref-4\" class=\"reference\"><a href=\"https:\/\/it.wikipedia.org\/wiki\/Tempio_di_Eracle#cite_note-4\"><span class=\"cite-bracket\">[<\/span>4<span class=\"cite-bracket\">]<\/span><\/a><\/sup><\/p>\n<p>Si potrebbe in tal caso trattare del tempio di\u00a0<a title=\"Atena\" href=\"https:\/\/it.wikipedia.org\/wiki\/Atena\">Atena<\/a>\u00a0ricordato da\u00a0<a title=\"Polieno (retore)\" href=\"https:\/\/it.wikipedia.org\/wiki\/Polieno_(retore)\">Polieno<\/a>\u00a0(<i>Stratagemmi<\/i>, VI 51) in relazione all&#8217;attivit\u00e0 edificatoria di Terone, in corrispondenza della sua presa del potere.<\/p>\n<p>Anche i resti della\u00a0<a title=\"Trabeazione\" href=\"https:\/\/it.wikipedia.org\/wiki\/Trabeazione\">trabeazione<\/a>\u00a0costituiscono un problema di datazione, poich\u00e9 conosciamo due tipi di\u00a0<a title=\"Cimasa\" href=\"https:\/\/it.wikipedia.org\/wiki\/Cimasa\">sime<\/a>\u00a0laterali con\u00a0<a title=\"Grondaia\" href=\"https:\/\/it.wikipedia.org\/wiki\/Grondaia\">gronda<\/a>\u00a0a testa leonina, una prima \u2013 meno conservata dell&#8217;altra \u2013 databile al\u00a0<a title=\"Anni 460 a.C.\" href=\"https:\/\/it.wikipedia.org\/wiki\/Anni_460_a.C.\">470-60 a.C.<\/a>\u00a0e una seconda della met\u00e0 circa del\u00a0<a title=\"V secolo a.C.\" href=\"https:\/\/it.wikipedia.org\/wiki\/V_secolo_a.C.\">V secolo a.C.<\/a>: probabilmente la prima gronda \u00e8 quella originaria, e la seconda una sostituzione pi\u00f9 tarda di pochi decenni (per motivi a noi sconosciuti), e che dunque il tempio si dati, nella sua fondazione, agli anni anteriori alla battaglia di\u00a0<a class=\"mw-redirect\" title=\"Himera\" href=\"https:\/\/it.wikipedia.org\/wiki\/Himera\">Himera<\/a>; il completamento sarebbe da collocare un decennio dopo, o poco pi\u00f9.<\/p>\n<p>L&#8217;edificio sub\u00ec restauri d&#8217;et\u00e0 romana ed in particolare la tripartizione della cella che potrebbe indicare una dedicazione a varie divinit\u00e0.<\/p>\n<p>Nel\u00a0<a title=\"1787\" href=\"https:\/\/it.wikipedia.org\/wiki\/1787\">1787<\/a>\u00a0<a title=\"Johann Wolfgang von Goethe\" href=\"https:\/\/it.wikipedia.org\/wiki\/Johann_Wolfgang_von_Goethe\">Goethe<\/a>\u00a0visitando le rovine del tempio lasci\u00f2 questa descrizione ne\u00a0<i>Il viaggio in Italia<\/i>:<\/p>\n<div class=\"itwiki-template-citazione\">\n<div class=\"itwiki-template-citazione-singola\">\n<p>\u00abIl\u00a0<i>tempio di Ercole<\/i>, invece, lascia ancora scorgere tracce dell&#8217;antica simmetria. Le due file di colonne che fiancheggiavano il tempio dai due lati giacciono a terra nella stessa direzione nord-sud, come se si fossero rovesciate tutte insieme, le une verso l&#8217;alto e le altre verso il basso d&#8217;una collina che si direbbe sia stata prodotta dal crollo della cella. Tenute insieme probabilmente solo dalla trabeazione, le colonne precipitarono di colpo, forse in conseguenza d&#8217;un violento uragano, e ora sono distese allineate, spartite nei blocchi che le componevano.\u00bb<\/p>\n<\/div>\n<p class=\"itwiki-template-citazione-footer\">(<small>Johann Wolfgang von Goethe,\u00a0<i>Viaggio in Italia<\/i><\/small>)<\/p>\n<\/div>\n<p>Nel\u00a0<a title=\"XX secolo\" href=\"https:\/\/it.wikipedia.org\/wiki\/XX_secolo\">XX secolo<\/a>\u00a0interventi di restauro hanno reso possibile la ricostruzione per\u00a0<a title=\"Anastilosi\" href=\"https:\/\/it.wikipedia.org\/wiki\/Anastilosi\">anastilosi<\/a>\u00a0di nove delle colonne del un fronte laterale sud-ovest, anche se privo di trabeazione e di alcuni capitelli.<\/p>\n<div class=\"mw-heading mw-heading2\">\n<h2 id=\"Caratteristiche_architettoniche\">Caratteristiche architettoniche<\/h2>\n<p><span class=\"mw-editsection\"><span class=\"mw-editsection-bracket\">[<\/span><a class=\"mw-editsection-visualeditor\" title=\"Modifica la sezione Caratteristiche architettoniche\" href=\"https:\/\/it.wikipedia.org\/w\/index.php?title=Tempio_di_Eracle&amp;veaction=edit&amp;section=2\">modifica<\/a><span class=\"mw-editsection-divider\">\u00a0|\u00a0<\/span><a title=\"Edit section's source code: Caratteristiche architettoniche\" href=\"https:\/\/it.wikipedia.org\/w\/index.php?title=Tempio_di_Eracle&amp;action=edit&amp;section=2\">modifica wikitesto<\/a><span class=\"mw-editsection-bracket\">]<\/span><\/span><\/p>\n<\/div>\n<figure class=\"mw-default-size mw-halign-left\"><a class=\"mw-file-description\" href=\"https:\/\/it.wikipedia.org\/wiki\/File:Agrigento-TempleA-Plan-bjs.png\"><img loading=\"lazy\" decoding=\"async\" class=\"mw-file-element\" src=\"https:\/\/upload.wikimedia.org\/wikipedia\/commons\/thumb\/a\/a4\/Agrigento-TempleA-Plan-bjs.png\/220px-Agrigento-TempleA-Plan-bjs.png\" srcset=\"\/\/upload.wikimedia.org\/wikipedia\/commons\/thumb\/a\/a4\/Agrigento-TempleA-Plan-bjs.png\/330px-Agrigento-TempleA-Plan-bjs.png 1.5x, \/\/upload.wikimedia.org\/wikipedia\/commons\/thumb\/a\/a4\/Agrigento-TempleA-Plan-bjs.png\/440px-Agrigento-TempleA-Plan-bjs.png 2x\" width=\"220\" height=\"136\" data-file-width=\"926\" data-file-height=\"573\" \/><\/a>\n<figcaption>Schema planimetrico<\/figcaption>\n<\/figure>\n<p>L&#8217;edificio, sorge sopra un\u00a0<i><a title=\"Crepidoma\" href=\"https:\/\/it.wikipedia.org\/wiki\/Crepidoma\">krepidoma<\/a><\/i>\u00a0di tre gradini posto su una\u00a0<a title=\"Sostruzione\" href=\"https:\/\/it.wikipedia.org\/wiki\/Sostruzione\">sostruzione<\/a>\u00a0per i lati nord e ovest. Si tratta di un tempio\u00a0<a title=\"Periptero\" href=\"https:\/\/it.wikipedia.org\/wiki\/Periptero\">periptero<\/a>\u00a0di proporzioni allungate (m 67&#215;25,34); presenta un fronte con sei colonne doriche (esastilo) e colonnati laterali con 15 colonne. All&#8217;interno della\u00a0<a title=\"Peristasi\" href=\"https:\/\/it.wikipedia.org\/wiki\/Peristasi\">peristasi<\/a>\u00a0si trovava una lunga\u00a0<a title=\"Cella (architettura)\" href=\"https:\/\/it.wikipedia.org\/wiki\/Cella_(architettura)\">cella<\/a>\u00a0munita di\u00a0<a title=\"Pronao\" href=\"https:\/\/it.wikipedia.org\/wiki\/Pronao\">pronao<\/a>\u00a0ed\u00a0<a title=\"Opistodomo\" href=\"https:\/\/it.wikipedia.org\/wiki\/Opistodomo\">opistodomo<\/a>\u00a0entrambi\u00a0<i><a class=\"mw-redirect\" title=\"In antis\" href=\"https:\/\/it.wikipedia.org\/wiki\/In_antis\">in antis<\/a><\/i>, i cui resti sembrano indicare la distruzione dell&#8217;edificio a causa di un\u00a0<a title=\"Terremoto\" href=\"https:\/\/it.wikipedia.org\/wiki\/Terremoto\">sisma<\/a>.<\/p>\n<p>Nei resti dell&#8217;edificio si riconosce la presenza di scalette interne per l&#8217;ispezione del tetto poste dei piloni tra\u00a0<a title=\"Pronao\" href=\"https:\/\/it.wikipedia.org\/wiki\/Pronao\">pronao<\/a>\u00a0e cella, che diventeranno una presenza tipica nei templi agrigentini. Le colonne, molto alte, sono munite di\u00a0<a title=\"Capitello\" href=\"https:\/\/it.wikipedia.org\/wiki\/Capitello\">capitelli<\/a>\u00a0assai espansi, con profonda gola tra fusto ed\u00a0<a title=\"Echino (architettura)\" href=\"https:\/\/it.wikipedia.org\/wiki\/Echino_(architettura)\">echino<\/a>, tratti questi che denotano, con l&#8217;allungamento della cella e l&#8217;ampia spaziatura dei colonnati rispetto alla cella, il relativo arcaismo dell&#8217;edificio, separato da almeno un trentennio dagli altri templi\u00a0<a title=\"Periptero\" href=\"https:\/\/it.wikipedia.org\/wiki\/Periptero\">peripteri<\/a>\u00a0<a title=\"Ordine dorico\" href=\"https:\/\/it.wikipedia.org\/wiki\/Ordine_dorico\">dorici<\/a>\u00a0agrigentini. Sulla fronte orientale sono i resti del grande\u00a0<a title=\"Altare\" href=\"https:\/\/it.wikipedia.org\/wiki\/Altare\">altare<\/a>\u00a0del tempio.<\/p>","protected":false},"excerpt":{"rendered":"<p>Il\u00a0tempio di Eracle, o\u00a0tempio\u00a0di Ercole\u00a0(dal nome romano dell&#8217;eroe), \u00e8 un\u00a0tempio greco\u00a0dell&#8217;antica citt\u00e0 di\u00a0Akragas\u00a0situato nella\u00a0Valle dei Templi\u00a0di\u00a0Agrigento[1]. L&#8217;edificio, di stile\u00a0dorico\u00a0arcaico, si trova sulla collina dei Templi, su uno sprone roccioso vicino alla\u00a0Villa Aurea. La denominazione\u00a0tempio di Ercole\u00a0\u00e8 un&#8217;attribuzione della cultura umanistica, basata sulla menzione ciceroniana (Verrine, II 4,94) di un tempio &#8230;<\/p>\n<p class=\"continue-reading-button\"> <a class=\"continue-reading-link\" href=\"http:\/\/www.bellasicilia.org\/index.php\/2024\/11\/12\/tempio-di-eracle\/\">Continue reading<i class=\"crycon-right-dir\"><\/i><\/a><\/p>\n","protected":false},"author":1,"featured_media":33,"comment_status":"open","ping_status":"open","sticky":false,"template":"","format":"standard","meta":{"footnotes":""},"categories":[2],"tags":[],"class_list":["post-32","post","type-post","status-publish","format-standard","has-post-thumbnail","hentry","category-monumenti"],"_links":{"self":[{"href":"http:\/\/www.bellasicilia.org\/index.php\/wp-json\/wp\/v2\/posts\/32","targetHints":{"allow":["GET"]}}],"collection":[{"href":"http:\/\/www.bellasicilia.org\/index.php\/wp-json\/wp\/v2\/posts"}],"about":[{"href":"http:\/\/www.bellasicilia.org\/index.php\/wp-json\/wp\/v2\/types\/post"}],"author":[{"embeddable":true,"href":"http:\/\/www.bellasicilia.org\/index.php\/wp-json\/wp\/v2\/users\/1"}],"replies":[{"embeddable":true,"href":"http:\/\/www.bellasicilia.org\/index.php\/wp-json\/wp\/v2\/comments?post=32"}],"version-history":[{"count":2,"href":"http:\/\/www.bellasicilia.org\/index.php\/wp-json\/wp\/v2\/posts\/32\/revisions"}],"predecessor-version":[{"id":64,"href":"http:\/\/www.bellasicilia.org\/index.php\/wp-json\/wp\/v2\/posts\/32\/revisions\/64"}],"wp:featuredmedia":[{"embeddable":true,"href":"http:\/\/www.bellasicilia.org\/index.php\/wp-json\/wp\/v2\/media\/33"}],"wp:attachment":[{"href":"http:\/\/www.bellasicilia.org\/index.php\/wp-json\/wp\/v2\/media?parent=32"}],"wp:term":[{"taxonomy":"category","embeddable":true,"href":"http:\/\/www.bellasicilia.org\/index.php\/wp-json\/wp\/v2\/categories?post=32"},{"taxonomy":"post_tag","embeddable":true,"href":"http:\/\/www.bellasicilia.org\/index.php\/wp-json\/wp\/v2\/tags?post=32"}],"curies":[{"name":"wp","href":"https:\/\/api.w.org\/{rel}","templated":true}]}}