{"id":22,"date":"2024-11-12T19:00:34","date_gmt":"2024-11-12T18:00:34","guid":{"rendered":"http:\/\/www.bellasicilia.org\/?p=22"},"modified":"2024-11-23T18:12:13","modified_gmt":"2024-11-23T17:12:13","slug":"selinunte","status":"publish","type":"post","link":"http:\/\/www.bellasicilia.org\/index.php\/2024\/11\/12\/selinunte\/","title":{"rendered":"Selinunte"},"content":{"rendered":"\n<figure class=\"wp-block-image size-large\"><img loading=\"lazy\" decoding=\"async\" width=\"1024\" height=\"768\" src=\"http:\/\/www.bellasicilia.org\/wp-content\/uploads\/2024\/11\/Selinunte-1024x768.jpg\" alt=\"\" class=\"wp-image-57\" srcset=\"http:\/\/www.bellasicilia.org\/wp-content\/uploads\/2024\/11\/Selinunte-1024x768.jpg 1024w, http:\/\/www.bellasicilia.org\/wp-content\/uploads\/2024\/11\/Selinunte-300x225.jpg 300w, http:\/\/www.bellasicilia.org\/wp-content\/uploads\/2024\/11\/Selinunte-768x576.jpg 768w, http:\/\/www.bellasicilia.org\/wp-content\/uploads\/2024\/11\/Selinunte-1536x1152.jpg 1536w, http:\/\/www.bellasicilia.org\/wp-content\/uploads\/2024\/11\/Selinunte-2048x1536.jpg 2048w, http:\/\/www.bellasicilia.org\/wp-content\/uploads\/2024\/11\/Selinunte-150x113.jpg 150w\" sizes=\"auto, (max-width: 1024px) 100vw, 1024px\" \/><\/figure>\n\n\n<p><b>Selinunte<\/b>\u00a0(in\u00a0<a title=\"Lingua greca antica\" href=\"https:\/\/it.wikipedia.org\/wiki\/Lingua_greca_antica\">greco antico<\/a>:\u00a0<span class=\"polytonic\" dir=\"ltr\" lang=\"grc\">\u03a3\u03b5\u03bb\u03b9\u03bd\u03bf\u1fe6\u03c2<\/span><sup><a title=\"Aiuto:Greco antico\" href=\"https:\/\/it.wikipedia.org\/wiki\/Aiuto:Greco_antico\">?<\/a><\/sup>,\u00a0<i>Selin\u00f9s<\/i>; in\u00a0<a title=\"Lingua latina\" href=\"https:\/\/it.wikipedia.org\/wiki\/Lingua_latina\">latino<\/a>\u00a0<span dir=\"ltr\" lang=\"la\"><i>Selinus<\/i><\/span>) era un&#8217;<a title=\"Storia della Sicilia greca\" href=\"https:\/\/it.wikipedia.org\/wiki\/Storia_della_Sicilia_greca\">antica citt\u00e0<\/a>\u00a0<a title=\"Sicelioti\" href=\"https:\/\/it.wikipedia.org\/wiki\/Sicelioti\">siceliota<\/a>\u00a0situata sulla costa sud-occidentale della\u00a0<a title=\"Sicilia\" href=\"https:\/\/it.wikipedia.org\/wiki\/Sicilia\">Sicilia<\/a>, nell&#8217;odierna\u00a0<a title=\"Provincia di Trapani\" href=\"https:\/\/it.wikipedia.org\/wiki\/Provincia_di_Trapani\">provincia di Trapani<\/a>; \u00e8 il\u00a0<a title=\"Sito archeologico\" href=\"https:\/\/it.wikipedia.org\/wiki\/Sito_archeologico\">parco archeologico<\/a>\u00a0pi\u00f9 esteso d&#8217;Europa<sup id=\"cite_ref-1\" class=\"reference\"><a href=\"https:\/\/it.wikipedia.org\/wiki\/Selinunte#cite_note-1\"><span class=\"cite-bracket\">[<\/span>1<span class=\"cite-bracket\">]<\/span><\/a><\/sup><sup id=\"cite_ref-2\" class=\"reference\"><a href=\"https:\/\/it.wikipedia.org\/wiki\/Selinunte#cite_note-2\"><span class=\"cite-bracket\">[<\/span>2<span class=\"cite-bracket\">]<\/span><\/a><\/sup><sup id=\"cite_ref-3\" class=\"reference\"><a href=\"https:\/\/it.wikipedia.org\/wiki\/Selinunte#cite_note-3\"><span class=\"cite-bracket\">[<\/span>3<span class=\"cite-bracket\">]<\/span><\/a><\/sup>. I ruderi della citt\u00e0 si trovano nel territorio del comune di\u00a0<a title=\"Castelvetrano\" href=\"https:\/\/it.wikipedia.org\/wiki\/Castelvetrano\">Castelvetrano<\/a>, nei pressi della\u00a0<a title=\"Riserva naturale Foce del Fiume Belice e dune limitrofe\" href=\"https:\/\/it.wikipedia.org\/wiki\/Riserva_naturale_Foce_del_Fiume_Belice_e_dune_limitrofe\">foce del Belice<\/a>.<\/p>\n<p>Nel sito archeologico, sull&#8217;<a title=\"Acropoli\" href=\"https:\/\/it.wikipedia.org\/wiki\/Acropoli\">acropoli<\/a>\u00a0vi sono alcuni templi insieme ad altre costruzioni secondarie, mentre altri templi si trovano su una collina poco lontana<sup id=\"cite_ref-Nota1_4-0\" class=\"reference\"><a href=\"https:\/\/it.wikipedia.org\/wiki\/Selinunte#cite_note-Nota1-4\"><span class=\"cite-bracket\">[<\/span>4<span class=\"cite-bracket\">]<\/span><\/a><\/sup>. Le sculture trovate negli scavi di Selinunte si trovano soprattutto nel\u00a0<a class=\"mw-redirect\" title=\"Museo archeologico regionale Antonio Salinas\" href=\"https:\/\/it.wikipedia.org\/wiki\/Museo_archeologico_regionale_Antonio_Salinas\">museo nazionale archeologico<\/a>\u00a0di\u00a0<a title=\"Palermo\" href=\"https:\/\/it.wikipedia.org\/wiki\/Palermo\">Palermo<\/a>; fa eccezione l&#8217;opera pi\u00f9 famosa, l&#8217;<a title=\"Efebo di Selinunte\" href=\"https:\/\/it.wikipedia.org\/wiki\/Efebo_di_Selinunte\">Efebo di Selinunte<\/a>, che oggi \u00e8 esposto presso il museo civico di\u00a0<a title=\"Castelvetrano\" href=\"https:\/\/it.wikipedia.org\/wiki\/Castelvetrano\">Castelvetrano<\/a>.<\/p>\n<p>&nbsp;<\/p>\n<div class=\"mw-heading mw-heading2\">\n<h2 id=\"Storia\">Storia<\/h2>\n<p><span class=\"mw-editsection\"><span class=\"mw-editsection-bracket\">[<\/span><a class=\"mw-editsection-visualeditor\" title=\"Modifica la sezione Storia\" href=\"https:\/\/it.wikipedia.org\/w\/index.php?title=Selinunte&amp;veaction=edit&amp;section=1\">modifica<\/a><span class=\"mw-editsection-divider\">\u00a0|\u00a0<\/span><a title=\"Edit section's source code: Storia\" href=\"https:\/\/it.wikipedia.org\/w\/index.php?title=Selinunte&amp;action=edit&amp;section=1\">modifica wikitesto<\/a><span class=\"mw-editsection-bracket\">]<\/span><\/span><\/p>\n<\/div>\n<div class=\"hatnote noprint vedi-anche\">\n<div class=\"hatnote-content\"><span class=\"noviewer hatnote-icon\"><img loading=\"lazy\" decoding=\"async\" class=\"mw-file-element\" src=\"https:\/\/upload.wikimedia.org\/wikipedia\/commons\/thumb\/8\/87\/Magnifying_glass_icon_mgx2.svg\/18px-Magnifying_glass_icon_mgx2.svg.png\" srcset=\"\/\/upload.wikimedia.org\/wikipedia\/commons\/thumb\/8\/87\/Magnifying_glass_icon_mgx2.svg\/27px-Magnifying_glass_icon_mgx2.svg.png 1.5x, \/\/upload.wikimedia.org\/wikipedia\/commons\/thumb\/8\/87\/Magnifying_glass_icon_mgx2.svg\/36px-Magnifying_glass_icon_mgx2.svg.png 2x\" width=\"18\" height=\"18\" data-file-width=\"286\" data-file-height=\"280\" \/><\/span><span class=\"hatnote-text\">Lo stesso argomento in dettaglio:\u00a0<b><a title=\"Tiranni di Selinunte\" href=\"https:\/\/it.wikipedia.org\/wiki\/Tiranni_di_Selinunte\">Tiranni di Selinunte<\/a><\/b>.<\/span><\/div>\n<\/div>\n<table align=\"left\">\n<tbody>\n<tr>\n<th colspan=\"2\"><i>Selinos<\/i>:\u00a0<a title=\"Statere\" href=\"https:\/\/it.wikipedia.org\/wiki\/Statere\">statere<\/a><\/th>\n<\/tr>\n<tr>\n<td colspan=\"2\"><a class=\"mw-file-description\" href=\"https:\/\/it.wikipedia.org\/wiki\/File:Selinos_SNGANS_666.jpg\"><img loading=\"lazy\" decoding=\"async\" class=\"mw-file-element\" src=\"https:\/\/upload.wikimedia.org\/wikipedia\/commons\/thumb\/e\/e7\/Selinos_SNGANS_666.jpg\/200px-Selinos_SNGANS_666.jpg\" srcset=\"\/\/upload.wikimedia.org\/wikipedia\/commons\/thumb\/e\/e7\/Selinos_SNGANS_666.jpg\/300px-Selinos_SNGANS_666.jpg 1.5x, \/\/upload.wikimedia.org\/wikipedia\/commons\/thumb\/e\/e7\/Selinos_SNGANS_666.jpg\/400px-Selinos_SNGANS_666.jpg 2x\" width=\"200\" height=\"126\" data-file-width=\"453\" data-file-height=\"286\" \/><\/a><\/td>\n<\/tr>\n<tr>\n<td>Foglia di\u00a0<i>selinon<\/i>. Alla base una testa di pantera<\/td>\n<td><a title=\"Incuso\" href=\"https:\/\/it.wikipedia.org\/wiki\/Incuso\">Quadrato incuso<\/a><\/td>\n<\/tr>\n<tr>\n<td colspan=\"2\">AG &#8211; 9,08 g<\/td>\n<\/tr>\n<\/tbody>\n<\/table>\n<p>Selinunte, chiamata dai greci\u00a0<i>Selin\u00f9s<\/i>, deriva il suo nome da \u03c3\u03ad\u03bb\u03b9\u03bd\u03bf\u03bd (<i>s\u00e9linon<\/i>), il\u00a0<a class=\"mw-redirect\" title=\"Sedano\" href=\"https:\/\/it.wikipedia.org\/wiki\/Sedano\">sedano<\/a>\u00a0che tuttora vi cresce selvatico, divenuto simbolo della monetazione della citt\u00e0. La citt\u00e0 ebbe una vita breve (circa 240 anni). In questo periodo la sua popolazione crebbe fino a raggiungere i 100.000 abitanti<sup id=\"cite_ref-5\" class=\"reference\"><a href=\"https:\/\/it.wikipedia.org\/wiki\/Selinunte#cite_note-5\"><span class=\"cite-bracket\">[<\/span>5<span class=\"cite-bracket\">]<\/span><\/a><\/sup>. Lo stato in cui si presenta oggi la citt\u00e0 non \u00e8 dovuto solo alla sua distruzione ad opera dei Cartaginesi, ma anche a terremoti, a secoli di incuria e di gravi spoliazioni.<\/p>\n<p>Selinunte, sottofondazione di\u00a0<a title=\"Megara Iblea\" href=\"https:\/\/it.wikipedia.org\/wiki\/Megara_Iblea\">Megara Hyblea<\/a>, fu fondata nel 650 a.C. (<a title=\"Diodoro Siculo\" href=\"https:\/\/it.wikipedia.org\/wiki\/Diodoro_Siculo\">Diodoro Siculo<\/a>)<sup id=\"cite_ref-6\" class=\"reference\"><a href=\"https:\/\/it.wikipedia.org\/wiki\/Selinunte#cite_note-6\"><span class=\"cite-bracket\">[<\/span>6<span class=\"cite-bracket\">]<\/span><\/a><\/sup><sup id=\"cite_ref-ReferenceTF392_7-0\" class=\"reference\"><a href=\"https:\/\/it.wikipedia.org\/wiki\/Selinunte#cite_note-ReferenceTF392-7\"><span class=\"cite-bracket\">[<\/span>7<span class=\"cite-bracket\">]<\/span><\/a><\/sup>\u00a0lungo la costa del\u00a0<a title=\"Mar Mediterraneo\" href=\"https:\/\/it.wikipedia.org\/wiki\/Mar_Mediterraneo\">Mar Mediterraneo<\/a>, tra le due valli del\u00a0<a title=\"Belice\" href=\"https:\/\/it.wikipedia.org\/wiki\/Belice\">Belice<\/a>\u00a0e del\u00a0<a title=\"Modione\" href=\"https:\/\/it.wikipedia.org\/wiki\/Modione\">Modione<\/a>, su un luogo non interessato da precedenti insediamenti indigeni. Selinunte fond\u00f2 a sua volta nel 570 a.C.\u00a0<a title=\"Eraclea Minoa\" href=\"https:\/\/it.wikipedia.org\/wiki\/Eraclea_Minoa\">Heraclea Minoa<\/a>\u00a0presso la foce del suo estremo confine meridionale, il fiume\u00a0<a title=\"Platani\" href=\"https:\/\/it.wikipedia.org\/wiki\/Platani\">Platani<\/a>. Raggiunse velocemente il suo massimo splendore nel VI e V secolo a.C.; la sua ricchezza era forse dovuta al dominio che esercitava su un vasto territorio<sup id=\"cite_ref-8\" class=\"reference\"><a href=\"https:\/\/it.wikipedia.org\/wiki\/Selinunte#cite_note-8\"><span class=\"cite-bracket\">[<\/span>8<span class=\"cite-bracket\">]<\/span><\/a><\/sup>. Selinunte \u00e8 la colonia greca pi\u00f9 occidentale della Sicilia, a diretto contatto con l&#8217;area occupata dai\u00a0<a class=\"mw-redirect\" title=\"Cartaginesi\" href=\"https:\/\/it.wikipedia.org\/wiki\/Cartaginesi\">Cartaginesi<\/a>; tutta la sua storia \u00e8 condizionata da questa posizione di confine, fino al dissolvimento del problema con la conquista romana della Sicilia.<\/p>\n<figure class=\"mw-default-size\"><a class=\"mw-file-description\" href=\"https:\/\/it.wikipedia.org\/wiki\/File:Selinunte_Acropolis.jpg\"><img loading=\"lazy\" decoding=\"async\" class=\"mw-file-element\" src=\"https:\/\/upload.wikimedia.org\/wikipedia\/commons\/thumb\/6\/68\/Selinunte_Acropolis.jpg\/310px-Selinunte_Acropolis.jpg\" srcset=\"\/\/upload.wikimedia.org\/wikipedia\/commons\/6\/68\/Selinunte_Acropolis.jpg 1.5x\" width=\"310\" height=\"223\" data-file-width=\"350\" data-file-height=\"252\" \/><\/a>\n<figcaption>Ricostruzione della acropoli e dei suoi templi<\/figcaption>\n<\/figure>\n<p>Dapprima in buoni rapporti con i Cartaginesi<sup id=\"cite_ref-9\" class=\"reference\"><a href=\"https:\/\/it.wikipedia.org\/wiki\/Selinunte#cite_note-9\"><span class=\"cite-bracket\">[<\/span>9<span class=\"cite-bracket\">]<\/span><\/a><\/sup>, dopo la loro disfatta nella\u00a0<a title=\"Battaglia di Imera (480 a.C.)\" href=\"https:\/\/it.wikipedia.org\/wiki\/Battaglia_di_Imera_(480_a.C.)\">Battaglia di Imera (480 a.C.)<\/a>, Selinunte strinse alleanza con\u00a0<a title=\"Siracusa\" href=\"https:\/\/it.wikipedia.org\/wiki\/Siracusa\">Siracusa<\/a>, cui rimase fedele.<\/p>\n<p>La sua politica di espansione territoriale verso\u00a0<a title=\"Segesta\" href=\"https:\/\/it.wikipedia.org\/wiki\/Segesta\">Segesta<\/a>\u00a0caus\u00f2 diverse guerre: il primo scontro avvenne nel 580 a.C. dal quale Segesta usc\u00ec vittoriosa. Nel 415 a.C. Segesta chiese aiuto ad\u00a0<a title=\"Atene\" href=\"https:\/\/it.wikipedia.org\/wiki\/Atene\">Atene<\/a>\u00a0perch\u00e9 intervenisse contro l&#8217;intraprendenza selinuntina supportata da Siracusa. Gli ateniesi presero come pretesto la richiesta di Segesta per intraprendere una grande\u00a0<a title=\"Spedizione ateniese in Sicilia\" href=\"https:\/\/it.wikipedia.org\/wiki\/Spedizione_ateniese_in_Sicilia\">spedizione in Sicilia<\/a>\u00a0attaccando per prima Siracusa alleata di Selinunte. Dalla\u00a0<a title=\"Battaglia di Siracusa\" href=\"https:\/\/it.wikipedia.org\/wiki\/Battaglia_di_Siracusa\">battaglia di Siracusa<\/a>, Atene ne usc\u00ed disastrosamente sconfitta. Segesta, indebolita dalla sconfitta ateniese, minacciata da Selinunte, chiese allora aiuto a Cartagine: nel 409 a.C. i Cartaginesi, sbarcati in Sicilia con un esercito di 5.800 uomini al comando del generale\u00a0<a title=\"Annibale Magone\" href=\"https:\/\/it.wikipedia.org\/wiki\/Annibale_Magone\">Annibale Magone<\/a>\u00a0(figlio di\u00a0<a title=\"Giscone\" href=\"https:\/\/it.wikipedia.org\/wiki\/Giscone\">Giscone<\/a>),<sup id=\"cite_ref-ReferenceTF397_10-0\" class=\"reference\"><a href=\"https:\/\/it.wikipedia.org\/wiki\/Selinunte#cite_note-ReferenceTF397-10\"><span class=\"cite-bracket\">[<\/span>10<span class=\"cite-bracket\">]<\/span><\/a><\/sup>\u00a0colsero di sorpresa la citt\u00e0 che cadde, dopo soli nove giorni di assedio, prima che potessero giungere i soccorsi da Siracusa e da Agrigento. Selinunte venne saccheggiata e distrutta, 16.000 cittadini selinuntini furono uccisi, 5.000 fatti schiavi, 2.600 riuscirono a fuggire ad Agrigento.<\/p>\n<p>Ripopolata con i suoi profughi e con altre popolazioni che il fuoriuscito siracusano\u00a0<a title=\"Ermocrate\" href=\"https:\/\/it.wikipedia.org\/wiki\/Ermocrate\">Ermocrate<\/a>\u00a0vi condusse, Selinunte fu ricostruita (comprese le mura) nella sola area dell&#8217;acropoli, divenendo per alcuni anni il quartier generale di Ermocrate dal quale partivano le sue azioni belliche contro le citt\u00e0 puniche. Alla morte di questo, Selinunte perse definitivamente la sua importanza politica; venne rioccupata dai cartaginesi \u2013 occupazione confermata, del resto, in tutti i successivi trattati greco-cartaginesi \u2013 quindi da\u00a0<a title=\"Pirro\" href=\"https:\/\/it.wikipedia.org\/wiki\/Pirro\">Pirro<\/a>\u00a0(276 a.C.), fino alla definitiva evacuazione della sua popolazione da parte dei Cartaginesi a\u00a0<a title=\"Lilibeo\" href=\"https:\/\/it.wikipedia.org\/wiki\/Lilibeo\">Lilibeo<\/a>\u00a0durante la\u00a0<a title=\"Prima guerra punica\" href=\"https:\/\/it.wikipedia.org\/wiki\/Prima_guerra_punica\">I Guerra Punica<\/a>\u00a0(250 a.C.), e all&#8217;assorbimento del suo territorio nei domini romani.<\/p>\n<p>Selinunte non fu pi\u00f9 riabitata: le foci intasate dei fiumi resero la zona malsana, dissuadendo cos\u00ec nuovi insediamenti<sup id=\"cite_ref-11\" class=\"reference\"><a href=\"https:\/\/it.wikipedia.org\/wiki\/Selinunte#cite_note-11\"><span class=\"cite-bracket\">[<\/span>11<span class=\"cite-bracket\">]<\/span><\/a><\/sup>. Si sa infatti che Selinunte era disabitata gi\u00e0 alla fine del I secolo a.C. (<a title=\"Strabone\" href=\"https:\/\/it.wikipedia.org\/wiki\/Strabone\">Strabone<\/a>).<sup id=\"cite_ref-ReferenceTF396_12-0\" class=\"reference\"><a href=\"https:\/\/it.wikipedia.org\/wiki\/Selinunte#cite_note-ReferenceTF396-12\"><span class=\"cite-bracket\">[<\/span>12<span class=\"cite-bracket\">]<\/span><\/a><\/sup>\u00a0Successivamente la citt\u00e0 fu interessata solo ancora in modo episodico da insediamenti, per altro molto modesti (e.g. nell&#8217;alto medioevo divenne dimora di eremiti e comunit\u00e0 religiose). Il colpo di grazia, infine, le fu inferto da un violentissimo terremoto che, in epoca bizantina (VI-IX secolo), ridusse i suoi monumenti a un cumulo di rovine. Un ultimo vano tentativo di farla rinascere fu fatto in epoca araba (IX-XI secolo) &#8211; il cronista\u00a0<a class=\"mw-redirect\" title=\"Edrisi\" href=\"https:\/\/it.wikipedia.org\/wiki\/Edrisi\">Edrisi<\/a>\u00a0la chiama &#8220;<i>Rahl&#8217;-al-Asnam<\/i>&#8221; cio\u00e8 &#8220;villaggio dei pilastri&#8221; &#8211; dopo di che di Selinunte si perse pure la memoria.<\/p>\n<p>Reidentificata soltanto nel XVI secolo, per opera del teologo e archeologo\u00a0<a title=\"Tommaso Fazello\" href=\"https:\/\/it.wikipedia.org\/wiki\/Tommaso_Fazello\">Tommaso Fazello<\/a>,<sup id=\"cite_ref-13\" class=\"reference\"><a href=\"https:\/\/it.wikipedia.org\/wiki\/Selinunte#cite_note-13\"><span class=\"cite-bracket\">[<\/span>13<span class=\"cite-bracket\">]<\/span><\/a><\/sup>\u00a0religioso dell&#8217;<a class=\"mw-redirect\" title=\"Ordine dei predicatori\" href=\"https:\/\/it.wikipedia.org\/wiki\/Ordine_dei_predicatori\">Ordine dei predicatori<\/a>. Lo studioso documentatore effettu\u00f2 l&#8217;attenta rilettura dei testi di\u00a0<a title=\"Erodoto\" href=\"https:\/\/it.wikipedia.org\/wiki\/Erodoto\">Erodoto<\/a>,\u00a0<a title=\"Diodoro Siculo\" href=\"https:\/\/it.wikipedia.org\/wiki\/Diodoro_Siculo\">Diodoro Siculo<\/a>,<sup id=\"cite_ref-ReferenceTF392_7-1\" class=\"reference\"><a href=\"https:\/\/it.wikipedia.org\/wiki\/Selinunte#cite_note-ReferenceTF392-7\"><span class=\"cite-bracket\">[<\/span>7<span class=\"cite-bracket\">]<\/span><\/a><\/sup>\u00a0<a title=\"Eusebio di Cesarea\" href=\"https:\/\/it.wikipedia.org\/wiki\/Eusebio_di_Cesarea\">Eusebio<\/a>,\u00a0<a title=\"Tucidide\" href=\"https:\/\/it.wikipedia.org\/wiki\/Tucidide\">Tucidide<\/a>,<sup id=\"cite_ref-14\" class=\"reference\"><a href=\"https:\/\/it.wikipedia.org\/wiki\/Selinunte#cite_note-14\"><span class=\"cite-bracket\">[<\/span>14<span class=\"cite-bracket\">]<\/span><\/a><\/sup>\u00a0<a title=\"Empedocle\" href=\"https:\/\/it.wikipedia.org\/wiki\/Empedocle\">Empedocle<\/a>,\u00a0<a title=\"Diogene Laerzio\" href=\"https:\/\/it.wikipedia.org\/wiki\/Diogene_Laerzio\">Diogene Laerzio<\/a>,<sup id=\"cite_ref-15\" class=\"reference\"><a href=\"https:\/\/it.wikipedia.org\/wiki\/Selinunte#cite_note-15\"><span class=\"cite-bracket\">[<\/span>15<span class=\"cite-bracket\">]<\/span><\/a><\/sup>\u00a0<a title=\"Strabone\" href=\"https:\/\/it.wikipedia.org\/wiki\/Strabone\">Strabone<\/a>,\u00a0<a title=\"Pausania il Periegeta\" href=\"https:\/\/it.wikipedia.org\/wiki\/Pausania_il_Periegeta\">Pausania<\/a>,<sup id=\"cite_ref-16\" class=\"reference\"><a href=\"https:\/\/it.wikipedia.org\/wiki\/Selinunte#cite_note-16\"><span class=\"cite-bracket\">[<\/span>16<span class=\"cite-bracket\">]<\/span><\/a><\/sup>\u00a0<a title=\"Claudio Tolomeo\" href=\"https:\/\/it.wikipedia.org\/wiki\/Claudio_Tolomeo\">Tolomeo<\/a>,\u00a0<a title=\"Plinio il Vecchio\" href=\"https:\/\/it.wikipedia.org\/wiki\/Plinio_il_Vecchio\">Plinio<\/a>.<sup id=\"cite_ref-ReferenceTF396_12-1\" class=\"reference\"><a href=\"https:\/\/it.wikipedia.org\/wiki\/Selinunte#cite_note-ReferenceTF396-12\"><span class=\"cite-bracket\">[<\/span>12<span class=\"cite-bracket\">]<\/span><\/a><\/sup>\u00a0Dopo una prima ricognizione a\u00a0<a title=\"Mazara del Vallo\" href=\"https:\/\/it.wikipedia.org\/wiki\/Mazara_del_Vallo\">Mazara del Vallo<\/a>\u00a0compiuta per la quaresima del 1549, approfond\u00ec ulteriormente gli studi sui libri di Diodoro e le gesta di\u00a0<a title=\"Annibale Magone\" href=\"https:\/\/it.wikipedia.org\/wiki\/Annibale_Magone\">Annibale Magone<\/a>.<sup id=\"cite_ref-ReferenceTF397_10-1\" class=\"reference\"><a href=\"https:\/\/it.wikipedia.org\/wiki\/Selinunte#cite_note-ReferenceTF397-10\"><span class=\"cite-bracket\">[<\/span>10<span class=\"cite-bracket\">]<\/span><\/a><\/sup>\u00a0Nell&#8217;ottobre del\u00a0<a title=\"1551\" href=\"https:\/\/it.wikipedia.org\/wiki\/1551\">1551<\/a>, attraverso la descrizione dei particolari topografici, individu\u00f2 ed identific\u00f2 univocamente con la terra di Lipulci<sup id=\"cite_ref-17\" class=\"reference\"><a href=\"https:\/\/it.wikipedia.org\/wiki\/Selinunte#cite_note-17\"><span class=\"cite-bracket\">[<\/span>17<span class=\"cite-bracket\">]<\/span><\/a><\/sup>\u00a0le rovine di Selinunte, distinguendole dalle architetture di Mazara e dagli immediati centri abitati del comprensorio nel raggio di decine miglia.<\/p>\n<p>Nel\u00a0<a title=\"1779\" href=\"https:\/\/it.wikipedia.org\/wiki\/1779\">1779<\/a>, nonostante un decreto di re\u00a0<a class=\"mw-redirect\" title=\"Ferdinando III di Sicilia\" href=\"https:\/\/it.wikipedia.org\/wiki\/Ferdinando_III_di_Sicilia\">Ferdinando III di Sicilia<\/a>\u00a0vietasse lo smantellamento delle sue rovine (usate dagli abitanti della zona come cave di pietra), le devastazioni proseguirono fino a quando il governo italiano non vi pose una custodia permanente. I primi saggi e scavi furono eseguiti nel\u00a0<a title=\"1809\" href=\"https:\/\/it.wikipedia.org\/wiki\/1809\">1809<\/a>\u00a0da parte degli inglesi. Nel 1823, due architetti inglesi, Samuel Angell e William Harris, iniziarono a scavare a Selinunte nel corso del loro tour in\u00a0<a title=\"Sicilia\" href=\"https:\/\/it.wikipedia.org\/wiki\/Sicilia\">Sicilia<\/a>\u00a0e si imbatterono in diversi frammenti delle\u00a0<a title=\"Metopa\" href=\"https:\/\/it.wikipedia.org\/wiki\/Metopa\">metope<\/a>\u00a0dal tempio arcaico oggi chiamato come \u201c<a title=\"Tempio C di Selinunte\" href=\"https:\/\/it.wikipedia.org\/wiki\/Tempio_C_di_Selinunte\">Tempio C<\/a>.\u201d Bench\u00e9 le autorit\u00e0 borboniche avessero cercato di fermarli, costoro continuarono il loro lavoro e cercarono di spedire i loro reperti in Inghilterra, per il\u00a0<a title=\"British Museum\" href=\"https:\/\/it.wikipedia.org\/wiki\/British_Museum\">British Museum<\/a>. Nell&#8217;ombra delle attivit\u00e0 di\u00a0<a title=\"Thomas Bruce, VII conte di Elgin\" href=\"https:\/\/it.wikipedia.org\/wiki\/Thomas_Bruce,_VII_conte_di_Elgin\">Lord Elgin<\/a>, le spedizioni di Angell e Harris furono bloccate e dirottate a\u00a0<a title=\"Palermo\" href=\"https:\/\/it.wikipedia.org\/wiki\/Palermo\">Palermo<\/a>\u00a0dove da allora si conservano nel\u00a0<a title=\"Musei di Palermo\" href=\"https:\/\/it.wikipedia.org\/wiki\/Musei_di_Palermo\">Museo archeologico<\/a>.<sup id=\"cite_ref-18\" class=\"reference\"><a href=\"https:\/\/it.wikipedia.org\/wiki\/Selinunte#cite_note-18\"><span class=\"cite-bracket\">[<\/span>18<span class=\"cite-bracket\">]<\/span><\/a><\/sup><\/p>\n<div class=\"mw-heading mw-heading3\">\n<h3 id=\"La_popolazione_di_Selinunte\">La popolazione di Selinunte<\/h3>\n<p><span class=\"mw-editsection\"><span class=\"mw-editsection-bracket\">[<\/span><a class=\"mw-editsection-visualeditor\" title=\"Modifica la sezione La popolazione di Selinunte\" href=\"https:\/\/it.wikipedia.org\/w\/index.php?title=Selinunte&amp;veaction=edit&amp;section=2\">modifica<\/a><span class=\"mw-editsection-divider\">\u00a0|\u00a0<\/span><a title=\"Edit section's source code: La popolazione di Selinunte\" href=\"https:\/\/it.wikipedia.org\/w\/index.php?title=Selinunte&amp;action=edit&amp;section=2\">modifica wikitesto<\/a><span class=\"mw-editsection-bracket\">]<\/span><\/span><\/p>\n<\/div>\n<p>Selinunte viene detta da Diodoro (XIII, 44) citt\u00e0 ricca e popolosa. Ci\u00f2 \u00e8 confermato dall&#8217;estensione del suo abitato, dalla vastit\u00e0 delle sue necropoli, e anche da alcune epigrafi. La cifra di 23.600 persone tramandataci a proposito della distruzione di Selinunte non sembra una cifra fantasiosa, eppure pone il problema della sua reale comprensione ed entit\u00e0. Non \u00e8 ben chiaro che cosa si intendesse per 23.600 persone, ossia se fossero solo cittadini maschi, oppure l&#8217;intera popolazione. Si tramanda che Ermocrate, dopo pochi mesi dalla distruzione di Selinunte, avesse messo su un esercito di 6.000 uomini \u2013 per quanto potesse averlo incrementato con altri fuoriusciti \u2013 quando i profughi sopravvissuti erano stati appena 2.600. Purtroppo il limite delle fonti antiche \u00e8 dato proprio dal fatto che esse parlano generalmente di cittadini, e non di popolazione; come pure disattendono al rapporto fra territorio agricolo e area cittadina, rapporto per altro cangiante anche da zona a zona e da un&#8217;epoca all&#8217;altra. Per quanto possa essere verosimile che sotto il numero di 23.600 siano da intendersi &#8220;cittadini maschi adulti&#8221;, qualsiasi valutazione sulla reale consistenza numerica della popolazione di una citt\u00e0 greca antica non pu\u00f2 che basarsi su congetture e stime grossolane.<\/p>\n<figure class=\"mw-default-size\"><a class=\"mw-file-description\" href=\"https:\/\/it.wikipedia.org\/wiki\/File:Koldewey-Sicilien-vol2-table29a.png\"><img loading=\"lazy\" decoding=\"async\" class=\"mw-file-element\" src=\"https:\/\/upload.wikimedia.org\/wikipedia\/commons\/thumb\/1\/1f\/Koldewey-Sicilien-vol2-table29a.png\/220px-Koldewey-Sicilien-vol2-table29a.png\" srcset=\"\/\/upload.wikimedia.org\/wikipedia\/commons\/thumb\/1\/1f\/Koldewey-Sicilien-vol2-table29a.png\/330px-Koldewey-Sicilien-vol2-table29a.png 1.5x, \/\/upload.wikimedia.org\/wikipedia\/commons\/thumb\/1\/1f\/Koldewey-Sicilien-vol2-table29a.png\/440px-Koldewey-Sicilien-vol2-table29a.png 2x\" width=\"220\" height=\"236\" data-file-width=\"2214\" data-file-height=\"2377\" \/><\/a>\n<figcaption>Topografia di Selinunte<br \/>(da R. Koldewey, 1899)<\/figcaption>\n<\/figure>\n<div class=\"mw-heading mw-heading2\">\n<h2 id=\"Monetazione\">Monetazione<\/h2>\n<p><span class=\"mw-editsection\"><span class=\"mw-editsection-bracket\">[<\/span><a class=\"mw-editsection-visualeditor\" title=\"Modifica la sezione Monetazione\" href=\"https:\/\/it.wikipedia.org\/w\/index.php?title=Selinunte&amp;veaction=edit&amp;section=3\">modifica<\/a><span class=\"mw-editsection-divider\">\u00a0|\u00a0<\/span><a title=\"Edit section's source code: Monetazione\" href=\"https:\/\/it.wikipedia.org\/w\/index.php?title=Selinunte&amp;action=edit&amp;section=3\">modifica wikitesto<\/a><span class=\"mw-editsection-bracket\">]<\/span><\/span><\/p>\n<\/div>\n<div class=\"hatnote noprint vedi-anche\">\n<div class=\"hatnote-content\"><span class=\"noviewer hatnote-icon\"><img loading=\"lazy\" decoding=\"async\" class=\"mw-file-element\" src=\"https:\/\/upload.wikimedia.org\/wikipedia\/commons\/thumb\/8\/87\/Magnifying_glass_icon_mgx2.svg\/18px-Magnifying_glass_icon_mgx2.svg.png\" srcset=\"\/\/upload.wikimedia.org\/wikipedia\/commons\/thumb\/8\/87\/Magnifying_glass_icon_mgx2.svg\/27px-Magnifying_glass_icon_mgx2.svg.png 1.5x, \/\/upload.wikimedia.org\/wikipedia\/commons\/thumb\/8\/87\/Magnifying_glass_icon_mgx2.svg\/36px-Magnifying_glass_icon_mgx2.svg.png 2x\" width=\"18\" height=\"18\" data-file-width=\"286\" data-file-height=\"280\" \/><\/span><span class=\"hatnote-text\">Lo stesso argomento in dettaglio:\u00a0<b><a class=\"mw-redirect\" title=\"Monetazione di Selinus\" href=\"https:\/\/it.wikipedia.org\/wiki\/Monetazione_di_Selinus\">Monetazione di Selinus<\/a><\/b>.<\/span><\/div>\n<\/div>\n<p>\u00c8 tra le prime citt\u00e0 della Sicilia a coniare monete, datate intorno al 550-530 a.C., all&#8217;incirca nelle stesso periodo di\u00a0<a class=\"mw-redirect\" title=\"Himera\" href=\"https:\/\/it.wikipedia.org\/wiki\/Himera\">Himera<\/a>. Nelle prime coniazioni Selinunte, come Himera, usa la tecnica del\u00a0<a title=\"Incuso\" href=\"https:\/\/it.wikipedia.org\/wiki\/Incuso\">quadrato incuso<\/a>, tecnica caratteristica di\u00a0<a title=\"Monetazione greca arcaica\" href=\"https:\/\/it.wikipedia.org\/wiki\/Monetazione_greca_arcaica\">monetazione greca arcaica<\/a>. Al dritto \u00e8 rappresentata la foglia di sedano, (&#8220;<a class=\"mw-redirect\" title=\"Tipo parlante\" href=\"https:\/\/it.wikipedia.org\/wiki\/Tipo_parlante\">tipo parlante<\/a>&#8220;); al rovescio vi \u00e8 il quadrato incuso.<\/p>\n<p>La monetazione subir\u00e0 un&#8217;interruzione nel 480 a.C., in coincidenza della sconfitta dei\u00a0<a class=\"mw-redirect\" title=\"Cartaginesi\" href=\"https:\/\/it.wikipedia.org\/wiki\/Cartaginesi\">cartaginesi<\/a>, da loro appoggiati, nella\u00a0<a title=\"Battaglia di Imera (480 a.C.)\" href=\"https:\/\/it.wikipedia.org\/wiki\/Battaglia_di_Imera_(480_a.C.)\">battaglia di Imera<\/a>. Le emissioni ripresero verso il 461 con lo stesso\u00a0<a title=\"Piede monetario\" href=\"https:\/\/it.wikipedia.org\/wiki\/Piede_monetario\">piede monetario<\/a>\u00a0di Siracusa, ossia un tetradramma dal peso di 17,40 g. Come tipi della nuova moneta adotter\u00e0 al dritto la quadriga con Apollo e Artemide, al rovescio la personificazione del fiume Selinus nell&#8217;atto di fare un sacrificio.<\/p>\n<div class=\"mw-heading mw-heading2\">\n<h2 id=\"Topografia\">Topografia<\/h2>\n<p><span class=\"mw-editsection\"><span class=\"mw-editsection-bracket\">[<\/span><a class=\"mw-editsection-visualeditor\" title=\"Modifica la sezione Topografia\" href=\"https:\/\/it.wikipedia.org\/w\/index.php?title=Selinunte&amp;veaction=edit&amp;section=4\">modifica<\/a><span class=\"mw-editsection-divider\">\u00a0|\u00a0<\/span><a title=\"Edit section's source code: Topografia\" href=\"https:\/\/it.wikipedia.org\/w\/index.php?title=Selinunte&amp;action=edit&amp;section=4\">modifica wikitesto<\/a><span class=\"mw-editsection-bracket\">]<\/span><\/span><\/p>\n<\/div>\n<p>La topografia della citt\u00e0 si presenta piuttosto articolata. La citt\u00e0 \u00e8 in riva al mare, fra due fiumi (il Modione-Selino ad ovest, e il Cottone a est), posta sopra due alture unite da un istmo: la parte di citt\u00e0 a sud ospita l&#8217;acropoli (caratterizzata dall&#8217;incrocio di due strade principali e da numerosi templi: A, B,\u00a0<a class=\"mw-redirect\" title=\"Tempio C (Selinunte)\" href=\"https:\/\/it.wikipedia.org\/wiki\/Tempio_C_(Selinunte)\">C<\/a>, D, O); quella a nord ospita l&#8217;abitato (di schema ippodameo) contemporaneo all&#8217;acropoli, e due necropoli (in localit\u00e0 Galera-Bagliazzo e Manuzza). Altre importanti vestigia vi sono ai lati della citt\u00e0 sulle alture oltre i fiumi: a est vi sono tre templi (<a class=\"mw-redirect\" title=\"Tempio E (Selinunte)\" href=\"https:\/\/it.wikipedia.org\/wiki\/Tempio_E_(Selinunte)\">E<\/a>,\u00a0<a class=\"mw-redirect\" title=\"Tempio F (Selinunte)\" href=\"https:\/\/it.wikipedia.org\/wiki\/Tempio_F_(Selinunte)\">F<\/a>,\u00a0<a class=\"mw-redirect\" title=\"Tempio G (Selinunte)\" href=\"https:\/\/it.wikipedia.org\/wiki\/Tempio_G_(Selinunte)\">G<\/a>) e una necropoli (localit\u00e0 Buffa) situata a nord dell&#8217;attuale villaggio Marinella; ad ovest vi sono gli insediamenti pi\u00f9 antichi di Selinunte: il santuario della Maloph\u00f2ros e la necropoli arcaica (in localit\u00e0 Pipio, Manicalunga, Timpone Nero). I due porti che la citt\u00e0 aveva si trovano in corrispondenza delle foci dei fiumi.<\/p>\n<div class=\"mw-heading mw-heading2\">\n<h2 id=\"Il_parco_archeologico\">Il parco archeologico<\/h2>\n<p><span class=\"mw-editsection\"><span class=\"mw-editsection-bracket\">[<\/span><a class=\"mw-editsection-visualeditor\" title=\"Modifica la sezione Il parco archeologico\" href=\"https:\/\/it.wikipedia.org\/w\/index.php?title=Selinunte&amp;veaction=edit&amp;section=5\">modifica<\/a><span class=\"mw-editsection-divider\">\u00a0|\u00a0<\/span><a title=\"Edit section's source code: Il parco archeologico\" href=\"https:\/\/it.wikipedia.org\/w\/index.php?title=Selinunte&amp;action=edit&amp;section=5\">modifica wikitesto<\/a><span class=\"mw-editsection-bracket\">]<\/span><\/span><\/p>\n<\/div>\n<figure class=\"mw-default-size\"><a class=\"mw-file-description\" href=\"https:\/\/it.wikipedia.org\/wiki\/File:Selinunte_(1).jpg\"><img loading=\"lazy\" decoding=\"async\" class=\"mw-file-element\" src=\"https:\/\/upload.wikimedia.org\/wikipedia\/commons\/thumb\/c\/c4\/Selinunte_%281%29.jpg\/220px-Selinunte_%281%29.jpg\" srcset=\"\/\/upload.wikimedia.org\/wikipedia\/commons\/thumb\/c\/c4\/Selinunte_%281%29.jpg\/330px-Selinunte_%281%29.jpg 1.5x, \/\/upload.wikimedia.org\/wikipedia\/commons\/thumb\/c\/c4\/Selinunte_%281%29.jpg\/440px-Selinunte_%281%29.jpg 2x\" width=\"220\" height=\"99\" data-file-width=\"809\" data-file-height=\"364\" \/><\/a>\n<figcaption>Veduta dell&#8217;acropoli di Selinunte dalla collina orientale<\/figcaption>\n<\/figure>\n<p>Il parco archeologico di Selinunte \u00e8 stato istituito dalla\u00a0<a class=\"mw-redirect\" title=\"Regione Siciliana\" href=\"https:\/\/it.wikipedia.org\/wiki\/Regione_Siciliana\">Regione Siciliana<\/a>\u00a0nel\u00a0<a title=\"2013\" href=\"https:\/\/it.wikipedia.org\/wiki\/2013\">2013<\/a><sup id=\"cite_ref-19\" class=\"reference\"><a href=\"https:\/\/it.wikipedia.org\/wiki\/Selinunte#cite_note-19\"><span class=\"cite-bracket\">[<\/span>19<span class=\"cite-bracket\">]<\/span><\/a><\/sup>. Ha un&#8217;estensione di circa 270 ettari<sup id=\"cite_ref-20\" class=\"reference\"><a href=\"https:\/\/it.wikipedia.org\/wiki\/Selinunte#cite_note-20\"><span class=\"cite-bracket\">[<\/span>20<span class=\"cite-bracket\">]<\/span><\/a><\/sup>\u00a0ed \u00e8 divisibile nelle seguenti aree<sup id=\"cite_ref-Nota2_21-0\" class=\"reference\"><a href=\"https:\/\/it.wikipedia.org\/wiki\/Selinunte#cite_note-Nota2-21\"><span class=\"cite-bracket\">[<\/span>21<span class=\"cite-bracket\">]<\/span><\/a><\/sup>:<\/p>\n<ul>\n<li>La collina G\u00e0ggera (a ovest, con il santuario della Maloph\u00f2ros)<\/li>\n<li>L&#8217;<a title=\"Acropoli\" href=\"https:\/\/it.wikipedia.org\/wiki\/Acropoli\">acropoli<\/a>\u00a0(al centro, con templi e fortificazioni)<\/li>\n<li>La collina Manuzza (a nord, con l&#8217;abitato antico)<\/li>\n<li>La collina orientale (ad est, con altri templi)<\/li>\n<li>Le\u00a0<a title=\"Necropoli\" href=\"https:\/\/it.wikipedia.org\/wiki\/Necropoli\">necropoli<\/a>.<\/li>\n<\/ul>\n<p>Gli ingressi al parco sono due. Uno dal lato est dalla frazione di Marinella di Selinunte (collina orientale), e uno dal lato ovest dalla frazione di\u00a0<a title=\"Triscina\" href=\"https:\/\/it.wikipedia.org\/wiki\/Triscina\">Triscina<\/a>\u00a0di Selinunte (santuario della Maloph\u00f2ros).<\/p>\n<div class=\"mw-heading mw-heading3\">\n<h3 id=\"L'acropoli\"><span id=\"L.27acropoli\"><\/span>L&#8217;acropoli<\/h3>\n<p><span class=\"mw-editsection\"><span class=\"mw-editsection-bracket\">[<\/span><a class=\"mw-editsection-visualeditor\" title=\"Modifica la sezione L'acropoli\" href=\"https:\/\/it.wikipedia.org\/w\/index.php?title=Selinunte&amp;veaction=edit&amp;section=6\">modifica<\/a><span class=\"mw-editsection-divider\">\u00a0|\u00a0<\/span><a title=\"Edit section's source code: L'acropoli\" href=\"https:\/\/it.wikipedia.org\/w\/index.php?title=Selinunte&amp;action=edit&amp;section=6\">modifica wikitesto<\/a><span class=\"mw-editsection-bracket\">]<\/span><\/span><\/p>\n<\/div>\n<figure class=\"mw-default-size mw-halign-left\"><a class=\"mw-file-description\" href=\"https:\/\/it.wikipedia.org\/wiki\/File:Selinunte-Akropolis-bjs-2.jpg\"><img loading=\"lazy\" decoding=\"async\" class=\"mw-file-element\" src=\"https:\/\/upload.wikimedia.org\/wikipedia\/commons\/thumb\/d\/d8\/Selinunte-Akropolis-bjs-2.jpg\/260px-Selinunte-Akropolis-bjs-2.jpg\" srcset=\"\/\/upload.wikimedia.org\/wikipedia\/commons\/thumb\/d\/d8\/Selinunte-Akropolis-bjs-2.jpg\/390px-Selinunte-Akropolis-bjs-2.jpg 1.5x, \/\/upload.wikimedia.org\/wikipedia\/commons\/thumb\/d\/d8\/Selinunte-Akropolis-bjs-2.jpg\/520px-Selinunte-Akropolis-bjs-2.jpg 2x\" width=\"260\" height=\"173\" data-file-width=\"1536\" data-file-height=\"1024\" \/><\/a>\n<figcaption>Acropoli di Selinunte: ruderi dei Templi O e A in primo piano e sullo sfondo fila di colonne del Tempio C<\/figcaption>\n<\/figure>\n<p>L&#8217;Acropoli \u00e8 un altopiano calcareo che a sud \u00e8 a strapiombo sul mare, mentre a Nord si restringe fino a m 140. L&#8217;insediamento, di forma grossomodo trapezoidale, fu ampliato verso nord alla fine del VI secolo a.C. con un formidabile muraglione a gradini (altezza m 11 circa), e circondato da mura \u2013 pi\u00f9 volte restaurate e modificate \u2013 formate da cortine in blocchi squadrati con un riempimento di pietrame (<i><a title=\"Emplekton\" href=\"https:\/\/it.wikipedia.org\/wiki\/Emplekton\">empl\u00e8cton<\/a><\/i>), e scandite da 5 torri e 4 porte. A nord, l&#8217;acropoli presenta delle fortificazioni (vedi sotto) con contromuro e torri, databili all&#8217;inizio del IV secolo a.C.<\/p>\n<p>Presso l&#8217;ingresso all&#8217;acropoli vi \u00e8 la cosiddetta Torre di Polluce che fu costruita nel XVI secolo contro i corsari, sui resti di una torre o faro antico.<\/p>\n<figure class=\"mw-default-size\"><a class=\"mw-file-description\" href=\"https:\/\/it.wikipedia.org\/wiki\/File:Selionte_Acropole.jpg\"><img loading=\"lazy\" decoding=\"async\" class=\"mw-file-element\" src=\"https:\/\/upload.wikimedia.org\/wikipedia\/commons\/thumb\/4\/41\/Selionte_Acropole.jpg\/220px-Selionte_Acropole.jpg\" srcset=\"\/\/upload.wikimedia.org\/wikipedia\/commons\/thumb\/4\/41\/Selionte_Acropole.jpg\/330px-Selionte_Acropole.jpg 1.5x, \/\/upload.wikimedia.org\/wikipedia\/commons\/thumb\/4\/41\/Selionte_Acropole.jpg\/440px-Selionte_Acropole.jpg 2x\" width=\"220\" height=\"165\" data-file-width=\"1024\" data-file-height=\"768\" \/><\/a>\n<figcaption>Strada sull&#8217;acropoli<\/figcaption>\n<\/figure>\n<p>L&#8217;impianto urbano \u00e8 suddiviso in quartieri da due strade principali (larghezza m 9) che si incrociano ad angolo retto (quella nord-sud lunga m 425; quella est-ovest lunga m 338), intersecate a loro volta \u2013 ogni m 32 \u2013 da altre vie minori (larghezza m 5). Questa sistemazione urbanistica \u2013 che riproduce quella pi\u00f9 antica \u2013 risale per\u00f2 al IV secolo a.C., cio\u00e8 alla Selinunte punica.<\/p>\n<p>Ai primi anni della colonia, invece, sono da attribuire diverse aree e piccoli santuari innalzati sull&#8217;acropoli, sostituiti circa cinquant&#8217;anni pi\u00f9 tardi da templi pi\u00f9 grandi e duraturi; il primo di essi sembra sia stato il cosiddetto\u00a0<i>m\u00e8garon<\/i>\u00a0nei pressi dei Templi B e C.<\/p>\n<p>Ancora incerta resta la localizzazione dell&#8217;agor\u00e0 (che invece altri studiosi ipotizzano che si trovasse a nord nell&#8217;area del centro abitato).<\/p>\n<p>Davanti al Tempio O si \u00e8 rinvenuta un&#8217;area sacrificale punica \u2013 posteriore alla conquista del 409 a.C. \u2013 caratterizzata da ambienti costruiti con muretti a secco, all&#8217;interno dei quali erano depositati vasi contenenti ceneri, e anfore a siluro di tipo cartaginese.<\/p>\n<p>Sulla collina dell&#8217;acropoli sono stati rinvenuti i resti di numerosi templi di\u00a0<a title=\"Ordine dorico\" href=\"https:\/\/it.wikipedia.org\/wiki\/Ordine_dorico\">ordine dorico<\/a><sup id=\"cite_ref-Nota2_21-1\" class=\"reference\"><a href=\"https:\/\/it.wikipedia.org\/wiki\/Selinunte#cite_note-Nota2-21\"><span class=\"cite-bracket\">[<\/span>21<span class=\"cite-bracket\">]<\/span><\/a><\/sup>.<\/p>\n<figure class=\"mw-default-size mw-halign-left\"><a class=\"mw-file-description\" href=\"https:\/\/it.wikipedia.org\/wiki\/File:Koldewey-Sicilien-vol2-table15.png\"><img loading=\"lazy\" decoding=\"async\" class=\"mw-file-element\" src=\"https:\/\/upload.wikimedia.org\/wikipedia\/commons\/thumb\/f\/f0\/Koldewey-Sicilien-vol2-table15.png\/220px-Koldewey-Sicilien-vol2-table15.png\" srcset=\"\/\/upload.wikimedia.org\/wikipedia\/commons\/thumb\/f\/f0\/Koldewey-Sicilien-vol2-table15.png\/330px-Koldewey-Sicilien-vol2-table15.png 1.5x, \/\/upload.wikimedia.org\/wikipedia\/commons\/thumb\/f\/f0\/Koldewey-Sicilien-vol2-table15.png\/440px-Koldewey-Sicilien-vol2-table15.png 2x\" width=\"220\" height=\"125\" data-file-width=\"3175\" data-file-height=\"1809\" \/><\/a>\n<figcaption>Pianta del\u00a0<a title=\"Tempio A\" href=\"https:\/\/it.wikipedia.org\/wiki\/Tempio_A\">Tempio A<\/a>\u00a0(da Koldewey, 1899)<\/figcaption>\n<\/figure>\n<figure class=\"mw-default-size\"><a class=\"mw-file-description\" href=\"https:\/\/it.wikipedia.org\/wiki\/File:Tanit_symbol.jpg\"><img loading=\"lazy\" decoding=\"async\" class=\"mw-file-element\" src=\"https:\/\/upload.wikimedia.org\/wikipedia\/commons\/thumb\/a\/a4\/Tanit_symbol.jpg\/130px-Tanit_symbol.jpg\" srcset=\"\/\/upload.wikimedia.org\/wikipedia\/commons\/thumb\/a\/a4\/Tanit_symbol.jpg\/195px-Tanit_symbol.jpg 1.5x, \/\/upload.wikimedia.org\/wikipedia\/commons\/a\/a4\/Tanit_symbol.jpg 2x\" width=\"130\" height=\"173\" data-file-width=\"240\" data-file-height=\"320\" \/><\/a>\n<figcaption><a title=\"Tempio A\" href=\"https:\/\/it.wikipedia.org\/wiki\/Tempio_A\">Tempio A<\/a>: mosaico col simbolo di Tanit<\/figcaption>\n<\/figure>\n<ul>\n<li>Il Tempio A e il Tempio O \u2013 di cui restano pochi avanzi: il basamento, qualche rocchio e l&#8217;ara \u2013 furono costruiti tra il 490 ed il 460 a.C., hanno una struttura pressoch\u00e9 identica tra loro, simile a quella del Tempio E sulla collina orientale. Presentano un peristilio (lunghezza m 40,20; larghezza m 16,20) di 6 x 14 colonne (altezza m 6,23). L&#8217;interno \u00e8 caratterizzato da un pronao in antis, da una cella con adyton, e da un opistodomo in antis separato dalla cella; la cella era di un gradino pi\u00f9 alta del pronao, e l&#8217;<i>adyton<\/i>\u00a0era di un gradino pi\u00f9 alto della cella. Nel muro tra pronao e cella del Tempio A vi erano due scale a chiocciola che portavano alla galleria (o piano) superiore. Il pronao del Tempio A ha un pavimento a mosaico dove sono rappresentati la figura simbolica della dea fenicia\u00a0<a title=\"Tanit\" href=\"https:\/\/it.wikipedia.org\/wiki\/Tanit\">Tanit<\/a>, un caduceo, il sole, una corona e una testa bovina: esso testimonia il riutilizzo dell&#8217;ambiente in epoca punica come luogo religioso o come abitazione. Il Tempio O era dedicato a Poseidone, piuttosto che non ad Atena (Moscati); il\u00a0<a title=\"Tempio A\" href=\"https:\/\/it.wikipedia.org\/wiki\/Tempio_A\">Tempio A<\/a>\u00a0ai Dioscuri, piuttosto che non ad Apollo (Moscati).<\/li>\n<\/ul>\n<p>A 34 metri ad est del Tempio A vi sono i resti dell&#8217;ingresso monumentale all&#8217;area: si tratta di un propileo con pianta a forma di T, consistente in un corpo avanzato rettangolare (di m 13 x 5,60) con peristilio di 5 x 12 colonne, e in un altro corpo pure rettangolare (di m 6,78 x 7,25).<\/p>\n<ul>\n<li>Superata la strada est-ovest si entra nella seconda area sacra, posta a nord della precedente. Prima di giungere al Tempio C, a sud di esso, vi \u00e8 un sacello (<i>M\u00e8garon<\/i>) (lunghezza m 17,65; larghezza m 5,50), che risale al 580-570 a.C., avente la struttura arcaica del\u00a0<i>m\u00e8garon<\/i>, forse destinato a conservare le offerte dei fedeli. Privo di pronao, ha l&#8217;entrata ad est che d\u00e0 direttamente nella cella (al centro della quale vi sono due basi per le colonne lignee che sostenevano il tetto), racchiusa in fondo da un\u00a0<i>adyton<\/i>\u00a0quadrato, al quale venne aggiunto in epoca successiva un terzo ambiente. Il sacello era forse dedicato a Demetra Tesmof\u00f2ros (Coarelli-Torelli).<\/li>\n<\/ul>\n<figure class=\"mw-default-size mw-halign-left\"><a class=\"mw-file-description\" href=\"https:\/\/it.wikipedia.org\/wiki\/File:Koldewey-Sicilien-vol2-table07b.png\"><img loading=\"lazy\" decoding=\"async\" class=\"mw-file-element\" src=\"https:\/\/upload.wikimedia.org\/wikipedia\/commons\/thumb\/5\/5e\/Koldewey-Sicilien-vol2-table07b.png\/220px-Koldewey-Sicilien-vol2-table07b.png\" srcset=\"\/\/upload.wikimedia.org\/wikipedia\/commons\/thumb\/5\/5e\/Koldewey-Sicilien-vol2-table07b.png\/330px-Koldewey-Sicilien-vol2-table07b.png 1.5x, \/\/upload.wikimedia.org\/wikipedia\/commons\/thumb\/5\/5e\/Koldewey-Sicilien-vol2-table07b.png\/440px-Koldewey-Sicilien-vol2-table07b.png 2x\" width=\"220\" height=\"133\" data-file-width=\"1617\" data-file-height=\"974\" \/><\/a>\n<figcaption>Pianta del Tempio B (in alto a sin.) con altare quadrato (da Koldewey, 1899)<\/figcaption>\n<\/figure>\n<ul>\n<li>Alla sua destra vi \u00e8 il Tempio B, di epoca ellenistica, piccolo (lunghezza m 8,40; larghezza m 4,60) e in cattive condizioni. Consisteva in un&#8217;edicola prostila di 4 colonne cui si accedeva per una scala di 9 gradini, con pronao e cella. Nel 1824 mostrava ancora chiare tracce degli intonaci policromi. Costruito probabilmente intorno al 250 a.C., poco tempo prima che Selinunte venisse definitivamente evacuata, rappresenta il solo edificio religioso che attesta la modesta rinascita della citt\u00e0 dopo la sua distruzione. Oscura resta la sua destinazione: in passato si era creduto trattarsi dell&#8217;<i>heroon<\/i>\u00a0(tempio sede di un culto eroico) di\u00a0<a title=\"Empedocle\" href=\"https:\/\/it.wikipedia.org\/wiki\/Empedocle\">Empedocle<\/a>, bonificatore delle paludi selinuntine<sup id=\"cite_ref-22\" class=\"reference\"><a href=\"https:\/\/it.wikipedia.org\/wiki\/Selinunte#cite_note-22\"><span class=\"cite-bracket\">[<\/span>22<span class=\"cite-bracket\">]<\/span><\/a><\/sup>, ipotesi non pi\u00f9 sostenibile per la cronologia dell&#8217;edificio; oggi si pensa pi\u00f9 ad un culto punico fortemente ellenizzato, come quelli di Demetra o di Asclepio-Eshmun.<\/li>\n<\/ul>\n<figure class=\"mw-default-size\"><a class=\"mw-file-description\" href=\"https:\/\/it.wikipedia.org\/wiki\/File:Selinunte-pjt3.jpg\"><img loading=\"lazy\" decoding=\"async\" class=\"mw-file-element\" src=\"https:\/\/upload.wikimedia.org\/wikipedia\/commons\/thumb\/1\/1d\/Selinunte-pjt3.jpg\/220px-Selinunte-pjt3.jpg\" srcset=\"\/\/upload.wikimedia.org\/wikipedia\/commons\/thumb\/1\/1d\/Selinunte-pjt3.jpg\/330px-Selinunte-pjt3.jpg 1.5x, \/\/upload.wikimedia.org\/wikipedia\/commons\/thumb\/1\/1d\/Selinunte-pjt3.jpg\/440px-Selinunte-pjt3.jpg 2x\" width=\"220\" height=\"146\" data-file-width=\"4928\" data-file-height=\"3264\" \/><\/a>\n<figcaption>Tempio C<\/figcaption>\n<\/figure>\n<figure class=\"mw-default-size mw-halign-left\"><a class=\"mw-file-description\" href=\"https:\/\/it.wikipedia.org\/wiki\/File:Selinunte-TempleC-Plan-bjs.png\"><img loading=\"lazy\" decoding=\"async\" class=\"mw-file-element\" src=\"https:\/\/upload.wikimedia.org\/wikipedia\/commons\/thumb\/3\/34\/Selinunte-TempleC-Plan-bjs.png\/180px-Selinunte-TempleC-Plan-bjs.png\" srcset=\"\/\/upload.wikimedia.org\/wikipedia\/commons\/thumb\/3\/34\/Selinunte-TempleC-Plan-bjs.png\/270px-Selinunte-TempleC-Plan-bjs.png 1.5x, \/\/upload.wikimedia.org\/wikipedia\/commons\/thumb\/3\/34\/Selinunte-TempleC-Plan-bjs.png\/360px-Selinunte-TempleC-Plan-bjs.png 2x\" width=\"180\" height=\"111\" data-file-width=\"926\" data-file-height=\"573\" \/><\/a>\n<figcaption>Pianta del Tempio C<\/figcaption>\n<\/figure>\n<ul>\n<li>Il\u00a0<a class=\"mw-redirect\" title=\"Tempio C (Selinunte)\" href=\"https:\/\/it.wikipedia.org\/wiki\/Tempio_C_(Selinunte)\">Tempio C<\/a>\u00a0\u00e8 il pi\u00f9 antico in quest&#8217;area, e risale al 550 a.C. Nel\u00a0<a title=\"1925\" href=\"https:\/\/it.wikipedia.org\/wiki\/1925\">1925<\/a>-27 sono state ricomposte e rialzate sul lato N numerose colonne (per la precisione 14 colonne su 17) con parte della trabeazione. Presenta un peristilio (lunghezza m 63,70; larghezza m 24) di 6 x 17 colonne (altezza m 8,62). \u00c8 caratterizzato a est dall&#8217;ingresso preceduto da una scalinata di 8 gradini, un vestibolo con una seconda fila di colonne, quindi il pronao, la cella e l&#8217;<i>adyton<\/i>\u00a0collegati in un insieme stretto e lungo (carattere arcaico); ha sostanzialmente la stessa planimetria del Tempio F sulla collina orientale. Mostra in diversi elementi una certa inesperienza e lo sforzo di giungere alla perfezione tecnica del tempio dorico: per esempio le colonne sono tozze e massicce, alcune di esse sono ancora monolitiche, manca l&#8217;<a title=\"Entasi\" href=\"https:\/\/it.wikipedia.org\/wiki\/Entasi\">entasi<\/a>\u00a0(rigonfiamento della colonna), vi sono variazioni nel numero delle scanalature, oscillazioni nelle misure degli intercolumni, le colonne angolari hanno un diametro maggiore delle altre, ecc. Nel tempio sono stati rinvenuti: dalla decorazione della cornice alcuni frammenti di terrecotte policrome (rosso, bruno, porpora); dalla decorazione del frontone un gigantesco\u00a0<i>gorgoneion<\/i>\u00a0fittile (altezza m 2,50); dalla facciata tre metope che rappresentano: Perseo, alla presenza di Atena, in atto di decapitare Gorgone che stringe a s\u00e9 Pegaso; Eracle, catturati i C\u00e8rcopi (folletti-ladri), li porta via sospesi a una pertica a testa in gi\u00f9; la quadriga di Apollo vista frontalmente (il dio era affiancato dalle figure di Elio e Selene: lacunose), che sono tutte al Museo Archeologico di Palermo. Il Tempio C \u2013 che probabilmente aveva anche una funzione di archivio: infatti vi furono ritrovati centinaia di sigilli \u2013 era dedicato ad Apollo (rinvenimento dell&#8217;iscrizione IG XIV, 269), piuttosto che non ad Eracle (Guido).<\/li>\n<\/ul>\n<p>A est del Tempio C vi \u00e8 il suo grande altare rettangolare (lunghezza m 20,40; larghezza m 8) di cui restano le fondazioni e qualche gradino, e poi l&#8217;area dell&#8217;Agor\u00e0 ellenistica; poco oltre i resti delle case, la terrazza \u00e8 limitata da un portico dorico (lunghezza m 57; larghezza m 2,80) che si affaccia su un imponente tratto del muro di sostegno dell&#8217;acropoli.<\/p>\n<figure class=\"mw-default-size mw-halign-left\"><a class=\"mw-file-description\" href=\"https:\/\/it.wikipedia.org\/wiki\/File:Koldewey-Sicilien-vol2-table13.png\"><img loading=\"lazy\" decoding=\"async\" class=\"mw-file-element\" src=\"https:\/\/upload.wikimedia.org\/wikipedia\/commons\/thumb\/4\/44\/Koldewey-Sicilien-vol2-table13.png\/220px-Koldewey-Sicilien-vol2-table13.png\" srcset=\"\/\/upload.wikimedia.org\/wikipedia\/commons\/thumb\/4\/44\/Koldewey-Sicilien-vol2-table13.png\/330px-Koldewey-Sicilien-vol2-table13.png 1.5x, \/\/upload.wikimedia.org\/wikipedia\/commons\/thumb\/4\/44\/Koldewey-Sicilien-vol2-table13.png\/440px-Koldewey-Sicilien-vol2-table13.png 2x\" width=\"220\" height=\"133\" data-file-width=\"3150\" data-file-height=\"1904\" \/><\/a>\n<figcaption>Pianta del Tempio D (da Koldewey, 1899)<\/figcaption>\n<\/figure>\n<ul>\n<li>Segue il Tempio D, che si data al 540 a.C. e si affaccia col suo fronte ovest direttamente sulla strada nord-sud. Presenta un peristilio (lunghezza m 56; larghezza m 24) di 6 x 13 colonne (altezza m 7,51). \u00c8 caratterizzato da un pronao in antis, una cella allungata conclusa con l&#8217;<i>adyton<\/i>. \u00c8 pi\u00f9 progredito del Tempio C (le colonne sono lievemente inclinate, pi\u00f9 slanciate e con\u00a0<i>\u00e8ntasis<\/i>; il vestibolo \u00e8 sostituito da un pronao distilo in antis), ma mostra ancora incertezza nelle misure tra gli intercolumni e nei diametri delle colonne, come pure nel numero delle scanalature. Come gi\u00e0 il Tempio C, mostra nel pavimento del peristilio e della cella molte cavit\u00e0 circolari o quadrate di cui si ignora la funzione. Il Tempio D era dedicato ad Atena (come attesterebbe l&#8217;iscrizione dedicatoria IG XIV, 269), piuttosto che non ad Afrodite. Il grande altare esterno, non in asse col tempio ma posto obliquamente presso il suo angolo sud-ovest, fa supporre che l&#8217;attuale Tempio D occupi il luogo di uno precedente.<\/li>\n<\/ul>\n<figure class=\"mw-default-size\"><a class=\"mw-file-description\" href=\"https:\/\/it.wikipedia.org\/wiki\/File:Palermo-Museo-Archeologico-bjs-14.jpg\"><img loading=\"lazy\" decoding=\"async\" class=\"mw-file-element\" src=\"https:\/\/upload.wikimedia.org\/wikipedia\/commons\/thumb\/4\/44\/Palermo-Museo-Archeologico-bjs-14.jpg\/220px-Palermo-Museo-Archeologico-bjs-14.jpg\" srcset=\"\/\/upload.wikimedia.org\/wikipedia\/commons\/thumb\/4\/44\/Palermo-Museo-Archeologico-bjs-14.jpg\/330px-Palermo-Museo-Archeologico-bjs-14.jpg 1.5x, \/\/upload.wikimedia.org\/wikipedia\/commons\/thumb\/4\/44\/Palermo-Museo-Archeologico-bjs-14.jpg\/440px-Palermo-Museo-Archeologico-bjs-14.jpg 2x\" width=\"220\" height=\"147\" data-file-width=\"1840\" data-file-height=\"1232\" \/><\/a>\n<figcaption>Europa sul toro: metopa dal Tempio Y<\/figcaption>\n<\/figure>\n<ul>\n<li>A est del Tempio D vi \u00e8 il basamento di un tempietto arcaico, il Tempio Y, detto anche &#8220;Tempio delle piccole metope&#8221;, preceduto da un altare quadrato. Le metope rinvenutevi (altezza cm. 84), databili al 570 a.C., rappresentano: una sfinge di profilo accosciata, la triade delfica (Latona, Artemide, Apollo) in un rigido schema frontale, il ratto di Europa al di sopra del mare; altre due metope databili a circa il 560 a.C., reimpiegate nelle fortificazioni ermocratee, mostrano la quadriga di Demetra e Kore (oppure Elio e Selene? Apollo?), e una cerimonia eleusina con Demetra, Kore ed Ecate con la spiga di grano (le Moire?), sono tutte conservate al Museo Archeologico di Palermo.<\/li>\n<\/ul>\n<p>Intorno ai Templi C e D vi sono le rovine di un villaggio bizantino del V secolo d.C., costruito con materiale di recupero. Il fatto che alcune case risultavano sepolte dal crollo delle colonne del Tempio C, ha dimostrato che il terremoto che ha portato al crollo dei templi selinuntini deve essere avvenuto in epoca altomedievale.<\/p>\n<p>Verso nord l&#8217;acropoli presenta due quartieri della citt\u00e0 (uno a ovest ed l&#8217;altro ad est della grande strada nord-sud), ricostruiti da Ermocrate dopo il 409 a.C.: le case sono modeste, edificate con materiali di recupero; alcune di esse mostrano delle croci incise, segno che furono adoperate come edifici cristiani o da parte di cristiani.<\/p>\n<p>A nord, prima di raggiungere l&#8217;abitato, vi sono le grandiose fortificazioni a difesa dell&#8217;acropoli. Si articolano come una lunga galleria (originariamente coperta), parallela al tratto delle mura nord, con numerosi passaggi chiusi ad arco, seguita da un profondo fossato difensivo varcato da un ponticello, e con tre torri semicircolari ad ovest, nord e ad est. Girando all&#8217;esterno della torre nord \u2013 con un deposito di artiglieria alla base \u2013 si entra nella trincea rettilinea est-ovest con passaggi in entrambe le pareti. Le fortificazioni, attribuibili solo in piccola parte alla citt\u00e0 antica, sono da riferire sostanzialmente alle ricostruzioni di Ermocrate e a interventi successivi (IV-III secolo a.C.). Infatti vi furono reimpiegati degli elementi architettonici, che dimostrano che alcuni dei templi erano stati abbattuti gi\u00e0 nel 409 a.C.<\/p>\n<div class=\"mw-heading mw-heading3\">\n<h3 id=\"La_collina_Manuzza\">La collina Manuzza<\/h3>\n<p><span class=\"mw-editsection\"><span class=\"mw-editsection-bracket\">[<\/span><a class=\"mw-editsection-visualeditor\" title=\"Modifica la sezione La collina Manuzza\" href=\"https:\/\/it.wikipedia.org\/w\/index.php?title=Selinunte&amp;veaction=edit&amp;section=7\">modifica<\/a><span class=\"mw-editsection-divider\">\u00a0|\u00a0<\/span><a title=\"Edit section's source code: La collina Manuzza\" href=\"https:\/\/it.wikipedia.org\/w\/index.php?title=Selinunte&amp;action=edit&amp;section=7\">modifica wikitesto<\/a><span class=\"mw-editsection-bracket\">]<\/span><\/span><\/p>\n<\/div>\n<p>A nord dell&#8217;acropoli, sulla collina di Manuzza, la strada moderna (strada 6) traccia il confine di un&#8217;area di forma grossomodo trapezoidale in cui si presume si dovesse trovare anche l&#8217;agor\u00e0. Tutta l&#8217;area era occupata dall&#8217;abitato di schema ippodameo \u2013 riconosciuto con fotografie aeree \u2013 lievemente divaricato rispetto all&#8217;asse dell&#8217;acropoli, ma con isolati allungati di m 190 x 32 rigorosamente orientati nord-sud, che originariamente era cinto da un muro difensivo. Nell&#8217;area non sono stati fatti ancora degli scavi sistematici, ma solo dei saggi i quali hanno comunque confermato che il luogo era abitato fin dalla fondazione di Selinunte (VII secolo a.C.), e che dunque non si tratta di una fase successiva di espansione della citt\u00e0. Dopo la distruzione di Selinunte, quest&#8217;area della citt\u00e0 non fu pi\u00f9 riabitata; i profughi tornati al seguito di Ermocrate, si insediarono unicamente sull&#8217;acropoli, in quanto era pi\u00f9 facilmente difendibile.<\/p>\n<p>Sulla collina Manuzza nel\u00a0<a title=\"1985\" href=\"https:\/\/it.wikipedia.org\/wiki\/1985\">1985<\/a>\u00a0\u00e8 stata rinvenuta una costruzione in tufo, probabilmente un edificio pubblico risalente al V secolo a.C.<sup id=\"cite_ref-Nota2_21-2\" class=\"reference\"><a href=\"https:\/\/it.wikipedia.org\/wiki\/Selinunte#cite_note-Nota2-21\"><span class=\"cite-bracket\">[<\/span>21<span class=\"cite-bracket\">]<\/span><\/a><\/sup>.<\/p>\n<p>A nord infine, oltre l&#8217;abitato, stanno due necropoli: quella di Manuzza e quella pi\u00f9 antica (VII-VI secolo a.C.) in localit\u00e0 Galera-Bagliazzo.<\/p>\n<figure class=\"mw-default-size mw-halign-left\"><a class=\"mw-file-description\" href=\"https:\/\/it.wikipedia.org\/wiki\/File:Selinunte-East-Hill-bjs-1.jpg\"><img loading=\"lazy\" decoding=\"async\" class=\"mw-file-element\" src=\"https:\/\/upload.wikimedia.org\/wikipedia\/commons\/thumb\/c\/c8\/Selinunte-East-Hill-bjs-1.jpg\/220px-Selinunte-East-Hill-bjs-1.jpg\" srcset=\"\/\/upload.wikimedia.org\/wikipedia\/commons\/thumb\/c\/c8\/Selinunte-East-Hill-bjs-1.jpg\/330px-Selinunte-East-Hill-bjs-1.jpg 1.5x, \/\/upload.wikimedia.org\/wikipedia\/commons\/thumb\/c\/c8\/Selinunte-East-Hill-bjs-1.jpg\/440px-Selinunte-East-Hill-bjs-1.jpg 2x\" width=\"220\" height=\"147\" data-file-width=\"1536\" data-file-height=\"1024\" \/><\/a>\n<figcaption>La collina orientale di Selinunte<\/figcaption>\n<\/figure>\n<div class=\"mw-heading mw-heading3\">\n<h3 id=\"La_collina_orientale\">La collina orientale<\/h3>\n<p><span class=\"mw-editsection\"><span class=\"mw-editsection-bracket\">[<\/span><a class=\"mw-editsection-visualeditor\" title=\"Modifica la sezione La collina orientale\" href=\"https:\/\/it.wikipedia.org\/w\/index.php?title=Selinunte&amp;veaction=edit&amp;section=8\">modifica<\/a><span class=\"mw-editsection-divider\">\u00a0|\u00a0<\/span><a title=\"Edit section's source code: La collina orientale\" href=\"https:\/\/it.wikipedia.org\/w\/index.php?title=Selinunte&amp;action=edit&amp;section=8\">modifica wikitesto<\/a><span class=\"mw-editsection-bracket\">]<\/span><\/span><\/p>\n<\/div>\n<p>Sulla collina orientale vi sono tre templi che, bench\u00e9 disposti lungo lo stesso asse nord-sud, tuttavia non sembra avessero un unico recinto sacro (<i>t\u00e8menos<\/i>), come dimostrerebbe il muro di separazione esistente fra il Tempio E ed il Tempio F. Questo complesso sacro ha fortissime analogie con le pendici occidentali dell&#8217;acropoli Caria di Megara Nisea, madrepatria di Selinunte, elemento prezioso, forse indispensabile, per un discorso corretto sull&#8217;attribuzione dei culti praticati nei vari templi.<\/p>\n<figure class=\"mw-default-size\"><a class=\"mw-file-description\" href=\"https:\/\/it.wikipedia.org\/wiki\/File:Sicily_Selinunte_Temple_E_(Hera).JPG\"><img loading=\"lazy\" decoding=\"async\" class=\"mw-file-element\" src=\"https:\/\/upload.wikimedia.org\/wikipedia\/commons\/thumb\/b\/b1\/Sicily_Selinunte_Temple_E_%28Hera%29.JPG\/220px-Sicily_Selinunte_Temple_E_%28Hera%29.JPG\" srcset=\"\/\/upload.wikimedia.org\/wikipedia\/commons\/thumb\/b\/b1\/Sicily_Selinunte_Temple_E_%28Hera%29.JPG\/330px-Sicily_Selinunte_Temple_E_%28Hera%29.JPG 1.5x, \/\/upload.wikimedia.org\/wikipedia\/commons\/thumb\/b\/b1\/Sicily_Selinunte_Temple_E_%28Hera%29.JPG\/440px-Sicily_Selinunte_Temple_E_%28Hera%29.JPG 2x\" width=\"220\" height=\"147\" data-file-width=\"1500\" data-file-height=\"1000\" \/><\/a>\n<figcaption>Il\u00a0<a title=\"Tempio E di Selinunte\" href=\"https:\/\/it.wikipedia.org\/wiki\/Tempio_E_di_Selinunte\">Tempio E<\/a>, chiamato anche Tempio di\u00a0<a class=\"mw-redirect\" title=\"Era (mitologia)\" href=\"https:\/\/it.wikipedia.org\/wiki\/Era_(mitologia)\">Hera<\/a>.<\/figcaption>\n<\/figure>\n<figure class=\"mw-default-size\"><a class=\"mw-file-description\" href=\"https:\/\/it.wikipedia.org\/wiki\/File:Selinunte_Panoramic_View_1.jpg\"><img loading=\"lazy\" decoding=\"async\" class=\"mw-file-element\" src=\"https:\/\/upload.wikimedia.org\/wikipedia\/commons\/thumb\/9\/92\/Selinunte_Panoramic_View_1.jpg\/310px-Selinunte_Panoramic_View_1.jpg\" srcset=\"\/\/upload.wikimedia.org\/wikipedia\/commons\/thumb\/9\/92\/Selinunte_Panoramic_View_1.jpg\/465px-Selinunte_Panoramic_View_1.jpg 1.5x, \/\/upload.wikimedia.org\/wikipedia\/commons\/thumb\/9\/92\/Selinunte_Panoramic_View_1.jpg\/620px-Selinunte_Panoramic_View_1.jpg 2x\" width=\"310\" height=\"111\" data-file-width=\"5654\" data-file-height=\"2026\" \/><\/a>\n<figcaption><a title=\"Tempio E di Selinunte\" href=\"https:\/\/it.wikipedia.org\/wiki\/Tempio_E_di_Selinunte\">Tempio E<\/a>\u00a0(Tempio di Hera) &#8211; Veduta del suo interno<\/figcaption>\n<\/figure>\n<figure class=\"mw-default-size mw-halign-left\"><a class=\"mw-file-description\" href=\"https:\/\/it.wikipedia.org\/wiki\/File:Selinunte-TempleE-bjs-1.jpg\"><img loading=\"lazy\" decoding=\"async\" class=\"mw-file-element\" src=\"https:\/\/upload.wikimedia.org\/wikipedia\/commons\/thumb\/9\/92\/Selinunte-TempleE-bjs-1.jpg\/260px-Selinunte-TempleE-bjs-1.jpg\" srcset=\"\/\/upload.wikimedia.org\/wikipedia\/commons\/thumb\/9\/92\/Selinunte-TempleE-bjs-1.jpg\/390px-Selinunte-TempleE-bjs-1.jpg 1.5x, \/\/upload.wikimedia.org\/wikipedia\/commons\/thumb\/9\/92\/Selinunte-TempleE-bjs-1.jpg\/520px-Selinunte-TempleE-bjs-1.jpg 2x\" width=\"260\" height=\"173\" data-file-width=\"1536\" data-file-height=\"1024\" \/><\/a>\n<figcaption>Resti di stucchi antichi sulle colonne del\u00a0<a title=\"Tempio E di Selinunte\" href=\"https:\/\/it.wikipedia.org\/wiki\/Tempio_E_di_Selinunte\">Tempio E<\/a><\/figcaption>\n<\/figure>\n<ul>\n<li>Il\u00a0<a class=\"mw-redirect\" title=\"Tempio E (Selinunte)\" href=\"https:\/\/it.wikipedia.org\/wiki\/Tempio_E_(Selinunte)\">Tempio E<\/a>, il pi\u00f9 recente dei tre, risale al 460-450 a.C. e ha una pianta molto simile a quella dei Templi A e O dell&#8217;Acropoli. Il suo attuale aspetto lo si deve all&#8217;<a title=\"Anastilosi\" href=\"https:\/\/it.wikipedia.org\/wiki\/Anastilosi\">anastilosi<\/a>\u00a0(ricomposizione e reinnalzamento di alcune sue colonne) effettuata tra il\u00a0<a title=\"1956\" href=\"https:\/\/it.wikipedia.org\/wiki\/1956\">1956<\/a>\u00a0ed il\u00a0<a title=\"1959\" href=\"https:\/\/it.wikipedia.org\/wiki\/1959\">1959<\/a>. Presenta un peristilio (lunghezza m 67,82; larghezza m 25,33) di 6 x 15 colonne (altezza m 10,19) con numerose tracce superstiti dell&#8217;originario stucco che le ricopriva. \u00c8 un tempio caratterizzato da diverse scalinate che determinano un sistema di rialzamenti successivi: una prima di 10 gradini conduceva all&#8217;ingresso sul lato E; dopo il pronao in antis un&#8217;altra di 6 gradini conduceva nella cella; e per finire un&#8217;ultima di 6 gradini dava accesso \u2013 in fondo alla cella \u2013 all&#8217;<i>adyton<\/i>; dietro l&#8217;<i>adyton<\/i>, separato da esso, vi era l&#8217;opistodomo in antis. Un fregio dorico alla sommit\u00e0 delle pareti della cella era costituito da metope figurate, i cui personaggi avevano il corpo in arenaria locale mentre la testa e le parti nude dei corpi femminili erano in marmo pario; si sono conservate quattro metope intere raffiguranti (in stile severo): Eracle che uccide l&#8217;amazzone Antiope; le nozze di Zeus con Hera; Atteone che viene dilaniato dai cani di Artemide; Atena che uccide il gigante Enc\u00e8lado; inoltre una quinta lacunosa: Apollo e Dafne (?); tutte conservate al Museo Archeologico di Palermo. Recenti sondaggi effettuati intorno e al di sotto del Tempio E hanno rivelato che esso \u00e8 stato preceduto da altri due edifici sacri, di cui uno fu distrutto da un incendio nel 510 a.C. Il Tempio E era dedicato a Hera, come attesterebbe l&#8217;iscrizione di una stele votiva (IG XIV, 271); invece alcuni studiosi (Coarelli-Torelli), in base a confronti, deducono che debba trattarsi piuttosto di un tempio di Afrodite.<\/li>\n<\/ul>\n<figure class=\"mw-default-size\"><a class=\"mw-file-description\" href=\"https:\/\/it.wikipedia.org\/wiki\/File:Templioselinunte.jpg\"><img loading=\"lazy\" decoding=\"async\" class=\"mw-file-element\" src=\"https:\/\/upload.wikimedia.org\/wikipedia\/commons\/thumb\/d\/d8\/Templioselinunte.jpg\/310px-Templioselinunte.jpg\" srcset=\"\/\/upload.wikimedia.org\/wikipedia\/commons\/thumb\/d\/d8\/Templioselinunte.jpg\/465px-Templioselinunte.jpg 1.5x, \/\/upload.wikimedia.org\/wikipedia\/commons\/thumb\/d\/d8\/Templioselinunte.jpg\/620px-Templioselinunte.jpg 2x\" width=\"310\" height=\"156\" data-file-width=\"976\" data-file-height=\"490\" \/><\/a>\n<figcaption>Collina orientale: il Tempio F in primo piano e il\u00a0<a title=\"Tempio E di Selinunte\" href=\"https:\/\/it.wikipedia.org\/wiki\/Tempio_E_di_Selinunte\">Tempio E<\/a>\u00a0ricostruito sullo sfondo<\/figcaption>\n<\/figure>\n<figure class=\"mw-default-size mw-halign-left\"><a class=\"mw-file-description\" href=\"https:\/\/it.wikipedia.org\/wiki\/File:Selinunte-TempleF-Plan-bjs.png\"><img loading=\"lazy\" decoding=\"async\" class=\"mw-file-element\" src=\"https:\/\/upload.wikimedia.org\/wikipedia\/commons\/thumb\/f\/fe\/Selinunte-TempleF-Plan-bjs.png\/180px-Selinunte-TempleF-Plan-bjs.png\" srcset=\"\/\/upload.wikimedia.org\/wikipedia\/commons\/thumb\/f\/fe\/Selinunte-TempleF-Plan-bjs.png\/270px-Selinunte-TempleF-Plan-bjs.png 1.5x, \/\/upload.wikimedia.org\/wikipedia\/commons\/thumb\/f\/fe\/Selinunte-TempleF-Plan-bjs.png\/360px-Selinunte-TempleF-Plan-bjs.png 2x\" width=\"180\" height=\"111\" data-file-width=\"926\" data-file-height=\"573\" \/><\/a>\n<figcaption>Pianta del Tempio F<\/figcaption>\n<\/figure>\n<ul>\n<li>Il\u00a0<a class=\"mw-redirect\" title=\"Tempio F (Selinunte)\" href=\"https:\/\/it.wikipedia.org\/wiki\/Tempio_F_(Selinunte)\">Tempio F<\/a>, il pi\u00f9 antico ma anche il pi\u00f9 piccolo dei tre, fu costruito fra il 550 e il 540 a.C. su modello del Tempio C. \u00c8 fra i templi quello che maggiormente ha subito spoliazioni. Presenta un peristilio (lunghezza m 61,83; larghezza m 24,43) di 6 x 14 colonne (altezza m 9,11) caratterizzato da chiusure in muratura (altezza m 4,70) tra gli intercolumni, con finte porte dipinte composte da lesene e architravi, mentre l&#8217;ingresso vero e proprio era a est. Non si conosce il motivo di questo apprestamento, veramente insolito per un tempio greco: si \u00e8 pensato che fosse suggerito dalla necessit\u00e0 di proteggere i doni votivi; oppure di impedire ai profani la visione di riti particolari (misteri dionisiaci?) che venivano svolti al suo interno. L&#8217;interno \u00e8 caratterizzato da un vestibolo delimitato da un secondo ordine di colonne, dal pronao, cella e\u00a0<i>adyton<\/i>\u00a0collegati in un insieme stretto e lungo (carattere arcaico). Dalla facciata est sono presenti due metope tardo arcaiche (datate al 500 a.C.) rinvenute durante gli scavi nel\u00a0<a title=\"1823\" href=\"https:\/\/it.wikipedia.org\/wiki\/1823\">1823<\/a>, che rappresentano Atena e Dioniso in atto di colpire a morte due Giganti, oggi conservate nel\u00a0<a class=\"mw-redirect\" title=\"Museo archeologico regionale Antonio Salinas\" href=\"https:\/\/it.wikipedia.org\/wiki\/Museo_archeologico_regionale_Antonio_Salinas\">Museo Archeologico Regionale di Palermo<\/a>. Il Tempio F era dedicato forse ad Atena (Maiuri, Moscati), forse a Di\u00f2niso (Coarelli-Torelli).<\/li>\n<\/ul>\n<figure class=\"mw-default-size\"><a class=\"mw-file-description\" href=\"https:\/\/it.wikipedia.org\/wiki\/File:Crupi,_Giovanni_(1849-1925)_-_n._0275_-_Selinunte_-_Rovine.jpg\"><img loading=\"lazy\" decoding=\"async\" class=\"mw-file-element\" src=\"https:\/\/upload.wikimedia.org\/wikipedia\/commons\/thumb\/e\/e2\/Crupi%2C_Giovanni_%281849-1925%29_-_n._0275_-_Selinunte_-_Rovine.jpg\/220px-Crupi%2C_Giovanni_%281849-1925%29_-_n._0275_-_Selinunte_-_Rovine.jpg\" srcset=\"\/\/upload.wikimedia.org\/wikipedia\/commons\/thumb\/e\/e2\/Crupi%2C_Giovanni_%281849-1925%29_-_n._0275_-_Selinunte_-_Rovine.jpg\/330px-Crupi%2C_Giovanni_%281849-1925%29_-_n._0275_-_Selinunte_-_Rovine.jpg 1.5x, \/\/upload.wikimedia.org\/wikipedia\/commons\/thumb\/e\/e2\/Crupi%2C_Giovanni_%281849-1925%29_-_n._0275_-_Selinunte_-_Rovine.jpg\/440px-Crupi%2C_Giovanni_%281849-1925%29_-_n._0275_-_Selinunte_-_Rovine.jpg 2x\" width=\"220\" height=\"163\" data-file-width=\"800\" data-file-height=\"592\" \/><\/a>\n<figcaption>Il Tempio G in una vecchia foto di G. Crupi (ante 1925)<\/figcaption>\n<\/figure>\n<figure class=\"mw-default-size mw-halign-left\"><a class=\"mw-file-description\" href=\"https:\/\/it.wikipedia.org\/wiki\/File:Selinunte-TempleG-Plan-bjs.png\"><img loading=\"lazy\" decoding=\"async\" class=\"mw-file-element\" src=\"https:\/\/upload.wikimedia.org\/wikipedia\/commons\/thumb\/e\/e5\/Selinunte-TempleG-Plan-bjs.png\/180px-Selinunte-TempleG-Plan-bjs.png\" srcset=\"\/\/upload.wikimedia.org\/wikipedia\/commons\/thumb\/e\/e5\/Selinunte-TempleG-Plan-bjs.png\/270px-Selinunte-TempleG-Plan-bjs.png 1.5x, \/\/upload.wikimedia.org\/wikipedia\/commons\/thumb\/e\/e5\/Selinunte-TempleG-Plan-bjs.png\/360px-Selinunte-TempleG-Plan-bjs.png 2x\" width=\"180\" height=\"111\" data-file-width=\"926\" data-file-height=\"573\" \/><\/a>\n<figcaption>Pianta del Tempio G<\/figcaption>\n<\/figure>\n<figure class=\"mw-default-size\"><a class=\"mw-file-description\" href=\"https:\/\/it.wikipedia.org\/wiki\/File:Selinunte-pjt1.jpg\"><img loading=\"lazy\" decoding=\"async\" class=\"mw-file-element\" src=\"https:\/\/upload.wikimedia.org\/wikipedia\/commons\/thumb\/7\/7c\/Selinunte-pjt1.jpg\/330px-Selinunte-pjt1.jpg\" srcset=\"\/\/upload.wikimedia.org\/wikipedia\/commons\/thumb\/7\/7c\/Selinunte-pjt1.jpg\/495px-Selinunte-pjt1.jpg 1.5x, \/\/upload.wikimedia.org\/wikipedia\/commons\/thumb\/7\/7c\/Selinunte-pjt1.jpg\/660px-Selinunte-pjt1.jpg 2x\" width=\"330\" height=\"61\" data-file-width=\"11345\" data-file-height=\"2088\" \/><\/a>\n<figcaption>Tempio G: &#8220;lu fusu di la vecchia&#8221;<\/figcaption>\n<\/figure>\n<ul>\n<li>Il\u00a0<a class=\"mw-redirect\" title=\"Tempio G (Selinunte)\" href=\"https:\/\/it.wikipedia.org\/wiki\/Tempio_G_(Selinunte)\">Tempio G<\/a>\u00a0\u00e8 il pi\u00f9 grande di Selinunte (lunghezza m 113,34; larghezza m 54,05; altezza m 30 circa) e uno dei maggiori del mondo greco<sup id=\"cite_ref-23\" class=\"reference\"><a href=\"https:\/\/it.wikipedia.org\/wiki\/Selinunte#cite_note-23\"><span class=\"cite-bracket\">[<\/span>23<span class=\"cite-bracket\">]<\/span><\/a><\/sup>. La sua costruzione, pur protraendosi dal 530 al 409 a.C. (si notano variazioni di stile durante il lungo periodo costruttivo: dall&#8217;arcaico sul lato est al classico sul lato ovest), rimase tuttavia incompiuta, come risulta dall&#8217;assenza di scanalature in alcune colonne, e dall&#8217;esistenza di rocchi di colonne delle stesse dimensioni a km 10 di distanza, in fase di estrazione, nelle\u00a0<a title=\"Cave di Cusa\" href=\"https:\/\/it.wikipedia.org\/wiki\/Cave_di_Cusa\">Cave di Cusa<\/a>\u00a0(vedi sotto). Tra il cumulo terrificante delle sue rovine, si riconosce un peristilio di 8 x 17 colonne (altezza m 16,27; diametro m 3,41) di cui sta in piedi una sola \u2013 ricomposta nel 1832 \u2013 (chiamata &#8220;lu fusu di la vecchia&#8221;). L&#8217;interno comprendeva: un pronao prostilo a 4 colonne con due profonde ante terminanti a pilastro, e tre porte di accesso all&#8217;ampia cella; una cella molto larga divisa in tre navate, di cui quella mediana probabilmente &#8220;ipetrale&#8221; (cio\u00e8 a cielo aperto) caratterizzata da due file di 10 colonne pi\u00f9 sottili che sostenevano una seconda fila di colonne (&#8220;galleria&#8221;), e da due scale laterali che portavano ai sottotetti; in fondo alla navata centrale vi \u00e8 l&#8217;<i>adyton<\/i>\u00a0separato dalle pareti della cella (soluzione tipica ed originale), all&#8217;interno del quale fu ritrovato il torso di un gigante ferito o morente e l&#8217;importantissima iscrizione chiamata &#8220;Grande Tavola Selinuntina&#8221; (vedi pi\u00f9 sotto); e infine un opistodomo in antis non comunicante con la cella. Fra le rovine, di particolare interesse risultano: alcune colonne rifinite che mostrano tracce dello stucco colorato; i blocchi delle trabeazioni che presentano scanalature laterali a ferro di cavallo entro le quali venivano passate le funi per il loro sollevamento. Il Tempio G \u2013 che probabilmente aveva anche la funzione di tesoro della citt\u00e0 \u2013 dall&#8217;iscrizione rinvenutavi sembra che fosse dedicato ad Apollo; oggi, in base a studi recenti, si propende ad attribuirlo a Zeus.<\/li>\n<\/ul>\n<p>Ai piedi della collina, alla foce del fiume Cottone vi \u00e8 il porto est; esteso per m. 600 circa verso l&#8217;interno e guarnito probabilmente da un molo o da una diga che si protendeva dall&#8217;acropoli, sub\u00ec nel IV-III secolo a.C. delle trasformazioni: infatti fu allargato e fiancheggiato da banchine (orientate nord-sud) e da depositi. Dei due porti di Selinunte \u2013 attualmente insabbiati \u2013 il porto W, posto alla foce del fiume Selino-Modione, era quello principale.<\/p>\n<p>I quartieri extra moenia, collegati alle attivit\u00e0 emporiche, commerciali e portuali, erano sistemati invece su grossi terrazzamenti lungo le pendici della collina.<\/p>\n<p>A nord dell&#8217;attuale villaggio Marinella, infine, si trova una necropoli in localit\u00e0 Buffa.<\/p>\n<div class=\"mw-heading mw-heading3\">\n<h3 id=\"La_collina_occidentale_G\u00e0ggera_e_il_santuario_della_Maloph\u00f2ros\"><span id=\"La_collina_occidentale_G.C3.A0ggera_e_il_santuario_della_Maloph.C3.B2ros\"><\/span>La collina occidentale G\u00e0ggera e il santuario della Maloph\u00f2ros<\/h3>\n<p><span class=\"mw-editsection\"><span class=\"mw-editsection-bracket\">[<\/span><a class=\"mw-editsection-visualeditor\" title=\"Modifica la sezione La collina occidentale G\u00e0ggera e il santuario della Maloph\u00f2ros\" href=\"https:\/\/it.wikipedia.org\/w\/index.php?title=Selinunte&amp;veaction=edit&amp;section=9\">modifica<\/a><span class=\"mw-editsection-divider\">\u00a0|\u00a0<\/span><a title=\"Edit section's source code: La collina occidentale G\u00e0ggera e il santuario della Maloph\u00f2ros\" href=\"https:\/\/it.wikipedia.org\/w\/index.php?title=Selinunte&amp;action=edit&amp;section=9\">modifica wikitesto<\/a><span class=\"mw-editsection-bracket\">]<\/span><\/span><\/p>\n<\/div>\n<p>Sulla collina occidentale vi si giunge per un sentiero che parte dall&#8217;acropoli ed attraversa il fiume Modione.<\/p>\n<figure class=\"mw-default-size mw-halign-left\"><a class=\"mw-file-description\" href=\"https:\/\/it.wikipedia.org\/wiki\/File:Koldewey-Sicilien-vol2-table11.png\"><img loading=\"lazy\" decoding=\"async\" class=\"mw-file-element\" src=\"https:\/\/upload.wikimedia.org\/wikipedia\/commons\/thumb\/4\/41\/Koldewey-Sicilien-vol2-table11.png\/220px-Koldewey-Sicilien-vol2-table11.png\" srcset=\"\/\/upload.wikimedia.org\/wikipedia\/commons\/thumb\/4\/41\/Koldewey-Sicilien-vol2-table11.png\/330px-Koldewey-Sicilien-vol2-table11.png 1.5x, \/\/upload.wikimedia.org\/wikipedia\/commons\/thumb\/4\/41\/Koldewey-Sicilien-vol2-table11.png\/440px-Koldewey-Sicilien-vol2-table11.png 2x\" width=\"220\" height=\"106\" data-file-width=\"3382\" data-file-height=\"1630\" \/><\/a>\n<figcaption>Pianta del Santuario della Maloph\u00f2ros (da Koldewey, 1899)<\/figcaption>\n<\/figure>\n<figure class=\"mw-default-size\"><a class=\"mw-file-description\" href=\"https:\/\/it.wikipedia.org\/wiki\/File:Selinunte_malophoros4.jpg\"><img loading=\"lazy\" decoding=\"async\" class=\"mw-file-element\" src=\"https:\/\/upload.wikimedia.org\/wikipedia\/commons\/thumb\/e\/e9\/Selinunte_malophoros4.jpg\/220px-Selinunte_malophoros4.jpg\" srcset=\"\/\/upload.wikimedia.org\/wikipedia\/commons\/thumb\/e\/e9\/Selinunte_malophoros4.jpg\/330px-Selinunte_malophoros4.jpg 1.5x, \/\/upload.wikimedia.org\/wikipedia\/commons\/thumb\/e\/e9\/Selinunte_malophoros4.jpg\/440px-Selinunte_malophoros4.jpg 2x\" width=\"220\" height=\"165\" data-file-width=\"2592\" data-file-height=\"1944\" \/><\/a>\n<figcaption>Megaron della Maloph\u00f2ros<\/figcaption>\n<\/figure>\n<figure class=\"mw-default-size\"><a class=\"mw-file-description\" href=\"https:\/\/it.wikipedia.org\/wiki\/File:Selinunte_malophoros3.jpg\"><img loading=\"lazy\" decoding=\"async\" class=\"mw-file-element\" src=\"https:\/\/upload.wikimedia.org\/wikipedia\/commons\/thumb\/8\/8b\/Selinunte_malophoros3.jpg\/220px-Selinunte_malophoros3.jpg\" srcset=\"\/\/upload.wikimedia.org\/wikipedia\/commons\/thumb\/8\/8b\/Selinunte_malophoros3.jpg\/330px-Selinunte_malophoros3.jpg 1.5x, \/\/upload.wikimedia.org\/wikipedia\/commons\/thumb\/8\/8b\/Selinunte_malophoros3.jpg\/440px-Selinunte_malophoros3.jpg 2x\" width=\"220\" height=\"165\" data-file-width=\"2592\" data-file-height=\"1944\" \/><\/a>\n<figcaption>Tempio di Hekate<\/figcaption>\n<\/figure>\n<figure class=\"mw-default-size\"><a class=\"mw-file-description\" href=\"https:\/\/it.wikipedia.org\/wiki\/File:Selinunte_malophoros.jpg\"><img loading=\"lazy\" decoding=\"async\" class=\"mw-file-element\" src=\"https:\/\/upload.wikimedia.org\/wikipedia\/commons\/thumb\/1\/13\/Selinunte_malophoros.jpg\/220px-Selinunte_malophoros.jpg\" srcset=\"\/\/upload.wikimedia.org\/wikipedia\/commons\/thumb\/1\/13\/Selinunte_malophoros.jpg\/330px-Selinunte_malophoros.jpg 1.5x, \/\/upload.wikimedia.org\/wikipedia\/commons\/thumb\/1\/13\/Selinunte_malophoros.jpg\/440px-Selinunte_malophoros.jpg 2x\" width=\"220\" height=\"293\" data-file-width=\"1944\" data-file-height=\"2592\" \/><\/a>\n<figcaption>lunga canaletta<\/figcaption>\n<\/figure>\n<figure class=\"mw-default-size\"><a class=\"mw-file-description\" href=\"https:\/\/it.wikipedia.org\/wiki\/File:Selinunte101.jpg\"><img loading=\"lazy\" decoding=\"async\" class=\"mw-file-element\" src=\"https:\/\/upload.wikimedia.org\/wikipedia\/commons\/thumb\/8\/8e\/Selinunte101.jpg\/220px-Selinunte101.jpg\" srcset=\"\/\/upload.wikimedia.org\/wikipedia\/commons\/thumb\/8\/8e\/Selinunte101.jpg\/330px-Selinunte101.jpg 1.5x, \/\/upload.wikimedia.org\/wikipedia\/commons\/thumb\/8\/8e\/Selinunte101.jpg\/440px-Selinunte101.jpg 2x\" width=\"220\" height=\"165\" data-file-width=\"1280\" data-file-height=\"960\" \/><\/a>\n<figcaption><\/figcaption>\n<\/figure>\n<p>In contrada G\u00e0ggera si incontrano i resti del pi\u00f9 antico santuario selinuntino dedicato alla dea della fertilit\u00e0, il Santuario di\u00a0<a title=\"Demetra\" href=\"https:\/\/it.wikipedia.org\/wiki\/Demetra\">D\u00e8metra Maloph\u00f2ros<\/a>, scavato a pi\u00f9 riprese fra il\u00a0<a title=\"1874\" href=\"https:\/\/it.wikipedia.org\/wiki\/1874\">1874<\/a>\u00a0ed il\u00a0<a title=\"1915\" href=\"https:\/\/it.wikipedia.org\/wiki\/1915\">1915<\/a>. Costruzione complessa, molto rimaneggiata ed altrettanto danneggiata, fu eretta nel VI secolo a.C. sul declivio sabbioso della collina; serviva probabilmente da stazione dei cortei funebri che proseguivano poi per la necropoli di Manicalunga.<\/p>\n<p>Agli inizi il luogo, sicuramente privo di qualsiasi costruzione, prevedeva pratiche cultuali all&#8217;aperto intorno a qualche ara; solo in seguito all&#8217;erezione del tempio e dell&#8217;alto muro di recinzione (<i>t\u00e8menos<\/i>), esso fu trasformato in santuario.<\/p>\n<p>Questo consiste in un recinto quadrangolare (m 60 x 50) al quale si accede sul lato E attraverso un propileo quadrato in antis \u2013 costruito nel V secolo a.C. \u2013 preceduto da una piccola gradinata e da una struttura circolare; all&#8217;esterno del muro di recinzione, il propileo \u00e8 affiancato dai resti di un lungo porticato (<i>sto\u00e0<\/i>) fornito di sedili per i pellegrini, davanti al quale si evidenziano diversi altari o donarii. All&#8217;interno del\u00a0<i>temenos<\/i>, invece, al centro, vi \u00e8 il grande altare (lunghezza m 16,30; larghezza m 3,15), rinvenuto colmo di ceneri, di ossa animali e di altri resti di sacrifici; esso mostra un&#8217;aggiunta verso sud-ovest, mentre i resti di un precedente altare arcaico sono visibili presso la sua estremit\u00e0 nord-ovest, ed un pozzo quadrato \u00e8 posto in direzione del tempio. Tra l&#8217;altare ed il tempio vi \u00e8 inoltre un canale in pietra che, provenendo da N, attraversa tutta l&#8217;area portando al santuario acqua da una vicina sorgente.<\/p>\n<p>Subito oltre il canale vi \u00e8 il vero e proprio Tempio di Demetra a forma di\u00a0<i>m\u00e8garon<\/i>, (lunghezza m 20,40; larghezza m 9,52), privo di basamento e di colonne, con pronao, cella e\u00a0<i>adyton<\/i>\u00a0con nicchia voltata nella parete di fondo; un ambiente di servizio rettangolare si appoggia al lato nord del pronao. Il\u00a0<i>m\u00e8garon<\/i>\u00a0ebbe una fase pi\u00f9 antica, riconoscibile per\u00f2 solo a livello di fondazione. A sud del tempio vi sono una struttura quadrata e una struttura rettangolare a ridosso del muro di cinta, di non chiara funzione; a nord del tempio, un&#8217;altra struttura a due vani, comunicante sia con l&#8217;interno sia con l&#8217;esterno del recinto sacro, costituisce forse un ingresso secondario al\u00a0<i>t\u00e8menos<\/i>, rimaneggiato in epoca tarda.<\/p>\n<p>Del muro di recinzione, il lato sud fu periodicamente rinforzato per trattenere le spinte del terreno sabbioso. A sud del propileo, addossato al muro di cinta, vi \u00e8 un recinto dedicato ad Ecate<sup id=\"cite_ref-24\" class=\"reference\"><a href=\"https:\/\/it.wikipedia.org\/wiki\/Selinunte#cite_note-24\"><span class=\"cite-bracket\">[<\/span>24<span class=\"cite-bracket\">]<\/span><\/a><\/sup>: di forma quadrata, il sacello \u00e8 posto nell&#8217;angolo E presso un ingresso al recinto, mentre nell&#8217;angolo sud vi \u00e8 un piccolo spazio quadrato pavimentato a lastre, di ignota destinazione. A m 15 in direzione nord, un altro recinto quadrangolare (m 17 di lato) \u00e8 dedicato a Zeus Meil\u00ecchios e Pasikr\u00e0teia (Zeus &#8220;dolce come il miele&#8221; e Persefone): molto rimaneggiato \u2013 tanto che non sempre \u00e8 facile comprenderne le varie strutture \u2013 fu eretto alla fine del IV secolo a.C. \u00c8 costituito da: un recinto circondato su due lati da colonne di tipo diverso, attribuibili ad un porticato rifatto in epoca ellenistica; un piccolo tempio prostilo in antis (lunghezza m 5,22; larghezza m 3,02) posto in fondo al recinto, con colonne monolitiche di tipo dorico, ma trabeazione di tipo ionico; due altari al centro dell&#8217;area. All&#8217;esterno, ad ovest, erano state collocate dai fedeli diverse piccole stele coronate dalle immagini della coppia divina (due volti: uno maschile e l&#8217;altro femminile) rese con pochi tratti incisi: rinvenute insieme a ceneri e resti di offerte, testimoniano il convergere del culto greco di divinit\u00e0 ctonie con la religiosit\u00e0 punica.<\/p>\n<p>Moltissimi sono i reperti provenienti dal santuario della Maloph\u00f2ros (tutti conservati al Museo di Palermo): arule scolpite con scene mitologiche; circa 12.000 figurine votive di offerenti maschili e femminili in terracotta (alcune delle quali ricavate dalla stessa matrice), databili tra il VII e il V secolo a.C.; grandi busti-incensieri che raffigurano Demetra e forse Tanit; una grande quantit\u00e0 di ceramica corinzia (del primo corinzio e del tardo proto-corinzio); un bassorilievo raffigurante il ratto di Persefone da parte di Ade proviene dalla zona dell&#8217;ingresso al recinto. I materiali cristiani rinvenuti (soprattutto lucerne col monogramma XP), provano la presenza dal III al V secolo d.C. di una comunit\u00e0 religiosa cristiana nell&#8217;area del santuario.<\/p>\n<p>Ad ovest del santuario della Maloph\u00f2ros vi \u00e8 la necropoli pi\u00f9 vasta di Selinunte, quella in localit\u00e0 Pipio, Manicalunga e Timpone Nero. Nelle numerosissime tombe a cassa con copertura a lastre di tufo, si sono rinvenuti soprattutto vasi attici del VI e V secolo a.C.; ma non mancano tombe del VII secolo a.C., e neppure tombe non elleniche. In generale le necropoli di Selinunte sono per l&#8217;85% a inumazione, e non presentano corredi particolarmente ricchi.<\/p>\n<p>Procedendo lungo le pendici della collina della G\u00e0ggera, poco oltre si raggiunge la sorgente da cui si approvvigionava di acqua il Santuario della Maloph\u00f2ros; a m 50 a valle di essa, vi \u00e8 un edificio gi\u00e0 creduto un tempio (il cosiddetto Tempio M), in realt\u00e0 si tratta di una fontana monumentale. Di forma rettangolare (lunghezza m 26,80; larghezza m 10,85; altezza m 8), costruita con blocchi squadrati, era formata da una cisterna (cosiddetta &#8220;cella&#8221;), un bacino chiuso protetto da un portico a colonne (cosiddetto &#8220;pronao&#8221;), e una gradinata di accesso a quattro gradini (cosiddetto &#8220;altare&#8221;) con vasta area lastricata antistante. L&#8217;edificio, che aveva forme doriche, si data alla met\u00e0 del VI secolo a.C. principalmente per le terrecotte architettoniche rinvenutevi. I frammenti di metope con Amazzonomachia, invece, seppure rinvenuti nei paraggi, non sono pertinenti all&#8217;edificio, che aveva metope lisce e di misura minore.<\/p>\n<p>Un altro\u00a0<i>m\u00e8garon<\/i>\u00a0\u00e8 stato scoperto di recente a poche centinaia di metri dal santuario della Maloph\u00f2ros, in direzione nord-est.<\/p>\n<div class=\"mw-heading mw-heading3\">\n<h3 id=\"Le_necropoli\">Le necropoli<\/h3>\n<p><span class=\"mw-editsection\"><span class=\"mw-editsection-bracket\">[<\/span><a class=\"mw-editsection-visualeditor\" title=\"Modifica la sezione Le necropoli\" href=\"https:\/\/it.wikipedia.org\/w\/index.php?title=Selinunte&amp;veaction=edit&amp;section=10\">modifica<\/a><span class=\"mw-editsection-divider\">\u00a0|\u00a0<\/span><a title=\"Edit section's source code: Le necropoli\" href=\"https:\/\/it.wikipedia.org\/w\/index.php?title=Selinunte&amp;action=edit&amp;section=10\">modifica wikitesto<\/a><span class=\"mw-editsection-bracket\">]<\/span><\/span><\/p>\n<\/div>\n<p>Attorno a Selinunte possono essere individuate alcune aree adibite a necropoli.<\/p>\n<ul>\n<li>Buffa (fine del VII e VI secolo a.C.): a nord della collina orientale. Caratteristica del sito una fossa votiva triangolare (m 25 x 18 x 32) con terrecotte, vasi e resti di animali di probabili sacrifici<sup id=\"cite_ref-Nota2_21-3\" class=\"reference\"><a href=\"https:\/\/it.wikipedia.org\/wiki\/Selinunte#cite_note-Nota2-21\"><span class=\"cite-bracket\">[<\/span>21<span class=\"cite-bracket\">]<\/span><\/a><\/sup>.<\/li>\n<li>Galera Bagliazzo (dal VI secolo a.C.): a nord est della collina Mannuzza. Qui, nelle tombe scavate nel tufo, non sempre singole, sono stati rinvenuti suppellettili di vari stili. Nel\u00a0<a title=\"1882\" href=\"https:\/\/it.wikipedia.org\/wiki\/1882\">1882<\/a>\u00a0\u00e8 stata portata alla luce la statua denominata\u00a0<a title=\"Efebo di Selinunte\" href=\"https:\/\/it.wikipedia.org\/wiki\/Efebo_di_Selinunte\">Efebo di Selinunte<\/a>\u00a0oggi visitabile in un museo nei pressi dell&#8217;acropoli.<\/li>\n<li>Pipio Bresciana e Manicalunga Timpone Nero (VI &#8211; V secolo a.C.): a ovest della collina Gaggera \u00e8 la pi\u00f9 estesa necropoli di Selinunte. Non \u00e8 ancora chiaro, vista la lontananza dal centro della citt\u00e0, se fosse effettivamente la necropoli della citt\u00e0 o piuttosto quella di un&#8217;area suburbana. Oltre al rito dell&#8217;inumazione sono state trovate\u00a0<a class=\"mw-redirect\" title=\"Anfore\" href=\"https:\/\/it.wikipedia.org\/wiki\/Anfore\">anfore<\/a>\u00a0e\u00a0<a class=\"mw-redirect\" title=\"Pithoi\" href=\"https:\/\/it.wikipedia.org\/wiki\/Pithoi\">pithoi<\/a>\u00a0che testimoniano anche del rito della\u00a0<a title=\"Cremazione\" href=\"https:\/\/it.wikipedia.org\/wiki\/Cremazione\">cremazione<\/a>. I sarcofagi sono in terracotta o in tufo. Sono presenti anche camere coperte<sup id=\"cite_ref-Nota2_21-4\" class=\"reference\"><a href=\"https:\/\/it.wikipedia.org\/wiki\/Selinunte#cite_note-Nota2-21\"><span class=\"cite-bracket\">[<\/span>21<span class=\"cite-bracket\">]<\/span><\/a><\/sup>.<\/li>\n<\/ul>\n<div class=\"mw-heading mw-heading2\">\n<h2 id=\"Le_cave_di_Cusa\">Le cave di Cusa<\/h2>\n<p><span class=\"mw-editsection\"><span class=\"mw-editsection-bracket\">[<\/span><a class=\"mw-editsection-visualeditor\" title=\"Modifica la sezione Le cave di Cusa\" href=\"https:\/\/it.wikipedia.org\/w\/index.php?title=Selinunte&amp;veaction=edit&amp;section=11\">modifica<\/a><span class=\"mw-editsection-divider\">\u00a0|\u00a0<\/span><a title=\"Edit section's source code: Le cave di Cusa\" href=\"https:\/\/it.wikipedia.org\/w\/index.php?title=Selinunte&amp;action=edit&amp;section=11\">modifica wikitesto<\/a><span class=\"mw-editsection-bracket\">]<\/span><\/span><\/p>\n<\/div>\n<div class=\"hatnote noprint vedi-anche\">\n<div class=\"hatnote-content\"><span class=\"noviewer hatnote-icon\"><img loading=\"lazy\" decoding=\"async\" class=\"mw-file-element\" src=\"https:\/\/upload.wikimedia.org\/wikipedia\/commons\/thumb\/8\/87\/Magnifying_glass_icon_mgx2.svg\/18px-Magnifying_glass_icon_mgx2.svg.png\" srcset=\"\/\/upload.wikimedia.org\/wikipedia\/commons\/thumb\/8\/87\/Magnifying_glass_icon_mgx2.svg\/27px-Magnifying_glass_icon_mgx2.svg.png 1.5x, \/\/upload.wikimedia.org\/wikipedia\/commons\/thumb\/8\/87\/Magnifying_glass_icon_mgx2.svg\/36px-Magnifying_glass_icon_mgx2.svg.png 2x\" width=\"18\" height=\"18\" data-file-width=\"286\" data-file-height=\"280\" \/><\/span><span class=\"hatnote-text\">Lo stesso argomento in dettaglio:\u00a0<b><a title=\"Cave di Cusa\" href=\"https:\/\/it.wikipedia.org\/wiki\/Cave_di_Cusa\">Cave di Cusa<\/a><\/b>.<\/span><\/div>\n<\/div>\n<figure class=\"mw-default-size\"><a class=\"mw-file-description\" href=\"https:\/\/it.wikipedia.org\/wiki\/File:Rocche-di-Cusa-bjs-1.jpg\"><img loading=\"lazy\" decoding=\"async\" class=\"mw-file-element\" src=\"https:\/\/upload.wikimedia.org\/wikipedia\/commons\/thumb\/4\/4d\/Rocche-di-Cusa-bjs-1.jpg\/220px-Rocche-di-Cusa-bjs-1.jpg\" srcset=\"\/\/upload.wikimedia.org\/wikipedia\/commons\/thumb\/4\/4d\/Rocche-di-Cusa-bjs-1.jpg\/330px-Rocche-di-Cusa-bjs-1.jpg 1.5x, \/\/upload.wikimedia.org\/wikipedia\/commons\/thumb\/4\/4d\/Rocche-di-Cusa-bjs-1.jpg\/440px-Rocche-di-Cusa-bjs-1.jpg 2x\" width=\"220\" height=\"147\" data-file-width=\"1536\" data-file-height=\"1024\" \/><\/a>\n<figcaption>Cave di Cusa: due rocchi di colonna destinati al Tempio G, ancora attaccati al banco roccioso<\/figcaption>\n<\/figure>\n<p>Le Cave (o Rocche) di Cusa, caratterizzate da banchi di\u00a0<a title=\"Calcarenite\" href=\"https:\/\/it.wikipedia.org\/wiki\/Calcarenite\">calcarenite<\/a>, si trovano presso\u00a0<a title=\"Campobello di Mazara\" href=\"https:\/\/it.wikipedia.org\/wiki\/Campobello_di_Mazara\">Campobello di Mazara<\/a>, a 13\u00a0km da Selinunte. Si tratta delle cave di pietra da cui veniva estratto il materiale per le costruzioni selinuntine. L&#8217;elemento pi\u00f9 significativo che vi si nota \u00e8 la brusca interruzione dei lavori di estrazione, di lavorazione e di trasporto dei rocchi di colonna, dovuta alla minaccia che incombeva sulla citt\u00e0 nel 409 a.C. per l&#8217;improvviso sopraggiungere dell&#8217;esercito cartaginese. La repentina fuga dei cavatori, degli scalpellini e degli operai addetti, ha fatto s\u00ec che tutte le varie fasi di lavorazione oggi si possano non solo riconoscere ma anche seguire: dalle prime profonde incisioni circolari, fino ai rocchi finiti che attendevano soltanto di essere trasportati via.<\/p>\n<p>Oltre a rocchi di colonne, nelle cave \u00e8 possibile riconoscere anche qualche capitello, come pure incisioni rettangolari per ricavare dei blocchi squadrati, tutti destinati ai templi di Selinunte. Alcune gigantesche colonne \u2013 sicuramente destinate al Tempio G \u2013 si notano nella zona ovest delle Rocche di Cusa, allo stato ancora di primo abbozzo. Dei rocchi gi\u00e0 estratti, alcuni erano pronti per essere trasportati via; altri, gi\u00e0 in viaggio alla volta di Selinunte, furono abbandonati e si riconoscono lungo la strada.<\/p>\n<div class=\"mw-heading mw-heading2\">\n<h2 id=\"Arte_e_reperti_da_Selinunte\">Arte e reperti da Selinunte<\/h2>\n<p><span class=\"mw-editsection\"><span class=\"mw-editsection-bracket\">[<\/span><a class=\"mw-editsection-visualeditor\" title=\"Modifica la sezione Arte e reperti da Selinunte\" href=\"https:\/\/it.wikipedia.org\/w\/index.php?title=Selinunte&amp;veaction=edit&amp;section=12\">modifica<\/a><span class=\"mw-editsection-divider\">\u00a0|\u00a0<\/span><a title=\"Edit section's source code: Arte e reperti da Selinunte\" href=\"https:\/\/it.wikipedia.org\/w\/index.php?title=Selinunte&amp;action=edit&amp;section=12\">modifica wikitesto<\/a><span class=\"mw-editsection-bracket\">]<\/span><\/span><\/p>\n<\/div>\n<figure class=\"mw-default-size\"><a class=\"mw-file-description\" href=\"https:\/\/it.wikipedia.org\/wiki\/File:Ephebus_of_Selinunte.jpg\"><img loading=\"lazy\" decoding=\"async\" class=\"mw-file-element\" src=\"https:\/\/upload.wikimedia.org\/wikipedia\/commons\/thumb\/8\/83\/Ephebus_of_Selinunte.jpg\/220px-Ephebus_of_Selinunte.jpg\" srcset=\"\/\/upload.wikimedia.org\/wikipedia\/commons\/thumb\/8\/83\/Ephebus_of_Selinunte.jpg\/330px-Ephebus_of_Selinunte.jpg 1.5x, \/\/upload.wikimedia.org\/wikipedia\/commons\/thumb\/8\/83\/Ephebus_of_Selinunte.jpg\/440px-Ephebus_of_Selinunte.jpg 2x\" width=\"220\" height=\"301\" data-file-width=\"1498\" data-file-height=\"2051\" \/><\/a>\n<figcaption>La statua bronzea dell&#8217;Efebo, custodita al museo selinuntino di Castelvetrano<\/figcaption>\n<\/figure>\n<ul>\n<li>Nell&#8217;adyton del Tempio G fu rinvenuta nel\u00a0<a title=\"1871\" href=\"https:\/\/it.wikipedia.org\/wiki\/1871\">1871<\/a>\u00a0la &#8220;Grande Tavola Selinuntina&#8221;: essa contiene un vero e proprio catalogo dei culti praticati a Selinunte, rappresentando cos\u00ec il testo base per ogni tentativo di attribuzione dell&#8217;uno o dell&#8217;altro ai vari templi selinuntini. In essa si legge: &#8220;<i>I Selinuntini sono vittoriosi grazie agli dei Zeus, Fobos, Eracle, Apollo, Poseidone, i Tindaridi, Atena, Demetra, Pasikrateia e altri dei, ma soprattutto grazie a Zeus. Dopo la restaurazione della pace, \u00e8 stato decretato che un&#8217;opera realizzata in oro con l&#8217;iscrizione dei nomi delle divinit\u00e0, con in testa Zeus, venisse deposta nel tempio di Apollo, essendo disponibili per tale scopo sessanta talenti d&#8217;oro<\/i>&#8221; (corrispondenti a 1,617 tonnellate di oro nel sistema euboico-attico; oppure a 2,217 tonnellate nel sistema eginetico).<\/li>\n<li>Importantissima \u00e8 l&#8217;arte figurativa di Selinunte raccolta \u2013 ad eccezione dei pezzi trafugati e disseminati nel mondo \u2013 nel\u00a0<a class=\"mw-redirect\" title=\"Museo archeologico regionale Antonio Salinas\" href=\"https:\/\/it.wikipedia.org\/wiki\/Museo_archeologico_regionale_Antonio_Salinas\">Museo Archeologico di Palermo<\/a>. I contatti che Selinunte ebbe con popoli non greci (<a title=\"Siculi\" href=\"https:\/\/it.wikipedia.org\/wiki\/Siculi\">Siculi<\/a>,\u00a0<a title=\"Elimi\" href=\"https:\/\/it.wikipedia.org\/wiki\/Elimi\">Elimi<\/a>,\u00a0<a class=\"mw-redirect\" title=\"Cartaginesi\" href=\"https:\/\/it.wikipedia.org\/wiki\/Cartaginesi\">Cartaginesi<\/a>) hanno determinato uno sviluppo artistico piuttosto originale, che si ravvisa soprattutto nella realizzazione delle\u00a0<a title=\"Metopa\" href=\"https:\/\/it.wikipedia.org\/wiki\/Metopa\">metope<\/a>\u00a0(per la loro descrizione, vedi pi\u00f9 sopra sotto i vari templi). Selinunte \u00e8 l&#8217;unica colonia greca in Sicilia dove sia attestata ininterrottamente per circa due secoli l&#8217;attivit\u00e0 di botteghe di scultori dotati di un linguaggio proprio e autonomo, che mostra l&#8217;introduzione del gusto ionico in una tradizione eminentemente\u00a0<a title=\"Scultura dedalica\" href=\"https:\/\/it.wikipedia.org\/wiki\/Scultura_dedalica\">dedalica<\/a>\u00a0di origine peloponnesiaca.<\/li>\n<li>L&#8217;<a title=\"Efebo di Selinunte\" href=\"https:\/\/it.wikipedia.org\/wiki\/Efebo_di_Selinunte\">Efebo di bronzo<\/a>\u00a0che offre una libagione \u2013 conservato nel museo comunale di\u00a0<a title=\"Castelvetrano\" href=\"https:\/\/it.wikipedia.org\/wiki\/Castelvetrano\">Castelvetrano<\/a>\u00a0\u2013 di stile severo con componenti del mondo greco d&#8217;occidente, \u00e8 databile al 470 a.C.; rappresenta \u2013 insieme all&#8217;ariete di Siracusa \u2013 le uniche opere in bronzo di grandi dimensioni di epoca greca ritrovate in Sicilia.<\/li>\n<li>Le necropoli hanno dato numerosissimi vasi protocorinzi e corinzi, rodii, attici a figure nere: in essi non si riconoscono caratteristiche peculiari locali, sicch\u00e9 l&#8217;originalit\u00e0 artistica selinuntina \u00e8 effettivamente da ravvisare nella scultura delle metope e nell&#8217;architettura templare piuttosto che non nella produzione vascolare.<\/li>\n<li>Del ricchissimo materiale votivo rinvenuto nel Santuario della Maloph\u00f2ros (statuette in terracotta, ceramiche, busti-incensieri, arule, un bassorilievo raffigurante il ratto di Persefone da parte di Ade, e le lucerne cristiane), si \u00e8 gi\u00e0 detto sopra. \u00c8 interamente conservato e in parte esposto nel Museo Archeologico di Palermo.<\/li>\n<\/ul>\n<div class=\"mw-heading mw-heading3\">\n<h3 id=\"Le_metope_di_Selinunte_(galleria_fotografica)\"><span id=\"Le_metope_di_Selinunte_.28galleria_fotografica.29\"><\/span>Le metope di Selinunte (galleria fotografica)<\/h3>\n<p><span class=\"mw-editsection\"><span class=\"mw-editsection-bracket\">[<\/span><a class=\"mw-editsection-visualeditor\" title=\"Modifica la sezione Le metope di Selinunte (galleria fotografica)\" href=\"https:\/\/it.wikipedia.org\/w\/index.php?title=Selinunte&amp;veaction=edit&amp;section=13\">modifica<\/a><span class=\"mw-editsection-divider\">\u00a0|\u00a0<\/span><a title=\"Edit section's source code: Le metope di Selinunte (galleria fotografica)\" href=\"https:\/\/it.wikipedia.org\/w\/index.php?title=Selinunte&amp;action=edit&amp;section=13\">modifica wikitesto<\/a><span class=\"mw-editsection-bracket\">]<\/span><\/span><\/p>\n<\/div>\n<ul class=\"gallery mw-gallery-packed\">\n<li class=\"gallerybox\">\n<div class=\"thumb\"><a class=\"mw-file-description\" title=\"Tempio C Quadriga di Apollo\" href=\"https:\/\/it.wikipedia.org\/wiki\/File:DSC00400_-_Tempio_C_di_Selinunte_-_Quadriga_di_Helios_-_Sec._VI_a.C._-_Foto_G._Dall%27Orto.jpg\"><img loading=\"lazy\" decoding=\"async\" class=\"mw-file-element\" src=\"https:\/\/upload.wikimedia.org\/wikipedia\/commons\/thumb\/b\/be\/DSC00400_-_Tempio_C_di_Selinunte_-_Quadriga_di_Helios_-_Sec._VI_a.C._-_Foto_G._Dall%27Orto.jpg\/202px-DSC00400_-_Tempio_C_di_Selinunte_-_Quadriga_di_Helios_-_Sec._VI_a.C._-_Foto_G._Dall%27Orto.jpg\" srcset=\"\/\/upload.wikimedia.org\/wikipedia\/commons\/thumb\/b\/be\/DSC00400_-_Tempio_C_di_Selinunte_-_Quadriga_di_Helios_-_Sec._VI_a.C._-_Foto_G._Dall%27Orto.jpg\/304px-DSC00400_-_Tempio_C_di_Selinunte_-_Quadriga_di_Helios_-_Sec._VI_a.C._-_Foto_G._Dall%27Orto.jpg 1.5x, \/\/upload.wikimedia.org\/wikipedia\/commons\/thumb\/b\/be\/DSC00400_-_Tempio_C_di_Selinunte_-_Quadriga_di_Helios_-_Sec._VI_a.C._-_Foto_G._Dall%27Orto.jpg\/405px-DSC00400_-_Tempio_C_di_Selinunte_-_Quadriga_di_Helios_-_Sec._VI_a.C._-_Foto_G._Dall%27Orto.jpg 2x\" alt=\"Tempio C Quadriga di Apollo\" width=\"135\" height=\"180\" data-file-width=\"1536\" data-file-height=\"2048\" \/><\/a><\/div>\n<div class=\"gallerytext\">Tempio C<br \/>Quadriga di Apollo<\/div>\n<\/li>\n<li class=\"gallerybox\">\n<div class=\"thumb\"><a class=\"mw-file-description\" title=\"Tempio C Perseo uccide Medusa\" href=\"https:\/\/it.wikipedia.org\/wiki\/File:DSC00401_-_Tempio_C_di_Selinunte_-_Perseo_e_Medusa_-_Sec._VI_a.C._-_Foto_G._Dall%27Orto_crop.jpg\"><img loading=\"lazy\" decoding=\"async\" class=\"mw-file-element\" src=\"https:\/\/upload.wikimedia.org\/wikipedia\/commons\/thumb\/5\/51\/DSC00401_-_Tempio_C_di_Selinunte_-_Perseo_e_Medusa_-_Sec._VI_a.C._-_Foto_G._Dall%27Orto_crop.jpg\/218px-DSC00401_-_Tempio_C_di_Selinunte_-_Perseo_e_Medusa_-_Sec._VI_a.C._-_Foto_G._Dall%27Orto_crop.jpg\" srcset=\"\/\/upload.wikimedia.org\/wikipedia\/commons\/thumb\/5\/51\/DSC00401_-_Tempio_C_di_Selinunte_-_Perseo_e_Medusa_-_Sec._VI_a.C._-_Foto_G._Dall%27Orto_crop.jpg\/327px-DSC00401_-_Tempio_C_di_Selinunte_-_Perseo_e_Medusa_-_Sec._VI_a.C._-_Foto_G._Dall%27Orto_crop.jpg 1.5x, \/\/upload.wikimedia.org\/wikipedia\/commons\/thumb\/5\/51\/DSC00401_-_Tempio_C_di_Selinunte_-_Perseo_e_Medusa_-_Sec._VI_a.C._-_Foto_G._Dall%27Orto_crop.jpg\/436px-DSC00401_-_Tempio_C_di_Selinunte_-_Perseo_e_Medusa_-_Sec._VI_a.C._-_Foto_G._Dall%27Orto_crop.jpg 2x\" alt=\"Tempio C Perseo uccide Medusa\" width=\"146\" height=\"180\" data-file-width=\"919\" data-file-height=\"1138\" \/><\/a><\/div>\n<div class=\"gallerytext\">Tempio C<br \/>Perseo uccide Medusa<\/div>\n<\/li>\n<li class=\"gallerybox\">\n<div class=\"thumb\"><a class=\"mw-file-description\" title=\"Tempio C Eracle e i Cercopi\" href=\"https:\/\/it.wikipedia.org\/wiki\/File:DSC00402_-_Tempio_C_di_Selinunte_-_Eracle_e_i_briganti_Cercopi_-_Sec._VI_a.C._-_Foto_G._Dall%27Orto.jpg\"><img loading=\"lazy\" decoding=\"async\" class=\"mw-file-element\" src=\"https:\/\/upload.wikimedia.org\/wikipedia\/commons\/thumb\/3\/38\/DSC00402_-_Tempio_C_di_Selinunte_-_Eracle_e_i_briganti_Cercopi_-_Sec._VI_a.C._-_Foto_G._Dall%27Orto.jpg\/202px-DSC00402_-_Tempio_C_di_Selinunte_-_Eracle_e_i_briganti_Cercopi_-_Sec._VI_a.C._-_Foto_G._Dall%27Orto.jpg\" srcset=\"\/\/upload.wikimedia.org\/wikipedia\/commons\/thumb\/3\/38\/DSC00402_-_Tempio_C_di_Selinunte_-_Eracle_e_i_briganti_Cercopi_-_Sec._VI_a.C._-_Foto_G._Dall%27Orto.jpg\/304px-DSC00402_-_Tempio_C_di_Selinunte_-_Eracle_e_i_briganti_Cercopi_-_Sec._VI_a.C._-_Foto_G._Dall%27Orto.jpg 1.5x, \/\/upload.wikimedia.org\/wikipedia\/commons\/thumb\/3\/38\/DSC00402_-_Tempio_C_di_Selinunte_-_Eracle_e_i_briganti_Cercopi_-_Sec._VI_a.C._-_Foto_G._Dall%27Orto.jpg\/405px-DSC00402_-_Tempio_C_di_Selinunte_-_Eracle_e_i_briganti_Cercopi_-_Sec._VI_a.C._-_Foto_G._Dall%27Orto.jpg 2x\" alt=\"Tempio C Eracle e i Cercopi\" width=\"135\" height=\"180\" data-file-width=\"1536\" data-file-height=\"2048\" \/><\/a><\/div>\n<div class=\"gallerytext\">Tempio C<br \/>Eracle e i Cercopi<\/div>\n<\/li>\n<\/ul>\n<ul class=\"gallery mw-gallery-packed\">\n<li class=\"gallerybox\">\n<div class=\"thumb\"><a class=\"mw-file-description\" title=\"Tempio E Artemide e Atteone\" href=\"https:\/\/it.wikipedia.org\/wiki\/File:DSC00403_-_Tempio_E_di_Selinunte_-_Artemide_e_Atteone_-_Ca._450_a.C._-_Foto_G._Dall%27Orto.jpg\"><img loading=\"lazy\" decoding=\"async\" class=\"mw-file-element\" src=\"https:\/\/upload.wikimedia.org\/wikipedia\/commons\/thumb\/6\/63\/DSC00403_-_Tempio_E_di_Selinunte_-_Artemide_e_Atteone_-_Ca._450_a.C._-_Foto_G._Dall%27Orto.jpg\/202px-DSC00403_-_Tempio_E_di_Selinunte_-_Artemide_e_Atteone_-_Ca._450_a.C._-_Foto_G._Dall%27Orto.jpg\" srcset=\"\/\/upload.wikimedia.org\/wikipedia\/commons\/thumb\/6\/63\/DSC00403_-_Tempio_E_di_Selinunte_-_Artemide_e_Atteone_-_Ca._450_a.C._-_Foto_G._Dall%27Orto.jpg\/304px-DSC00403_-_Tempio_E_di_Selinunte_-_Artemide_e_Atteone_-_Ca._450_a.C._-_Foto_G._Dall%27Orto.jpg 1.5x, \/\/upload.wikimedia.org\/wikipedia\/commons\/thumb\/6\/63\/DSC00403_-_Tempio_E_di_Selinunte_-_Artemide_e_Atteone_-_Ca._450_a.C._-_Foto_G._Dall%27Orto.jpg\/405px-DSC00403_-_Tempio_E_di_Selinunte_-_Artemide_e_Atteone_-_Ca._450_a.C._-_Foto_G._Dall%27Orto.jpg 2x\" alt=\"Tempio E Artemide e Atteone\" width=\"135\" height=\"180\" data-file-width=\"1536\" data-file-height=\"2048\" \/><\/a><\/div>\n<div class=\"gallerytext\">Tempio E<br \/>Artemide e Atteone<\/div>\n<\/li>\n<li class=\"gallerybox\">\n<div class=\"thumb\"><a class=\"mw-file-description\" title=\"Tempio E Athena ed Encelado\" href=\"https:\/\/it.wikipedia.org\/wiki\/File:DSC00405_-_Tempio_E_di_Selinunte_-_Artemide_ed_Encelado_-_Ca._450_a.C._-_Foto_G._Dall%27Orto.jpg\"><img loading=\"lazy\" decoding=\"async\" class=\"mw-file-element\" src=\"https:\/\/upload.wikimedia.org\/wikipedia\/commons\/thumb\/c\/c1\/DSC00405_-_Tempio_E_di_Selinunte_-_Artemide_ed_Encelado_-_Ca._450_a.C._-_Foto_G._Dall%27Orto.jpg\/202px-DSC00405_-_Tempio_E_di_Selinunte_-_Artemide_ed_Encelado_-_Ca._450_a.C._-_Foto_G._Dall%27Orto.jpg\" srcset=\"\/\/upload.wikimedia.org\/wikipedia\/commons\/thumb\/c\/c1\/DSC00405_-_Tempio_E_di_Selinunte_-_Artemide_ed_Encelado_-_Ca._450_a.C._-_Foto_G._Dall%27Orto.jpg\/304px-DSC00405_-_Tempio_E_di_Selinunte_-_Artemide_ed_Encelado_-_Ca._450_a.C._-_Foto_G._Dall%27Orto.jpg 1.5x, \/\/upload.wikimedia.org\/wikipedia\/commons\/thumb\/c\/c1\/DSC00405_-_Tempio_E_di_Selinunte_-_Artemide_ed_Encelado_-_Ca._450_a.C._-_Foto_G._Dall%27Orto.jpg\/405px-DSC00405_-_Tempio_E_di_Selinunte_-_Artemide_ed_Encelado_-_Ca._450_a.C._-_Foto_G._Dall%27Orto.jpg 2x\" alt=\"Tempio E Athena ed Encelado\" width=\"135\" height=\"180\" data-file-width=\"1536\" data-file-height=\"2048\" \/><\/a><\/div>\n<div class=\"gallerytext\">Tempio E<br \/>Athena ed Encelado<\/div>\n<\/li>\n<li class=\"gallerybox\">\n<div class=\"thumb\"><a class=\"mw-file-description\" title=\"Tempio E Zeus e Hera\" href=\"https:\/\/it.wikipedia.org\/wiki\/File:DSC00406_-_Tempio_E_di_Selinunte_-_Zeus_ed_Hera_-_Ca._450_a.C._-_Foto_G._Dall%27Orto.jpg\"><img loading=\"lazy\" decoding=\"async\" class=\"mw-file-element\" src=\"https:\/\/upload.wikimedia.org\/wikipedia\/commons\/thumb\/7\/73\/DSC00406_-_Tempio_E_di_Selinunte_-_Zeus_ed_Hera_-_Ca._450_a.C._-_Foto_G._Dall%27Orto.jpg\/202px-DSC00406_-_Tempio_E_di_Selinunte_-_Zeus_ed_Hera_-_Ca._450_a.C._-_Foto_G._Dall%27Orto.jpg\" srcset=\"\/\/upload.wikimedia.org\/wikipedia\/commons\/thumb\/7\/73\/DSC00406_-_Tempio_E_di_Selinunte_-_Zeus_ed_Hera_-_Ca._450_a.C._-_Foto_G._Dall%27Orto.jpg\/304px-DSC00406_-_Tempio_E_di_Selinunte_-_Zeus_ed_Hera_-_Ca._450_a.C._-_Foto_G._Dall%27Orto.jpg 1.5x, \/\/upload.wikimedia.org\/wikipedia\/commons\/thumb\/7\/73\/DSC00406_-_Tempio_E_di_Selinunte_-_Zeus_ed_Hera_-_Ca._450_a.C._-_Foto_G._Dall%27Orto.jpg\/405px-DSC00406_-_Tempio_E_di_Selinunte_-_Zeus_ed_Hera_-_Ca._450_a.C._-_Foto_G._Dall%27Orto.jpg 2x\" alt=\"Tempio E Zeus e Hera\" width=\"135\" height=\"180\" data-file-width=\"1536\" data-file-height=\"2048\" \/><\/a><\/div>\n<div class=\"gallerytext\">Tempio E<br \/>Zeus e Hera<\/div>\n<\/li>\n<li class=\"gallerybox\">\n<div class=\"thumb\"><a class=\"mw-file-description\" title=\"Tempio E Eracle ed un'amazzone\" href=\"https:\/\/it.wikipedia.org\/wiki\/File:DSC00409_-_Tempio_E_di_Selinunte_-_Eracle_ed_Amazzone_-_Ca._450_a.C._-_Foto_G._Dall%27Orto.jpg\"><img loading=\"lazy\" decoding=\"async\" class=\"mw-file-element\" src=\"https:\/\/upload.wikimedia.org\/wikipedia\/commons\/thumb\/9\/9c\/DSC00409_-_Tempio_E_di_Selinunte_-_Eracle_ed_Amazzone_-_Ca._450_a.C._-_Foto_G._Dall%27Orto.jpg\/202px-DSC00409_-_Tempio_E_di_Selinunte_-_Eracle_ed_Amazzone_-_Ca._450_a.C._-_Foto_G._Dall%27Orto.jpg\" srcset=\"\/\/upload.wikimedia.org\/wikipedia\/commons\/thumb\/9\/9c\/DSC00409_-_Tempio_E_di_Selinunte_-_Eracle_ed_Amazzone_-_Ca._450_a.C._-_Foto_G._Dall%27Orto.jpg\/304px-DSC00409_-_Tempio_E_di_Selinunte_-_Eracle_ed_Amazzone_-_Ca._450_a.C._-_Foto_G._Dall%27Orto.jpg 1.5x, \/\/upload.wikimedia.org\/wikipedia\/commons\/thumb\/9\/9c\/DSC00409_-_Tempio_E_di_Selinunte_-_Eracle_ed_Amazzone_-_Ca._450_a.C._-_Foto_G._Dall%27Orto.jpg\/405px-DSC00409_-_Tempio_E_di_Selinunte_-_Eracle_ed_Amazzone_-_Ca._450_a.C._-_Foto_G._Dall%27Orto.jpg 2x\" alt=\"Tempio E Eracle ed un'amazzone\" width=\"135\" height=\"180\" data-file-width=\"1536\" data-file-height=\"2048\" \/><\/a><\/div>\n<div class=\"gallerytext\">Tempio E<br \/>Eracle ed un&#8217;amazzone<\/div>\n<\/li>\n<\/ul>\n<ul class=\"gallery mw-gallery-packed\">\n<li class=\"gallerybox\">\n<div class=\"thumb\"><a class=\"mw-file-description\" title=\"Tempio F Gigantomachia\" href=\"https:\/\/it.wikipedia.org\/wiki\/File:DSC00423_-_Tempio_F_di_Selinunte_-_Gigantomachia_-_Foto_G._Dall%27Orto.jpg\"><img loading=\"lazy\" decoding=\"async\" class=\"mw-file-element\" src=\"https:\/\/upload.wikimedia.org\/wikipedia\/commons\/thumb\/f\/f7\/DSC00423_-_Tempio_F_di_Selinunte_-_Gigantomachia_-_Foto_G._Dall%27Orto.jpg\/202px-DSC00423_-_Tempio_F_di_Selinunte_-_Gigantomachia_-_Foto_G._Dall%27Orto.jpg\" srcset=\"\/\/upload.wikimedia.org\/wikipedia\/commons\/thumb\/f\/f7\/DSC00423_-_Tempio_F_di_Selinunte_-_Gigantomachia_-_Foto_G._Dall%27Orto.jpg\/304px-DSC00423_-_Tempio_F_di_Selinunte_-_Gigantomachia_-_Foto_G._Dall%27Orto.jpg 1.5x, \/\/upload.wikimedia.org\/wikipedia\/commons\/thumb\/f\/f7\/DSC00423_-_Tempio_F_di_Selinunte_-_Gigantomachia_-_Foto_G._Dall%27Orto.jpg\/405px-DSC00423_-_Tempio_F_di_Selinunte_-_Gigantomachia_-_Foto_G._Dall%27Orto.jpg 2x\" alt=\"Tempio F Gigantomachia\" width=\"135\" height=\"180\" data-file-width=\"1536\" data-file-height=\"2048\" \/><\/a><\/div>\n<div class=\"gallerytext\">Tempio F<br \/>Gigantomachia<\/div>\n<\/li>\n<li class=\"gallerybox\">\n<div class=\"thumb\"><a class=\"mw-file-description\" title=\"Tempio F Gigantomachia\" href=\"https:\/\/it.wikipedia.org\/wiki\/File:DSC00410_-_Tempio_F_di_Selinunte_-_Gigantomachia_-_Foto_G._Dall%27Orto.jpg\"><img loading=\"lazy\" decoding=\"async\" class=\"mw-file-element\" src=\"https:\/\/upload.wikimedia.org\/wikipedia\/commons\/thumb\/c\/c5\/DSC00410_-_Tempio_F_di_Selinunte_-_Gigantomachia_-_Foto_G._Dall%27Orto.jpg\/202px-DSC00410_-_Tempio_F_di_Selinunte_-_Gigantomachia_-_Foto_G._Dall%27Orto.jpg\" srcset=\"\/\/upload.wikimedia.org\/wikipedia\/commons\/thumb\/c\/c5\/DSC00410_-_Tempio_F_di_Selinunte_-_Gigantomachia_-_Foto_G._Dall%27Orto.jpg\/304px-DSC00410_-_Tempio_F_di_Selinunte_-_Gigantomachia_-_Foto_G._Dall%27Orto.jpg 1.5x, \/\/upload.wikimedia.org\/wikipedia\/commons\/thumb\/c\/c5\/DSC00410_-_Tempio_F_di_Selinunte_-_Gigantomachia_-_Foto_G._Dall%27Orto.jpg\/405px-DSC00410_-_Tempio_F_di_Selinunte_-_Gigantomachia_-_Foto_G._Dall%27Orto.jpg 2x\" alt=\"Tempio F Gigantomachia\" width=\"135\" height=\"180\" data-file-width=\"1536\" data-file-height=\"2048\" \/><\/a><\/div>\n<div class=\"gallerytext\">Tempio F<br \/>Gigantomachia<\/div>\n<\/li>\n<\/ul>\n<ul class=\"gallery mw-gallery-packed\">\n<li class=\"gallerybox\">\n<div class=\"thumb\"><a class=\"mw-file-description\" title=\"Tempio Y Europa sul toro\" href=\"https:\/\/it.wikipedia.org\/wiki\/File:DSC00412_-_Tempio_Y_di_Selinunte_sec._VIIa.C._-_Europa_rapita_dal_toro_-_Foto_G._Dall%27Orto.jpg\"><img loading=\"lazy\" decoding=\"async\" class=\"mw-file-element\" src=\"https:\/\/upload.wikimedia.org\/wikipedia\/commons\/thumb\/7\/7f\/DSC00412_-_Tempio_Y_di_Selinunte_sec._VIIa.C._-_Europa_rapita_dal_toro_-_Foto_G._Dall%27Orto.jpg\/202px-DSC00412_-_Tempio_Y_di_Selinunte_sec._VIIa.C._-_Europa_rapita_dal_toro_-_Foto_G._Dall%27Orto.jpg\" srcset=\"\/\/upload.wikimedia.org\/wikipedia\/commons\/thumb\/7\/7f\/DSC00412_-_Tempio_Y_di_Selinunte_sec._VIIa.C._-_Europa_rapita_dal_toro_-_Foto_G._Dall%27Orto.jpg\/304px-DSC00412_-_Tempio_Y_di_Selinunte_sec._VIIa.C._-_Europa_rapita_dal_toro_-_Foto_G._Dall%27Orto.jpg 1.5x, \/\/upload.wikimedia.org\/wikipedia\/commons\/thumb\/7\/7f\/DSC00412_-_Tempio_Y_di_Selinunte_sec._VIIa.C._-_Europa_rapita_dal_toro_-_Foto_G._Dall%27Orto.jpg\/405px-DSC00412_-_Tempio_Y_di_Selinunte_sec._VIIa.C._-_Europa_rapita_dal_toro_-_Foto_G._Dall%27Orto.jpg 2x\" alt=\"Tempio Y Europa sul toro\" width=\"135\" height=\"180\" data-file-width=\"1536\" data-file-height=\"2048\" \/><\/a><\/div>\n<div class=\"gallerytext\">Tempio Y<br \/>Europa sul toro<\/div>\n<\/li>\n<li class=\"gallerybox\">\n<div class=\"thumb\"><a class=\"mw-file-description\" title=\"Tempio Y Scena di danza\" href=\"https:\/\/it.wikipedia.org\/wiki\/File:DSC00413_-_Tempio_Y_di_Selinunte_sec._ViIa.C._-_Danza_-_Foto_G._Dall%27Orto.jpg\"><img loading=\"lazy\" decoding=\"async\" class=\"mw-file-element\" src=\"https:\/\/upload.wikimedia.org\/wikipedia\/commons\/thumb\/a\/a4\/DSC00413_-_Tempio_Y_di_Selinunte_sec._ViIa.C._-_Danza_-_Foto_G._Dall%27Orto.jpg\/202px-DSC00413_-_Tempio_Y_di_Selinunte_sec._ViIa.C._-_Danza_-_Foto_G._Dall%27Orto.jpg\" srcset=\"\/\/upload.wikimedia.org\/wikipedia\/commons\/thumb\/a\/a4\/DSC00413_-_Tempio_Y_di_Selinunte_sec._ViIa.C._-_Danza_-_Foto_G._Dall%27Orto.jpg\/304px-DSC00413_-_Tempio_Y_di_Selinunte_sec._ViIa.C._-_Danza_-_Foto_G._Dall%27Orto.jpg 1.5x, \/\/upload.wikimedia.org\/wikipedia\/commons\/thumb\/a\/a4\/DSC00413_-_Tempio_Y_di_Selinunte_sec._ViIa.C._-_Danza_-_Foto_G._Dall%27Orto.jpg\/405px-DSC00413_-_Tempio_Y_di_Selinunte_sec._ViIa.C._-_Danza_-_Foto_G._Dall%27Orto.jpg 2x\" alt=\"Tempio Y Scena di danza\" width=\"135\" height=\"180\" data-file-width=\"1536\" data-file-height=\"2048\" \/><\/a><\/div>\n<div class=\"gallerytext\">Tempio Y<br \/>Scena di danza<\/div>\n<\/li>\n<li class=\"gallerybox\">\n<div class=\"thumb\"><a class=\"mw-file-description\" title=\"Tempio Y Demetra e Kore su quadriga\" href=\"https:\/\/it.wikipedia.org\/wiki\/File:DSC00414_-_Tempio_Y_di_Selinunte_sec._VIa.C._-_Demetra_e_Kore_su_quadriga_-_Foto_G._Dall%27Orto.jpg\"><img loading=\"lazy\" decoding=\"async\" class=\"mw-file-element\" src=\"https:\/\/upload.wikimedia.org\/wikipedia\/commons\/thumb\/4\/47\/DSC00414_-_Tempio_Y_di_Selinunte_sec._VIa.C._-_Demetra_e_Kore_su_quadriga_-_Foto_G._Dall%27Orto.jpg\/202px-DSC00414_-_Tempio_Y_di_Selinunte_sec._VIa.C._-_Demetra_e_Kore_su_quadriga_-_Foto_G._Dall%27Orto.jpg\" srcset=\"\/\/upload.wikimedia.org\/wikipedia\/commons\/thumb\/4\/47\/DSC00414_-_Tempio_Y_di_Selinunte_sec._VIa.C._-_Demetra_e_Kore_su_quadriga_-_Foto_G._Dall%27Orto.jpg\/304px-DSC00414_-_Tempio_Y_di_Selinunte_sec._VIa.C._-_Demetra_e_Kore_su_quadriga_-_Foto_G._Dall%27Orto.jpg 1.5x, \/\/upload.wikimedia.org\/wikipedia\/commons\/thumb\/4\/47\/DSC00414_-_Tempio_Y_di_Selinunte_sec._VIa.C._-_Demetra_e_Kore_su_quadriga_-_Foto_G._Dall%27Orto.jpg\/405px-DSC00414_-_Tempio_Y_di_Selinunte_sec._VIa.C._-_Demetra_e_Kore_su_quadriga_-_Foto_G._Dall%27Orto.jpg 2x\" alt=\"Tempio Y Demetra e Kore su quadriga\" width=\"135\" height=\"180\" data-file-width=\"1536\" data-file-height=\"2048\" \/><\/a><\/div>\n<div class=\"gallerytext\">Tempio Y<br \/>Demetra e Kore su quadriga<\/div>\n<\/li>\n<li class=\"gallerybox\">\n<div class=\"thumb\"><a class=\"mw-file-description\" title=\"Tempio Y Triade delfica\" href=\"https:\/\/it.wikipedia.org\/wiki\/File:DSC00415_-_Tempio_Y_di_Selinunte_sec._VIa.C._-_Traide_delfica_-_Foto_G._Dall%27Orto.jpg\"><img loading=\"lazy\" decoding=\"async\" class=\"mw-file-element\" src=\"https:\/\/upload.wikimedia.org\/wikipedia\/commons\/thumb\/d\/df\/DSC00415_-_Tempio_Y_di_Selinunte_sec._VIa.C._-_Traide_delfica_-_Foto_G._Dall%27Orto.jpg\/202px-DSC00415_-_Tempio_Y_di_Selinunte_sec._VIa.C._-_Traide_delfica_-_Foto_G._Dall%27Orto.jpg\" srcset=\"\/\/upload.wikimedia.org\/wikipedia\/commons\/thumb\/d\/df\/DSC00415_-_Tempio_Y_di_Selinunte_sec._VIa.C._-_Traide_delfica_-_Foto_G._Dall%27Orto.jpg\/304px-DSC00415_-_Tempio_Y_di_Selinunte_sec._VIa.C._-_Traide_delfica_-_Foto_G._Dall%27Orto.jpg 1.5x, \/\/upload.wikimedia.org\/wikipedia\/commons\/thumb\/d\/df\/DSC00415_-_Tempio_Y_di_Selinunte_sec._VIa.C._-_Traide_delfica_-_Foto_G._Dall%27Orto.jpg\/405px-DSC00415_-_Tempio_Y_di_Selinunte_sec._VIa.C._-_Traide_delfica_-_Foto_G._Dall%27Orto.jpg 2x\" alt=\"Tempio Y Triade delfica\" width=\"135\" height=\"180\" data-file-width=\"1536\" data-file-height=\"2048\" \/><\/a><\/div>\n<div class=\"gallerytext\">Tempio Y<br \/>Triade delfica<\/div>\n<\/li>\n<\/ul>\n<div class=\"mw-heading mw-heading3\">\n<h3 id=\"Statuette_di_terracotta_(galleria_fotografica)\"><span id=\"Statuette_di_terracotta_.28galleria_fotografica.29\"><\/span>Statuette di terracotta (galleria fotografica)<\/h3>\n<p><span class=\"mw-editsection\"><span class=\"mw-editsection-bracket\">[<\/span><a class=\"mw-editsection-visualeditor\" title=\"Modifica la sezione Statuette di terracotta (galleria fotografica)\" href=\"https:\/\/it.wikipedia.org\/w\/index.php?title=Selinunte&amp;veaction=edit&amp;section=14\">modifica<\/a><span class=\"mw-editsection-divider\">\u00a0|\u00a0<\/span><a title=\"Edit section's source code: Statuette di terracotta (galleria fotografica)\" href=\"https:\/\/it.wikipedia.org\/w\/index.php?title=Selinunte&amp;action=edit&amp;section=14\">modifica wikitesto<\/a><span class=\"mw-editsection-bracket\">]<\/span><\/span><\/p>\n<\/div>\n<ul class=\"gallery mw-gallery-packed\">\n<li class=\"gallerybox\">\n<div class=\"thumb\"><a class=\"mw-file-description\" title=\"Korai offerenti colombe\" href=\"https:\/\/it.wikipedia.org\/wiki\/File:DSC00148_-_Statuette_greche_di_korai_offerenti,_da_Selinunte_-_Foto_di_G._Dall%27Orto.jpg\"><img loading=\"lazy\" decoding=\"async\" class=\"mw-file-element\" src=\"https:\/\/upload.wikimedia.org\/wikipedia\/commons\/thumb\/6\/69\/DSC00148_-_Statuette_greche_di_korai_offerenti%2C_da_Selinunte_-_Foto_di_G._Dall%27Orto.jpg\/202px-DSC00148_-_Statuette_greche_di_korai_offerenti%2C_da_Selinunte_-_Foto_di_G._Dall%27Orto.jpg\" srcset=\"\/\/upload.wikimedia.org\/wikipedia\/commons\/thumb\/6\/69\/DSC00148_-_Statuette_greche_di_korai_offerenti%2C_da_Selinunte_-_Foto_di_G._Dall%27Orto.jpg\/304px-DSC00148_-_Statuette_greche_di_korai_offerenti%2C_da_Selinunte_-_Foto_di_G._Dall%27Orto.jpg 1.5x, \/\/upload.wikimedia.org\/wikipedia\/commons\/thumb\/6\/69\/DSC00148_-_Statuette_greche_di_korai_offerenti%2C_da_Selinunte_-_Foto_di_G._Dall%27Orto.jpg\/405px-DSC00148_-_Statuette_greche_di_korai_offerenti%2C_da_Selinunte_-_Foto_di_G._Dall%27Orto.jpg 2x\" alt=\"Korai offerenti colombe\" width=\"140\" height=\"187\" data-file-width=\"1536\" data-file-height=\"2048\" \/><\/a><\/div>\n<div class=\"gallerytext\">Korai offerenti colombe<\/div>\n<\/li>\n<li class=\"gallerybox\">\n<div class=\"thumb\"><a class=\"mw-file-description\" title=\"Korai offerenti\" href=\"https:\/\/it.wikipedia.org\/wiki\/File:DSC00151_-_Statuette_greche_di_korai_offerenti,_da_Selinunte_-_Foto_di_G._Dall%27Orto.jpg\"><img loading=\"lazy\" decoding=\"async\" class=\"mw-file-element\" src=\"https:\/\/upload.wikimedia.org\/wikipedia\/commons\/thumb\/7\/71\/DSC00151_-_Statuette_greche_di_korai_offerenti%2C_da_Selinunte_-_Foto_di_G._Dall%27Orto.jpg\/360px-DSC00151_-_Statuette_greche_di_korai_offerenti%2C_da_Selinunte_-_Foto_di_G._Dall%27Orto.jpg\" srcset=\"\/\/upload.wikimedia.org\/wikipedia\/commons\/thumb\/7\/71\/DSC00151_-_Statuette_greche_di_korai_offerenti%2C_da_Selinunte_-_Foto_di_G._Dall%27Orto.jpg\/540px-DSC00151_-_Statuette_greche_di_korai_offerenti%2C_da_Selinunte_-_Foto_di_G._Dall%27Orto.jpg 1.5x, \/\/upload.wikimedia.org\/wikipedia\/commons\/thumb\/7\/71\/DSC00151_-_Statuette_greche_di_korai_offerenti%2C_da_Selinunte_-_Foto_di_G._Dall%27Orto.jpg\/720px-DSC00151_-_Statuette_greche_di_korai_offerenti%2C_da_Selinunte_-_Foto_di_G._Dall%27Orto.jpg 2x\" alt=\"Korai offerenti\" width=\"249\" height=\"187\" data-file-width=\"2048\" data-file-height=\"1536\" \/><\/a><\/div>\n<div class=\"gallerytext\">Korai offerenti<\/div>\n<\/li>\n<li class=\"gallerybox\">\n<div class=\"thumb\"><a class=\"mw-file-description\" title=\"Kouros inginocchiato\" href=\"https:\/\/it.wikipedia.org\/wiki\/File:Kouros_greco,_550_aC,_da_Selinunte_-_Foto_di_G._Dall%27Orto.jpg\"><img loading=\"lazy\" decoding=\"async\" class=\"mw-file-element\" src=\"https:\/\/upload.wikimedia.org\/wikipedia\/commons\/thumb\/0\/01\/Kouros_greco%2C_550_aC%2C_da_Selinunte_-_Foto_di_G._Dall%27Orto.jpg\/202px-Kouros_greco%2C_550_aC%2C_da_Selinunte_-_Foto_di_G._Dall%27Orto.jpg\" srcset=\"\/\/upload.wikimedia.org\/wikipedia\/commons\/thumb\/0\/01\/Kouros_greco%2C_550_aC%2C_da_Selinunte_-_Foto_di_G._Dall%27Orto.jpg\/304px-Kouros_greco%2C_550_aC%2C_da_Selinunte_-_Foto_di_G._Dall%27Orto.jpg 1.5x, \/\/upload.wikimedia.org\/wikipedia\/commons\/thumb\/0\/01\/Kouros_greco%2C_550_aC%2C_da_Selinunte_-_Foto_di_G._Dall%27Orto.jpg\/405px-Kouros_greco%2C_550_aC%2C_da_Selinunte_-_Foto_di_G._Dall%27Orto.jpg 2x\" alt=\"Kouros inginocchiato\" width=\"140\" height=\"187\" data-file-width=\"1536\" data-file-height=\"2048\" \/><\/a><\/div>\n<div class=\"gallerytext\">Kouros inginocchiato<\/div>\n<\/li>\n<li class=\"gallerybox\">\n<div class=\"thumb\"><a class=\"mw-file-description\" title=\"Offerente tipo tanagrina\" href=\"https:\/\/it.wikipedia.org\/wiki\/File:DSC00160_-_Statuetta_greca_di_offerente,_del_tipo_%27%27tanagrina%27%27,_da_Selinunte_-_Foto_di_G._Dall%27Orto.jpg\"><img loading=\"lazy\" decoding=\"async\" class=\"mw-file-element\" src=\"https:\/\/upload.wikimedia.org\/wikipedia\/commons\/thumb\/1\/1b\/DSC00160_-_Statuetta_greca_di_offerente%2C_del_tipo_%27%27tanagrina%27%27%2C_da_Selinunte_-_Foto_di_G._Dall%27Orto.jpg\/202px-DSC00160_-_Statuetta_greca_di_offerente%2C_del_tipo_%27%27tanagrina%27%27%2C_da_Selinunte_-_Foto_di_G._Dall%27Orto.jpg\" srcset=\"\/\/upload.wikimedia.org\/wikipedia\/commons\/thumb\/1\/1b\/DSC00160_-_Statuetta_greca_di_offerente%2C_del_tipo_%27%27tanagrina%27%27%2C_da_Selinunte_-_Foto_di_G._Dall%27Orto.jpg\/304px-DSC00160_-_Statuetta_greca_di_offerente%2C_del_tipo_%27%27tanagrina%27%27%2C_da_Selinunte_-_Foto_di_G._Dall%27Orto.jpg 1.5x, \/\/upload.wikimedia.org\/wikipedia\/commons\/thumb\/1\/1b\/DSC00160_-_Statuetta_greca_di_offerente%2C_del_tipo_%27%27tanagrina%27%27%2C_da_Selinunte_-_Foto_di_G._Dall%27Orto.jpg\/405px-DSC00160_-_Statuetta_greca_di_offerente%2C_del_tipo_%27%27tanagrina%27%27%2C_da_Selinunte_-_Foto_di_G._Dall%27Orto.jpg 2x\" alt=\"Offerente tipo tanagrina\" width=\"140\" height=\"187\" data-file-width=\"1536\" data-file-height=\"2048\" \/><\/a><\/div>\n<div class=\"gallerytext\">Offerente tipo tanagrina<\/div>\n<\/li>\n<li class=\"gallerybox\">\n<div class=\"thumb\"><a class=\"mw-file-description\" title=\"Testine di ex-voto\" href=\"https:\/\/it.wikipedia.org\/wiki\/File:Testine_di_ex_voto_greci,_da_Selinunte_-_Foto_di_G._Dall%27Orto.jpg\"><img loading=\"lazy\" decoding=\"async\" class=\"mw-file-element\" src=\"https:\/\/upload.wikimedia.org\/wikipedia\/commons\/thumb\/3\/3a\/Testine_di_ex_voto_greci%2C_da_Selinunte_-_Foto_di_G._Dall%27Orto.jpg\/360px-Testine_di_ex_voto_greci%2C_da_Selinunte_-_Foto_di_G._Dall%27Orto.jpg\" srcset=\"\/\/upload.wikimedia.org\/wikipedia\/commons\/thumb\/3\/3a\/Testine_di_ex_voto_greci%2C_da_Selinunte_-_Foto_di_G._Dall%27Orto.jpg\/540px-Testine_di_ex_voto_greci%2C_da_Selinunte_-_Foto_di_G._Dall%27Orto.jpg 1.5x, \/\/upload.wikimedia.org\/wikipedia\/commons\/thumb\/3\/3a\/Testine_di_ex_voto_greci%2C_da_Selinunte_-_Foto_di_G._Dall%27Orto.jpg\/720px-Testine_di_ex_voto_greci%2C_da_Selinunte_-_Foto_di_G._Dall%27Orto.jpg 2x\" alt=\"Testine di ex-voto\" width=\"249\" height=\"187\" data-file-width=\"2048\" data-file-height=\"1536\" \/><\/a><\/div>\n<div class=\"gallerytext\">Testine di ex-voto<\/div>\n<\/li>\n<li class=\"gallerybox\">\n<div class=\"thumb\"><a class=\"mw-file-description\" title=\"Testa di ex-voto\" href=\"https:\/\/it.wikipedia.org\/wiki\/File:DSC00152_-_Testa_di_ex_voto_greco,_da_Selinunte_-_Foto_di_G._Dall%27Orto.jpg\"><img loading=\"lazy\" decoding=\"async\" class=\"mw-file-element\" src=\"https:\/\/upload.wikimedia.org\/wikipedia\/commons\/thumb\/1\/18\/DSC00152_-_Testa_di_ex_voto_greco%2C_da_Selinunte_-_Foto_di_G._Dall%27Orto.jpg\/202px-DSC00152_-_Testa_di_ex_voto_greco%2C_da_Selinunte_-_Foto_di_G._Dall%27Orto.jpg\" srcset=\"\/\/upload.wikimedia.org\/wikipedia\/commons\/thumb\/1\/18\/DSC00152_-_Testa_di_ex_voto_greco%2C_da_Selinunte_-_Foto_di_G._Dall%27Orto.jpg\/304px-DSC00152_-_Testa_di_ex_voto_greco%2C_da_Selinunte_-_Foto_di_G._Dall%27Orto.jpg 1.5x, \/\/upload.wikimedia.org\/wikipedia\/commons\/thumb\/1\/18\/DSC00152_-_Testa_di_ex_voto_greco%2C_da_Selinunte_-_Foto_di_G._Dall%27Orto.jpg\/405px-DSC00152_-_Testa_di_ex_voto_greco%2C_da_Selinunte_-_Foto_di_G._Dall%27Orto.jpg 2x\" alt=\"Testa di ex-voto\" width=\"140\" height=\"187\" data-file-width=\"1536\" data-file-height=\"2048\" \/><\/a><\/div>\n<div class=\"gallerytext\">Testa di ex-voto<\/div>\n<\/li>\n<li class=\"gallerybox\">\n<div class=\"thumb\"><a class=\"mw-file-description\" title=\"Maschera femminile\" href=\"https:\/\/it.wikipedia.org\/wiki\/File:DSC00154_-_Maschera_del_520-450_aC,_da_Selinunte_-_Foto_di_G._Dall%27Orto.jpg\"><img loading=\"lazy\" decoding=\"async\" class=\"mw-file-element\" src=\"https:\/\/upload.wikimedia.org\/wikipedia\/commons\/thumb\/e\/e8\/DSC00154_-_Maschera_del_520-450_aC%2C_da_Selinunte_-_Foto_di_G._Dall%27Orto.jpg\/360px-DSC00154_-_Maschera_del_520-450_aC%2C_da_Selinunte_-_Foto_di_G._Dall%27Orto.jpg\" srcset=\"\/\/upload.wikimedia.org\/wikipedia\/commons\/thumb\/e\/e8\/DSC00154_-_Maschera_del_520-450_aC%2C_da_Selinunte_-_Foto_di_G._Dall%27Orto.jpg\/540px-DSC00154_-_Maschera_del_520-450_aC%2C_da_Selinunte_-_Foto_di_G._Dall%27Orto.jpg 1.5x, \/\/upload.wikimedia.org\/wikipedia\/commons\/thumb\/e\/e8\/DSC00154_-_Maschera_del_520-450_aC%2C_da_Selinunte_-_Foto_di_G._Dall%27Orto.jpg\/720px-DSC00154_-_Maschera_del_520-450_aC%2C_da_Selinunte_-_Foto_di_G._Dall%27Orto.jpg 2x\" alt=\"Maschera femminile\" width=\"249\" height=\"187\" data-file-width=\"2048\" data-file-height=\"1536\" \/><\/a><\/div>\n<div class=\"gallerytext\">Maschera femminile<\/div>\n<\/li>\n<li class=\"gallerybox\">\n<div class=\"thumb\"><a class=\"mw-file-description\" title=\"Sfinge\" href=\"https:\/\/it.wikipedia.org\/wiki\/File:DSC00155_-_Sfinge,_da_Selinunte_-_Foto_di_G._Dall%27Orto.jpg\"><img loading=\"lazy\" decoding=\"async\" class=\"mw-file-element\" src=\"https:\/\/upload.wikimedia.org\/wikipedia\/commons\/thumb\/f\/f8\/DSC00155_-_Sfinge%2C_da_Selinunte_-_Foto_di_G._Dall%27Orto.jpg\/202px-DSC00155_-_Sfinge%2C_da_Selinunte_-_Foto_di_G._Dall%27Orto.jpg\" srcset=\"\/\/upload.wikimedia.org\/wikipedia\/commons\/thumb\/f\/f8\/DSC00155_-_Sfinge%2C_da_Selinunte_-_Foto_di_G._Dall%27Orto.jpg\/304px-DSC00155_-_Sfinge%2C_da_Selinunte_-_Foto_di_G._Dall%27Orto.jpg 1.5x, \/\/upload.wikimedia.org\/wikipedia\/commons\/thumb\/f\/f8\/DSC00155_-_Sfinge%2C_da_Selinunte_-_Foto_di_G._Dall%27Orto.jpg\/405px-DSC00155_-_Sfinge%2C_da_Selinunte_-_Foto_di_G._Dall%27Orto.jpg 2x\" alt=\"Sfinge\" width=\"140\" height=\"187\" data-file-width=\"1536\" data-file-height=\"2048\" \/><\/a><\/div>\n<div class=\"gallerytext\">Sfinge<\/div>\n<\/li>\n<li class=\"gallerybox\">\n<div class=\"thumb\"><a class=\"mw-file-description\" title=\"Sirena\" href=\"https:\/\/it.wikipedia.org\/wiki\/File:Sirena,_550_a.C._-_da_Selinunte_-_Foto_di_G._Dall%27Orto.jpg\"><img loading=\"lazy\" decoding=\"async\" class=\"mw-file-element\" src=\"https:\/\/upload.wikimedia.org\/wikipedia\/commons\/thumb\/5\/57\/Sirena%2C_550_a.C._-_da_Selinunte_-_Foto_di_G._Dall%27Orto.jpg\/202px-Sirena%2C_550_a.C._-_da_Selinunte_-_Foto_di_G._Dall%27Orto.jpg\" srcset=\"\/\/upload.wikimedia.org\/wikipedia\/commons\/thumb\/5\/57\/Sirena%2C_550_a.C._-_da_Selinunte_-_Foto_di_G._Dall%27Orto.jpg\/304px-Sirena%2C_550_a.C._-_da_Selinunte_-_Foto_di_G._Dall%27Orto.jpg 1.5x, \/\/upload.wikimedia.org\/wikipedia\/commons\/thumb\/5\/57\/Sirena%2C_550_a.C._-_da_Selinunte_-_Foto_di_G._Dall%27Orto.jpg\/405px-Sirena%2C_550_a.C._-_da_Selinunte_-_Foto_di_G._Dall%27Orto.jpg 2x\" alt=\"Sirena\" width=\"140\" height=\"187\" data-file-width=\"1536\" data-file-height=\"2048\" \/><\/a><\/div>\n<div class=\"gallerytext\">Sirena<\/div>\n<\/li>\n<li class=\"gallerybox\">\n<div class=\"thumb\"><a class=\"mw-file-description\" title=\"Bovini in riposo\" href=\"https:\/\/it.wikipedia.org\/wiki\/File:DSC00162_-_Buoi,_sec._VI_a.C._-_da_Selinunte_-_Foto_di_G._Dall%27Orto.jpg\"><img loading=\"lazy\" decoding=\"async\" class=\"mw-file-element\" src=\"https:\/\/upload.wikimedia.org\/wikipedia\/commons\/thumb\/5\/5a\/DSC00162_-_Buoi%2C_sec._VI_a.C._-_da_Selinunte_-_Foto_di_G._Dall%27Orto.jpg\/360px-DSC00162_-_Buoi%2C_sec._VI_a.C._-_da_Selinunte_-_Foto_di_G._Dall%27Orto.jpg\" srcset=\"\/\/upload.wikimedia.org\/wikipedia\/commons\/thumb\/5\/5a\/DSC00162_-_Buoi%2C_sec._VI_a.C._-_da_Selinunte_-_Foto_di_G._Dall%27Orto.jpg\/540px-DSC00162_-_Buoi%2C_sec._VI_a.C._-_da_Selinunte_-_Foto_di_G._Dall%27Orto.jpg 1.5x, \/\/upload.wikimedia.org\/wikipedia\/commons\/thumb\/5\/5a\/DSC00162_-_Buoi%2C_sec._VI_a.C._-_da_Selinunte_-_Foto_di_G._Dall%27Orto.jpg\/720px-DSC00162_-_Buoi%2C_sec._VI_a.C._-_da_Selinunte_-_Foto_di_G._Dall%27Orto.jpg 2x\" alt=\"Bovini in riposo\" width=\"249\" height=\"187\" data-file-width=\"2048\" data-file-height=\"1536\" \/><\/a><\/div>\n<div class=\"gallerytext\">Bovini in riposo<\/div>\n<\/li>\n<\/ul>\n<div class=\"mw-heading mw-heading2\">\n<h2 id=\"Come_arrivare_a_Selinunte\">Come arrivare a Selinunte<\/h2>\n<p><span class=\"mw-editsection\"><span class=\"mw-editsection-bracket\">[<\/span><a class=\"mw-editsection-visualeditor\" title=\"Modifica la sezione Come arrivare a Selinunte\" href=\"https:\/\/it.wikipedia.org\/w\/index.php?title=Selinunte&amp;veaction=edit&amp;section=15\">modifica<\/a><span class=\"mw-editsection-divider\">\u00a0|\u00a0<\/span><a title=\"Edit section's source code: Come arrivare a Selinunte\" href=\"https:\/\/it.wikipedia.org\/w\/index.php?title=Selinunte&amp;action=edit&amp;section=15\">modifica wikitesto<\/a><span class=\"mw-editsection-bracket\">]<\/span><\/span><\/p>\n<\/div>\n<ul>\n<li><a title=\"Autostrada A29 (Italia)\" href=\"https:\/\/it.wikipedia.org\/wiki\/Autostrada_A29_(Italia)\">Autostrada A29<\/a>\u00a0Palermo-Mazara del Vallo, uscita Castelvetrano prosecuzione Selinunte (ingresso lato est) o Triscina (ingresso lato ovest).<\/li>\n<li><a title=\"Aeroporto di Trapani-Birgi\" href=\"https:\/\/it.wikipedia.org\/wiki\/Aeroporto_di_Trapani-Birgi\">Aeroporto di Trapani-Birgi<\/a>, un aeroporto civile-militare (con il terzo traffico di voli nell&#8217;isola).<\/li>\n<\/ul>\n<div class=\"mw-heading mw-heading2\">\n<h2 id=\"Documentari\">Documentari<\/h2>\n<p><span class=\"mw-editsection\"><span class=\"mw-editsection-bracket\">[<\/span><a class=\"mw-editsection-visualeditor\" title=\"Modifica la sezione Documentari\" href=\"https:\/\/it.wikipedia.org\/w\/index.php?title=Selinunte&amp;veaction=edit&amp;section=16\">modifica<\/a><span class=\"mw-editsection-divider\">\u00a0|\u00a0<\/span><a title=\"Edit section's source code: Documentari\" href=\"https:\/\/it.wikipedia.org\/w\/index.php?title=Selinunte&amp;action=edit&amp;section=16\">modifica wikitesto<\/a><span class=\"mw-editsection-bracket\">]<\/span><\/span><\/p>\n<\/div>\n<ul>\n<li>Salvo Cuccia,\u00a0<i><a title=\"Oltre Selinunte\" href=\"https:\/\/it.wikipedia.org\/wiki\/Oltre_Selinunte\">Oltre Selinunte<\/a><\/i>, 2006, 56 min<\/li>\n<li>Alessandra Ragusa e Antonino Pirrotta,\u00a0<i>Selinunte, citt\u00e0 tra due fiumi<\/i>, Grafimated Cartoon, 2015, 22 min<\/li>\n<\/ul>\n<div class=\"mw-heading mw-heading2\">\n<h2 id=\"Note\">Note<\/h2>\n<p><span class=\"mw-editsection\"><span class=\"mw-editsection-bracket\">[<\/span><a class=\"mw-editsection-visualeditor\" title=\"Modifica la sezione Note\" href=\"https:\/\/it.wikipedia.org\/w\/index.php?title=Selinunte&amp;veaction=edit&amp;section=17\">modifica<\/a><span class=\"mw-editsection-divider\">\u00a0|\u00a0<\/span><a title=\"Edit section's source code: Note\" href=\"https:\/\/it.wikipedia.org\/w\/index.php?title=Selinunte&amp;action=edit&amp;section=17\">modifica wikitesto<\/a><span class=\"mw-editsection-bracket\">]<\/span><\/span><\/p>\n<\/div>\n<div class=\"mw-references-wrap mw-references-columns\">\n<ol class=\"references\">\n<li id=\"cite_note-1\"><a href=\"https:\/\/it.wikipedia.org\/wiki\/Selinunte#cite_ref-1\"><b>^<\/b><\/a>\u00a0<span class=\"reference-text\"><cite class=\"citation web\"><a class=\"external text\" href=\"https:\/\/viaggiart.com\/it\/idee-viaggio\/selinunte-il-parco-archeologico-piu-grande-deuropa-in-riva-al-mare_157393.html\" rel=\"nofollow\">Selinunte, il parco archeologico pi\u00f9 grande d\u2019Europa in riva al mare<\/a>, su\u00a0ViaggiArt, 18 luglio 2019.\u00a0<small>URL consultato il 19 settembre 2019<\/small>.<\/cite><\/span><\/li>\n<li id=\"cite_note-2\"><a href=\"https:\/\/it.wikipedia.org\/wiki\/Selinunte#cite_ref-2\"><b>^<\/b><\/a>\u00a0<span class=\"reference-text\"><a class=\"external text\" href=\"https:\/\/www.repubblica.it\/viaggi\/2018\/01\/30\/news\/selinunte_la_nuova_pompei_nel_parco_d_archeologico_piu_grande_d_europa-187630268\/\" rel=\"nofollow\">&#8211; Selinunte, nel parco archeologico pi\u00f9 grande d&#8217;Europa<\/a><\/span><\/li>\n<li id=\"cite_note-3\"><a href=\"https:\/\/it.wikipedia.org\/wiki\/Selinunte#cite_ref-3\"><b>^<\/b><\/a>\u00a0<span class=\"reference-text\"><cite class=\"citation web\"><a class=\"external text\" href=\"https:\/\/www.clubesse.it\/selinunte-parco-archeologico-piu-grande-deuropa\/\" rel=\"nofollow\">Selinunte, il pi\u00f9 grande parco archeologico d&#8217;Europa \u00e8 in Sicilia<\/a>, su\u00a0Club Esse, 22 febbraio 2016.\u00a0<small>URL consultato il 19 settembre 2019<\/small>.<\/cite><\/span><\/li>\n<li id=\"cite_note-Nota1-4\"><a href=\"https:\/\/it.wikipedia.org\/wiki\/Selinunte#cite_ref-Nota1_4-0\"><b>^<\/b><\/a>\u00a0<span class=\"reference-text\"><cite class=\"citation web\"><a class=\"external text\" href=\"http:\/\/www.arkeomania.com\/templiselinunte.html\" rel=\"nofollow\">Templi di Selinunte<\/a>, su\u00a0arkeomania.com.\u00a0<small>URL consultato il 15 giugno 2010<\/small>.<\/cite><\/span><\/li>\n<li id=\"cite_note-5\"><a href=\"https:\/\/it.wikipedia.org\/wiki\/Selinunte#cite_ref-5\"><b>^<\/b><\/a>\u00a0<span class=\"reference-text\">Stima di\u00a0<a title=\"Adolf Holm\" href=\"https:\/\/it.wikipedia.org\/wiki\/Adolf_Holm\">Holm A.<\/a>, in &#8220;<i>Popolazione antica della Sicilia<\/i>&#8221; di J. Beloch.<\/span><\/li>\n<li id=\"cite_note-6\"><a href=\"https:\/\/it.wikipedia.org\/wiki\/Selinunte#cite_ref-6\"><b>^<\/b><\/a>\u00a0<span class=\"reference-text\">Secondo\u00a0<a title=\"Tucidide\" href=\"https:\/\/it.wikipedia.org\/wiki\/Tucidide\">Tucidide<\/a>\u00a0invece Selinunte sarebbe stata fondata nel 627 a.C. &#8211; cio\u00e8: &#8220;cento anni dopo quella di Megara Hyblea&#8221; &#8211; data tuttavia smentita dai rinvenimenti ceramici tardo proto-corinzi nel Santuario della Maloph\u00f2ros.<\/span><\/li>\n<li id=\"cite_note-ReferenceTF392-7\"><span class=\"mw-cite-backlink\"><b>^<\/b>\u00a0<sup><i><a href=\"https:\/\/it.wikipedia.org\/wiki\/Selinunte#cite_ref-ReferenceTF392_7-0\"><span class=\"cite-accessibility-label\">Salta a:<\/span>a<\/a><\/i><\/sup>\u00a0<sup><i><a href=\"https:\/\/it.wikipedia.org\/wiki\/Selinunte#cite_ref-ReferenceTF392_7-1\">b<\/a><\/i><\/sup><\/span>\u00a0<span class=\"reference-text\"><cite class=\"citation cita\"><a href=\"https:\/\/it.wikipedia.org\/wiki\/Selinunte#CITEREFTommaso_Fazello\">Tommaso Fazello<\/a>,\u00a0p. 392<\/cite>.<\/span><\/li>\n<li id=\"cite_note-8\"><a href=\"https:\/\/it.wikipedia.org\/wiki\/Selinunte#cite_ref-8\"><b>^<\/b><\/a>\u00a0<span class=\"reference-text\">questo territorio aveva come limite a ovest il fiume M\u00e0zaro, ad est il fiume Pl\u00e0tani, mentre verso nord confinava col territorio di Segesta estendendosi quanto meno fino a Poggioreale, dove \u00e8 stata rinvenuta un&#8217;iscrizione arcaica in dialetto selinuntino.<\/span><\/li>\n<li id=\"cite_note-9\"><a href=\"https:\/\/it.wikipedia.org\/wiki\/Selinunte#cite_ref-9\"><b>^<\/b><\/a>\u00a0<span class=\"reference-text\">i buoni rapporti con i Cartaginesi erano dovuti probabilmente a ragioni commerciali, in quanto Selinunte, per i suoi vasti territori, doveva essere una grande produttrice di derrate alimentari, tanto da approvvigionare le citt\u00e0 fenicie.<\/span><\/li>\n<li id=\"cite_note-ReferenceTF397-10\"><span class=\"mw-cite-backlink\"><b>^<\/b>\u00a0<sup><i><a href=\"https:\/\/it.wikipedia.org\/wiki\/Selinunte#cite_ref-ReferenceTF397_10-0\"><span class=\"cite-accessibility-label\">Salta a:<\/span>a<\/a><\/i><\/sup>\u00a0<sup><i><a href=\"https:\/\/it.wikipedia.org\/wiki\/Selinunte#cite_ref-ReferenceTF397_10-1\">b<\/a><\/i><\/sup><\/span>\u00a0<span class=\"reference-text\"><cite class=\"citation cita\"><a href=\"https:\/\/it.wikipedia.org\/wiki\/Selinunte#CITEREFTommaso_Fazello\">Tommaso Fazello<\/a>,\u00a0p. 397<\/cite>.<\/span><\/li>\n<li id=\"cite_note-11\"><a href=\"https:\/\/it.wikipedia.org\/wiki\/Selinunte#cite_ref-11\"><b>^<\/b><\/a>\u00a0<span class=\"reference-text\">Problema del resto antico: infatti gi\u00e0 nel 444 a.C. il filosofo\u00a0<a title=\"Empedocle\" href=\"https:\/\/it.wikipedia.org\/wiki\/Empedocle\">Empedocle<\/a>, chiamato dai Selinuntini per frenare una grave epidemia, pens\u00f2 di combatterla bonificando pantani ed acquitrini lungo i corsi dei due fiumi.<\/span><\/li>\n<li id=\"cite_note-ReferenceTF396-12\"><span class=\"mw-cite-backlink\"><b>^<\/b>\u00a0<sup><i><a href=\"https:\/\/it.wikipedia.org\/wiki\/Selinunte#cite_ref-ReferenceTF396_12-0\"><span class=\"cite-accessibility-label\">Salta a:<\/span>a<\/a><\/i><\/sup>\u00a0<sup><i><a href=\"https:\/\/it.wikipedia.org\/wiki\/Selinunte#cite_ref-ReferenceTF396_12-1\">b<\/a><\/i><\/sup><\/span>\u00a0<span class=\"reference-text\"><cite class=\"citation cita\"><a href=\"https:\/\/it.wikipedia.org\/wiki\/Selinunte#CITEREFTommaso_Fazello\">Tommaso Fazello<\/a>,\u00a0p. 396<\/cite>.<\/span><\/li>\n<li id=\"cite_note-13\"><a href=\"https:\/\/it.wikipedia.org\/wiki\/Selinunte#cite_ref-13\"><b>^<\/b><\/a>\u00a0<span class=\"reference-text\"><cite class=\"citation cita\"><a href=\"https:\/\/it.wikipedia.org\/wiki\/Selinunte#CITEREFTommaso_Fazello\">Tommaso Fazello<\/a>,\u00a0pp. 392-401<\/cite>.<\/span><\/li>\n<li id=\"cite_note-14\"><a href=\"https:\/\/it.wikipedia.org\/wiki\/Selinunte#cite_ref-14\"><b>^<\/b><\/a>\u00a0<span class=\"reference-text\"><cite class=\"citation cita\"><a href=\"https:\/\/it.wikipedia.org\/wiki\/Selinunte#CITEREFTommaso_Fazello\">Tommaso Fazello<\/a>,\u00a0p. 393<\/cite>.<\/span><\/li>\n<li id=\"cite_note-15\"><a href=\"https:\/\/it.wikipedia.org\/wiki\/Selinunte#cite_ref-15\"><b>^<\/b><\/a>\u00a0<span class=\"reference-text\"><cite class=\"citation cita\"><a href=\"https:\/\/it.wikipedia.org\/wiki\/Selinunte#CITEREFTommaso_Fazello\">Tommaso Fazello<\/a>,\u00a0p. 394<\/cite>.<\/span><\/li>\n<li id=\"cite_note-16\"><a href=\"https:\/\/it.wikipedia.org\/wiki\/Selinunte#cite_ref-16\"><b>^<\/b><\/a>\u00a0<span class=\"reference-text\"><cite class=\"citation cita\"><a href=\"https:\/\/it.wikipedia.org\/wiki\/Selinunte#CITEREFTommaso_Fazello\">Tommaso Fazello<\/a>,\u00a0p. 395<\/cite>.<\/span><\/li>\n<li id=\"cite_note-17\"><a href=\"https:\/\/it.wikipedia.org\/wiki\/Selinunte#cite_ref-17\"><b>^<\/b><\/a>\u00a0<span class=\"reference-text\"><cite class=\"citation cita\"><a href=\"https:\/\/it.wikipedia.org\/wiki\/Selinunte#CITEREFTommaso_Fazello\">Tommaso Fazello<\/a>,\u00a0p. 398<\/cite>.<\/span><\/li>\n<li id=\"cite_note-18\"><a href=\"https:\/\/it.wikipedia.org\/wiki\/Selinunte#cite_ref-18\"><b>^<\/b><\/a>\u00a0<span class=\"reference-text\"><cite class=\"citation web\"><a class=\"external text\" href=\"http:\/\/www.caareviews.org\/reviews\/1473\" rel=\"nofollow\">Temple Decoration and Cultural Identity in the Archaic Greek World: The Metopes of Selinus<\/a>, su\u00a0Temple Decoration and Cultural Identity in the Archaic Greek World: The Metopes of Selinus.\u00a0<small>URL consultato il 10 maggio 2020<\/small>.<\/cite><\/span><\/li>\n<li id=\"cite_note-19\"><a href=\"https:\/\/it.wikipedia.org\/wiki\/Selinunte#cite_ref-19\"><b>^<\/b><\/a>\u00a0<span class=\"reference-text\"><cite class=\"citation web\"><a class=\"external text\" href=\"http:\/\/www.regione.sicilia.it\/beniculturali\/dirbenicult\/Trasparenza\/DecretiVisibili_view.asp?editid1=363\" rel=\"nofollow\">Decreto<\/a>, su\u00a0regione.sicilia.it, Regione Siciliana.\u00a0<small>URL consultato il 7 febbraio 2019<\/small>.<\/cite><\/span><\/li>\n<li id=\"cite_note-20\"><a href=\"https:\/\/it.wikipedia.org\/wiki\/Selinunte#cite_ref-20\"><b>^<\/b><\/a>\u00a0<span class=\"reference-text\"><cite class=\"citation web\"><a class=\"external text\" href=\"http:\/\/www.ansa.it\/sicilia\/notizie\/2015\/09\/11\/parco-archeologico-selinunte-autonomo_14cf3637-fd7a-410a-a8ed-0d04b9324deb.html\" rel=\"nofollow\">Il Parco Archeologico di Selinunte<\/a>, su\u00a0ansa.it, ANSA, 11 settembre 2015.\u00a0<small>URL consultato il 7 febbraio 2019<\/small>.<\/cite><\/span><\/li>\n<li id=\"cite_note-Nota2-21\"><span class=\"mw-cite-backlink\"><b>^<\/b>\u00a0<sup><i><a href=\"https:\/\/it.wikipedia.org\/wiki\/Selinunte#cite_ref-Nota2_21-0\"><span class=\"cite-accessibility-label\">Salta a:<\/span>a<\/a><\/i><\/sup>\u00a0<sup><i><a href=\"https:\/\/it.wikipedia.org\/wiki\/Selinunte#cite_ref-Nota2_21-1\">b<\/a><\/i><\/sup>\u00a0<sup><i><a href=\"https:\/\/it.wikipedia.org\/wiki\/Selinunte#cite_ref-Nota2_21-2\">c<\/a><\/i><\/sup>\u00a0<sup><i><a href=\"https:\/\/it.wikipedia.org\/wiki\/Selinunte#cite_ref-Nota2_21-3\">d<\/a><\/i><\/sup>\u00a0<sup><i><a href=\"https:\/\/it.wikipedia.org\/wiki\/Selinunte#cite_ref-Nota2_21-4\">e<\/a><\/i><\/sup><\/span>\u00a0<span class=\"reference-text\"><cite class=\"citation web\"><a class=\"external text\" href=\"http:\/\/www.selinunte.net\/\" rel=\"nofollow\">Sito dedicato<\/a>, su\u00a0selinunte.net.\u00a0<small>URL consultato il 15 giugno 2010<\/small>.<\/cite><\/span><\/li>\n<li id=\"cite_note-22\"><a href=\"https:\/\/it.wikipedia.org\/wiki\/Selinunte#cite_ref-22\"><b>^<\/b><\/a>\u00a0<span class=\"reference-text\">Il nome di &#8220;Tempio di Empedocle&#8221; \u00e8 stato dato nel\u00a0<a title=\"1824\" href=\"https:\/\/it.wikipedia.org\/wiki\/1824\">1824<\/a>\u00a0dal suo scopritore, Hittorf, che appunto lo pens\u00f2 dedicato a colui che aveva bonificato le acque dei fiumi di Selinunte, ponendo fine alle numerose epidemie.<\/span><\/li>\n<li id=\"cite_note-23\"><a href=\"https:\/\/it.wikipedia.org\/wiki\/Selinunte#cite_ref-23\"><b>^<\/b><\/a>\u00a0<span class=\"reference-text\">insieme all&#8217;Olympieion di Agrigento; superato solo dal Didymaion di Mileto e dall&#8217;Artemision di Efeso<\/span><\/li>\n<li id=\"cite_note-24\"><a href=\"https:\/\/it.wikipedia.org\/wiki\/Selinunte#cite_ref-24\"><b>^<\/b><\/a>\u00a0<span class=\"reference-text\">Hek\u00e0te \u00e8 una dea triforme: celeste (lunare, portatrice di luce), terrena (guardiana, protettrice delle porte delle case, delle strade e dei crocicchi, dispensatrice di felicit\u00e0 e di prosperit\u00e0, protettrice della giovent\u00f9), e sotterranea (regna sulle ombre e sui demoni malvagi, evoca gli spiriti, presiede alle magie e agli incantesimi); \u00e8 rappresentata con tre corpi o\u00a0<a class=\"mw-redirect\" title=\"Tricefalia\" href=\"https:\/\/it.wikipedia.org\/wiki\/Tricefalia\">tre teste<\/a>, e i suoi attributi sono la fiaccola, il cane, il serpente<\/span><\/li>\n<\/ol>\n<\/div>\n<div class=\"mw-heading mw-heading2\">\n<h2 id=\"Bibliografia\">Bibliografia<\/h2>\n<p><span class=\"mw-editsection\"><span class=\"mw-editsection-bracket\">[<\/span><a class=\"mw-editsection-visualeditor\" title=\"Modifica la sezione Bibliografia\" href=\"https:\/\/it.wikipedia.org\/w\/index.php?title=Selinunte&amp;veaction=edit&amp;section=18\">modifica<\/a><span class=\"mw-editsection-divider\">\u00a0|\u00a0<\/span><a title=\"Edit section's source code: Bibliografia\" href=\"https:\/\/it.wikipedia.org\/w\/index.php?title=Selinunte&amp;action=edit&amp;section=18\">modifica wikitesto<\/a><span class=\"mw-editsection-bracket\">]<\/span><\/span><\/p>\n<\/div>\n<ul>\n<li><a title=\"Amedeo Maiuri\" href=\"https:\/\/it.wikipedia.org\/wiki\/Amedeo_Maiuri\">Amedeo Maiuri<\/a>,\u00a0<i>Arte e civilt\u00e0 nell&#8217;Italia antica<\/i>, (Conosci l&#8217;Italia, vol. IV), Milano, 1960, pp.\u00a079\u201380, 89-92, 106-108.<\/li>\n<li><a title=\"Jean B\u00e9rard\" href=\"https:\/\/it.wikipedia.org\/wiki\/Jean_B%C3%A9rard\">Jean B\u00e9rard<\/a>,\u00a0<i>La Magna Grecia<\/i>\u00a0(Storia delle colonie greche dell&#8217;Italia meridionale), trad. di\u00a0<a title=\"Piero Bernardini Marzolla\" href=\"https:\/\/it.wikipedia.org\/wiki\/Piero_Bernardini_Marzolla\">P. B. Marzolla<\/a>, Torino, Einaudi, 1963, pp.\u00a0238\u2013241, 286-287.<\/li>\n<li>Bilello Francesco,\u00a0<i>Selinunte: storia e guida<\/i>, Menfi, A. Quartararo, 1966.<\/li>\n<li>Antonio Giuliano,\u00a0<i>Urbanistica delle citt\u00e0 greche<\/i>, Milano, il Saggiatore, 1966, pp.\u00a050\u201354, 191-192.<\/li>\n<li><a title=\"Luciano Zeppegno\" href=\"https:\/\/it.wikipedia.org\/wiki\/Luciano_Zeppegno\">Luciano Zeppegno<\/a>; Luigi Vacchi,\u00a0<i>Guida alle civilt\u00e0 sepolte d&#8217;Italia<\/i>, Milano, Arnoldo Mondadori, 1972, pp.\u00a0113\u2013117.<\/li>\n<li><a title=\"Sabatino Moscati\" href=\"https:\/\/it.wikipedia.org\/wiki\/Sabatino_Moscati\">Sabatino Moscati<\/a>,\u00a0<i>Italia archeologica<\/i>, Novara, De Agostini, 1973, vol. 1, pp.\u00a0120\u2013129.<\/li>\n<li>Margaret Guido;\u00a0<a title=\"Vincenzo Tusa\" href=\"https:\/\/it.wikipedia.org\/wiki\/Vincenzo_Tusa\">Vincenzo Tusa<\/a>,\u00a0<i>Guida archeologica della Sicilia<\/i>, Palermo, Sellerio, 1978, pp.\u00a068\u201380.<\/li>\n<li>Barone Vito; Sebastiano Elia,\u00a0<i>Selinunte: vicende storiche, illustrazione dei monumenti<\/i>, Palermo, Flaccovio, 1979.<\/li>\n<li><a title=\"Filippo Coarelli\" href=\"https:\/\/it.wikipedia.org\/wiki\/Filippo_Coarelli\">Filippo Coarelli<\/a>;\u00a0<a title=\"Mario Torelli\" href=\"https:\/\/it.wikipedia.org\/wiki\/Mario_Torelli\">Mario Torelli<\/a>,\u00a0<i>Sicilia<\/i>\u00a0(Guide archeologiche Laterza), Bari, Laterza, 1988, pp.\u00a072\u2013103.<\/li>\n<li><a title=\"Touring Club Italiano\" href=\"https:\/\/it.wikipedia.org\/wiki\/Touring_Club_Italiano\">Touring Club Italiano<\/a>,\u00a0<i>Guida d&#8217;Italia &#8211; Sicilia<\/i>, Milano, 1989, pp.\u00a0324\u2013330.<\/li>\n<li>Clemente Marconi,\u00a0<i>Selinunte: le metope dell&#8217;Heraion<\/i>, Modena, Panini, 1994.\u00a0<a class=\"internal mw-magiclink-isbn\" href=\"https:\/\/it.wikipedia.org\/wiki\/Speciale:RicercaISBN\/8876864547\">ISBN 88-7686-454-7<\/a>.<\/li>\n<li>Gioacchino Mistretta,\u00a0<i>Selinunte: storia e archeologia di una colonia greca<\/i>, Castelvetrano, Mazzotta, 1997.<\/li>\n<li><cite id=\"CITEREFTommaso_Fazello\" class=\"citation libro\"><a title=\"Tommaso Fazello\" href=\"https:\/\/it.wikipedia.org\/wiki\/Tommaso_Fazello\">Tommaso Fazello<\/a>,\u00a0<a class=\"external text\" href=\"https:\/\/books.google.it\/books?hl=it&amp;id=hM2XPuLTSDgC\" rel=\"nofollow\">&#8220;<i>Della Storia di Sicilia &#8211; Deche Due<\/i>&#8220;<\/a>, Volume uno, Palermo, Giuseppe Assenzio &#8211; Traduzione in lingua toscana, 1817.<\/cite><\/li>\n<li>Adriana Fresina e Giuseppe L. Bonanno (a cura di),\u00a0<i>Selinunte insieme a Hulot e Foug\u00e8res<\/i>, Cricd, Palermo 2013 (<a class=\"external text\" href=\"https:\/\/www.castelvetranoselinunte.it\/selinunte-insieme-a-hulot-e-fougeres-sfoglia-online\/125716\/\" rel=\"nofollow\">online<\/a>)<\/li>\n<\/ul>","protected":false},"excerpt":{"rendered":"<p>Selinunte\u00a0(in\u00a0greco antico:\u00a0\u03a3\u03b5\u03bb\u03b9\u03bd\u03bf\u1fe6\u03c2?,\u00a0Selin\u00f9s; in\u00a0latino\u00a0Selinus) era un&#8217;antica citt\u00e0\u00a0siceliota\u00a0situata sulla costa sud-occidentale della\u00a0Sicilia, nell&#8217;odierna\u00a0provincia di Trapani; \u00e8 il\u00a0parco archeologico\u00a0pi\u00f9 esteso d&#8217;Europa[1][2][3]. I ruderi della citt\u00e0 si trovano nel territorio del comune di\u00a0Castelvetrano, nei pressi della\u00a0foce del Belice. Nel sito archeologico, sull&#8217;acropoli\u00a0vi sono alcuni templi insieme ad altre costruzioni secondarie, mentre altri templi si &#8230;<\/p>\n<p class=\"continue-reading-button\"> <a class=\"continue-reading-link\" href=\"http:\/\/www.bellasicilia.org\/index.php\/2024\/11\/12\/selinunte\/\">Continue reading<i class=\"crycon-right-dir\"><\/i><\/a><\/p>\n","protected":false},"author":1,"featured_media":23,"comment_status":"open","ping_status":"open","sticky":false,"template":"","format":"standard","meta":{"footnotes":""},"categories":[2],"tags":[],"class_list":["post-22","post","type-post","status-publish","format-standard","has-post-thumbnail","hentry","category-monumenti"],"_links":{"self":[{"href":"http:\/\/www.bellasicilia.org\/index.php\/wp-json\/wp\/v2\/posts\/22","targetHints":{"allow":["GET"]}}],"collection":[{"href":"http:\/\/www.bellasicilia.org\/index.php\/wp-json\/wp\/v2\/posts"}],"about":[{"href":"http:\/\/www.bellasicilia.org\/index.php\/wp-json\/wp\/v2\/types\/post"}],"author":[{"embeddable":true,"href":"http:\/\/www.bellasicilia.org\/index.php\/wp-json\/wp\/v2\/users\/1"}],"replies":[{"embeddable":true,"href":"http:\/\/www.bellasicilia.org\/index.php\/wp-json\/wp\/v2\/comments?post=22"}],"version-history":[{"count":2,"href":"http:\/\/www.bellasicilia.org\/index.php\/wp-json\/wp\/v2\/posts\/22\/revisions"}],"predecessor-version":[{"id":58,"href":"http:\/\/www.bellasicilia.org\/index.php\/wp-json\/wp\/v2\/posts\/22\/revisions\/58"}],"wp:featuredmedia":[{"embeddable":true,"href":"http:\/\/www.bellasicilia.org\/index.php\/wp-json\/wp\/v2\/media\/23"}],"wp:attachment":[{"href":"http:\/\/www.bellasicilia.org\/index.php\/wp-json\/wp\/v2\/media?parent=22"}],"wp:term":[{"taxonomy":"category","embeddable":true,"href":"http:\/\/www.bellasicilia.org\/index.php\/wp-json\/wp\/v2\/categories?post=22"},{"taxonomy":"post_tag","embeddable":true,"href":"http:\/\/www.bellasicilia.org\/index.php\/wp-json\/wp\/v2\/tags?post=22"}],"curies":[{"name":"wp","href":"https:\/\/api.w.org\/{rel}","templated":true}]}}