{"id":19,"date":"2024-11-12T18:57:53","date_gmt":"2024-11-12T17:57:53","guid":{"rendered":"http:\/\/www.bellasicilia.org\/?p=19"},"modified":"2024-11-23T18:10:59","modified_gmt":"2024-11-23T17:10:59","slug":"palazzo-dei-normanni","status":"publish","type":"post","link":"http:\/\/www.bellasicilia.org\/index.php\/2024\/11\/12\/palazzo-dei-normanni\/","title":{"rendered":"Palazzo-dei-Normanni"},"content":{"rendered":"\n<figure class=\"wp-block-image size-large\"><img loading=\"lazy\" decoding=\"async\" width=\"1024\" height=\"768\" src=\"http:\/\/www.bellasicilia.org\/wp-content\/uploads\/2024\/11\/Palazzo-dei-Normanni-1024x768.jpg\" alt=\"\" class=\"wp-image-55\" srcset=\"http:\/\/www.bellasicilia.org\/wp-content\/uploads\/2024\/11\/Palazzo-dei-Normanni-1024x768.jpg 1024w, http:\/\/www.bellasicilia.org\/wp-content\/uploads\/2024\/11\/Palazzo-dei-Normanni-300x225.jpg 300w, http:\/\/www.bellasicilia.org\/wp-content\/uploads\/2024\/11\/Palazzo-dei-Normanni-768x576.jpg 768w, http:\/\/www.bellasicilia.org\/wp-content\/uploads\/2024\/11\/Palazzo-dei-Normanni-1536x1152.jpg 1536w, http:\/\/www.bellasicilia.org\/wp-content\/uploads\/2024\/11\/Palazzo-dei-Normanni-150x113.jpg 150w, http:\/\/www.bellasicilia.org\/wp-content\/uploads\/2024\/11\/Palazzo-dei-Normanni.jpg 1984w\" sizes=\"auto, (max-width: 1024px) 100vw, 1024px\" \/><figcaption class=\"wp-element-caption\">OLYMPUS DIGITAL CAMERA<\/figcaption><\/figure>\n\n\n<p>Il\u00a0<b>Palazzo dei Normanni<\/b>, noto anche come\u00a0<b>Palazzo Reale<\/b>,<sup id=\"cite_ref-Vincenzo_Mortillaro-34_1-0\" class=\"reference\"><a href=\"https:\/\/it.wikipedia.org\/wiki\/Palazzo_dei_Normanni#cite_note-Vincenzo_Mortillaro-34-1\"><span class=\"cite-bracket\">[<\/span>1<span class=\"cite-bracket\">]<\/span><\/a><\/sup><sup id=\"cite_ref-ReferenceTF455_2-0\" class=\"reference\"><a href=\"https:\/\/it.wikipedia.org\/wiki\/Palazzo_dei_Normanni#cite_note-ReferenceTF455-2\"><span class=\"cite-bracket\">[<\/span>2<span class=\"cite-bracket\">]<\/span><\/a><\/sup><sup id=\"cite_ref-3\" class=\"reference\"><a href=\"https:\/\/it.wikipedia.org\/wiki\/Palazzo_dei_Normanni#cite_note-3\"><span class=\"cite-bracket\">[<\/span>3<span class=\"cite-bracket\">]<\/span><\/a><\/sup>\u00a0si trova a\u00a0<a title=\"Palermo\" href=\"https:\/\/it.wikipedia.org\/wiki\/Palermo\">Palermo<\/a>\u00a0ed \u00e8 attualmente sede dell&#8217;<a title=\"Assemblea regionale siciliana\" href=\"https:\/\/it.wikipedia.org\/wiki\/Assemblea_regionale_siciliana\">Assemblea regionale siciliana<\/a>. Il palazzo, per secoli fortezza, \u00e8 la pi\u00f9 antica residenza reale d&#8217;<a title=\"Europa\" href=\"https:\/\/it.wikipedia.org\/wiki\/Europa\">Europa<\/a>, dimora dei sovrani del\u00a0<a title=\"Regno di Sicilia\" href=\"https:\/\/it.wikipedia.org\/wiki\/Regno_di_Sicilia\">Regno di Sicilia<\/a>, sede imperiale con\u00a0<a title=\"Federico II di Svevia\" href=\"https:\/\/it.wikipedia.org\/wiki\/Federico_II_di_Svevia\">Federico II<\/a>\u00a0e\u00a0<a class=\"mw-redirect\" title=\"Corrado IV\" href=\"https:\/\/it.wikipedia.org\/wiki\/Corrado_IV\">Corrado IV<\/a>\u00a0e dello storico\u00a0<a class=\"mw-redirect\" title=\"Parlamento siciliano\" href=\"https:\/\/it.wikipedia.org\/wiki\/Parlamento_siciliano\">Parlamento siciliano<\/a>. Al primo piano del palazzo sorge la\u00a0<i><a title=\"Cappella Palatina (Palermo)\" href=\"https:\/\/it.wikipedia.org\/wiki\/Cappella_Palatina_(Palermo)\">Cappella Palatina<\/a><\/i>. L&#8217;ala ovest \u00e8 assegnata all&#8217;<a class=\"mw-redirect\" title=\"Esercito italiano\" href=\"https:\/\/it.wikipedia.org\/wiki\/Esercito_italiano\">Esercito italiano<\/a>.<\/p>\n<p>\u00c8 uno dei monumenti pi\u00f9 visitati nell&#8217;isola<sup id=\"cite_ref-4\" class=\"reference\"><a href=\"https:\/\/it.wikipedia.org\/wiki\/Palazzo_dei_Normanni#cite_note-4\"><span class=\"cite-bracket\">[<\/span>4<span class=\"cite-bracket\">]<\/span><\/a><\/sup>. I servizi aggiuntivi turistici sono curati dalla\u00a0<a title=\"Fondazione Federico II\" href=\"https:\/\/it.wikipedia.org\/wiki\/Fondazione_Federico_II\">Fondazione Federico II<\/a>; gli ingressi principali (quello parlamentare e quello turistico) sono su\u00a0<a title=\"Piazza del Parlamento\" href=\"https:\/\/it.wikipedia.org\/wiki\/Piazza_del_Parlamento\">piazza del Parlamento<\/a>, quello carraio \u00e8 sul lato di\u00a0<a title=\"Piazza Indipendenza (Palermo)\" href=\"https:\/\/it.wikipedia.org\/wiki\/Piazza_Indipendenza_(Palermo)\">piazza Indipendenza<\/a>. Dal 3 luglio\u00a0<a title=\"2015\" href=\"https:\/\/it.wikipedia.org\/wiki\/2015\">2015<\/a>\u00a0fa parte del\u00a0<a title=\"Patrimonio dell'umanit\u00e0\" href=\"https:\/\/it.wikipedia.org\/wiki\/Patrimonio_dell%27umanit%C3%A0\">Patrimonio dell&#8217;umanit\u00e0<\/a>\u00a0(<a title=\"UNESCO\" href=\"https:\/\/it.wikipedia.org\/wiki\/UNESCO\">UNESCO<\/a>) nell&#8217;ambito del sito seriale\u00a0<i>&#8220;<a title=\"Palermo arabo-normanna e le cattedrali di Cefal\u00f9 e Monreale\" href=\"https:\/\/it.wikipedia.org\/wiki\/Palermo_arabo-normanna_e_le_cattedrali_di_Cefal%C3%B9_e_Monreale\">Palermo arabo-normanna e le cattedrali di Cefal\u00f9 e Monreale<\/a>&#8220;<\/i>.<\/p>\n<div class=\"mw-heading mw-heading2\">\n<h2 id=\"Storia\">Storia<\/h2>\n<p><span class=\"mw-editsection\"><span class=\"mw-editsection-bracket\">[<\/span><a class=\"mw-editsection-visualeditor\" title=\"Modifica la sezione Storia\" href=\"https:\/\/it.wikipedia.org\/w\/index.php?title=Palazzo_dei_Normanni&amp;veaction=edit&amp;section=1\">modifica<\/a><span class=\"mw-editsection-divider\">\u00a0|\u00a0<\/span><a title=\"Edit section's source code: Storia\" href=\"https:\/\/it.wikipedia.org\/w\/index.php?title=Palazzo_dei_Normanni&amp;action=edit&amp;section=1\">modifica wikitesto<\/a><span class=\"mw-editsection-bracket\">]<\/span><\/span><\/p>\n<\/div>\n<div class=\"mw-heading mw-heading3\">\n<h3 id=\"Epoca_fenicio_-_punica\">Epoca fenicio &#8211; punica<\/h3>\n<p><span class=\"mw-editsection\"><span class=\"mw-editsection-bracket\">[<\/span><a class=\"mw-editsection-visualeditor\" title=\"Modifica la sezione Epoca fenicio - punica\" href=\"https:\/\/it.wikipedia.org\/w\/index.php?title=Palazzo_dei_Normanni&amp;veaction=edit&amp;section=2\">modifica<\/a><span class=\"mw-editsection-divider\">\u00a0|\u00a0<\/span><a title=\"Edit section's source code: Epoca fenicio - punica\" href=\"https:\/\/it.wikipedia.org\/w\/index.php?title=Palazzo_dei_Normanni&amp;action=edit&amp;section=2\">modifica wikitesto<\/a><span class=\"mw-editsection-bracket\">]<\/span><\/span><\/p>\n<\/div>\n<figure class=\"mw-halign-right\"><a class=\"mw-file-description\" href=\"https:\/\/it.wikipedia.org\/wiki\/File:Antike_Stadtmauern_aus_der_Zeit_der_Punier_und_R%C3%B6mer_wurden_unter_dem_Normannenpalast_freigelegt._01.jpg\"><img loading=\"lazy\" decoding=\"async\" class=\"mw-file-element\" src=\"https:\/\/upload.wikimedia.org\/wikipedia\/commons\/thumb\/1\/13\/Antike_Stadtmauern_aus_der_Zeit_der_Punier_und_R%C3%B6mer_wurden_unter_dem_Normannenpalast_freigelegt._01.jpg\/200px-Antike_Stadtmauern_aus_der_Zeit_der_Punier_und_R%C3%B6mer_wurden_unter_dem_Normannenpalast_freigelegt._01.jpg\" srcset=\"\/\/upload.wikimedia.org\/wikipedia\/commons\/thumb\/1\/13\/Antike_Stadtmauern_aus_der_Zeit_der_Punier_und_R%C3%B6mer_wurden_unter_dem_Normannenpalast_freigelegt._01.jpg\/300px-Antike_Stadtmauern_aus_der_Zeit_der_Punier_und_R%C3%B6mer_wurden_unter_dem_Normannenpalast_freigelegt._01.jpg 1.5x, \/\/upload.wikimedia.org\/wikipedia\/commons\/thumb\/1\/13\/Antike_Stadtmauern_aus_der_Zeit_der_Punier_und_R%C3%B6mer_wurden_unter_dem_Normannenpalast_freigelegt._01.jpg\/400px-Antike_Stadtmauern_aus_der_Zeit_der_Punier_und_R%C3%B6mer_wurden_unter_dem_Normannenpalast_freigelegt._01.jpg 2x\" width=\"200\" height=\"133\" data-file-width=\"5906\" data-file-height=\"3939\" \/><\/a>\n<figcaption>Fortificazioni puniche.<\/figcaption>\n<\/figure>\n<p>L&#8217;attuale palazzo ingloba nelle fondamenta stratificazioni dei primi insediamenti fortificati d&#8217;origine\u00a0<a title=\"Storia della Sicilia fenicia\" href=\"https:\/\/it.wikipedia.org\/wiki\/Storia_della_Sicilia_fenicia\">fenicio<\/a>\u00a0&#8211;\u00a0<a title=\"Storia della Sicilia punica\" href=\"https:\/\/it.wikipedia.org\/wiki\/Storia_della_Sicilia_punica\">punica<\/a>\u00a0databili fra l&#8217;<a title=\"VIII secolo a.C.\" href=\"https:\/\/it.wikipedia.org\/wiki\/VIII_secolo_a.C.\">VIII<\/a>\u00a0e il\u00a0<a title=\"V secolo a.C.\" href=\"https:\/\/it.wikipedia.org\/wiki\/V_secolo_a.C.\">V secolo a.C.<\/a>, le cui tracce riemergono nelle campagne di studi nelle segrete e nei sotterranei. Queste fortificazioni costituivano il nucleo sociale e politico dei primitivi insediamenti che formavano la\u00a0<i><a class=\"mw-redirect\" title=\"Paleopolis\" href=\"https:\/\/it.wikipedia.org\/wiki\/Paleopolis\">paleopolis<\/a><\/i>, aggregato contrapposto alla zona sacra, destinata al culto pagano e alle sepolture, ubicata qualche centinaio di metri pi\u00f9 a NE a ridosso del fiume\u00a0<a title=\"Papireto\" href=\"https:\/\/it.wikipedia.org\/wiki\/Papireto\">Papireto<\/a>. Quest&#8217;ultima area, futura\u00a0<i>neapolis<\/i>, \u00e8 oggi identificabile col\u00a0<i><a title=\"Cattedrale di Palermo\" href=\"https:\/\/it.wikipedia.org\/wiki\/Cattedrale_di_Palermo#Culto_dell'Assunta_e_di_Santa_Rosalia\">piano della cattedrale<\/a><\/i>, il\u00a0<a title=\"Cattedrale di Palermo\" href=\"https:\/\/it.wikipedia.org\/wiki\/Cattedrale_di_Palermo#Campanili\">campanile<\/a>\u00a0ravvisabile nell&#8217;alta torre di avvistamento incastonata nella cinta muraria della cittadella fortificata, nonch\u00e9 da una fitta rete di ambienti ipogei costituita da grotte, catacombe, cripte, cuniculi e spelonche, ubicati nelle immediate adiacenze.<\/p>\n<div class=\"mw-heading mw-heading3\">\n<h3 id=\"Epoca_greco_-_romana\">Epoca greco &#8211; romana<\/h3>\n<p><span class=\"mw-editsection\"><span class=\"mw-editsection-bracket\">[<\/span><a class=\"mw-editsection-visualeditor\" title=\"Modifica la sezione Epoca greco - romana\" href=\"https:\/\/it.wikipedia.org\/w\/index.php?title=Palazzo_dei_Normanni&amp;veaction=edit&amp;section=3\">modifica<\/a><span class=\"mw-editsection-divider\">\u00a0|\u00a0<\/span><a title=\"Edit section's source code: Epoca greco - romana\" href=\"https:\/\/it.wikipedia.org\/w\/index.php?title=Palazzo_dei_Normanni&amp;action=edit&amp;section=3\">modifica wikitesto<\/a><span class=\"mw-editsection-bracket\">]<\/span><\/span><\/p>\n<\/div>\n<p>Paleopolis e neapolis erano comprese su una striscia di terra delimitata a settentrione dal fiume Papireto e dal\u00a0<a title=\"Kemonia\" href=\"https:\/\/it.wikipedia.org\/wiki\/Kemonia\">Kemonia<\/a>\u00a0a mezzogiorno, striscia di terra che all&#8217;epoca si estendeva lungo direttrice configurabile con l&#8217;odierno\u00a0<a title=\"Cassaro (Palermo)\" href=\"https:\/\/it.wikipedia.org\/wiki\/Cassaro_(Palermo)\">Cassaro<\/a>, limitata approssimativamente fino all&#8217;attuale\u00a0<a title=\"Chiesa di Sant'Antonio Abate (Palermo)\" href=\"https:\/\/it.wikipedia.org\/wiki\/Chiesa_di_Sant%27Antonio_Abate_(Palermo)\">chiesa di Sant&#8217;Antonio Abate<\/a>.<sup id=\"cite_ref-5\" class=\"reference\"><a href=\"https:\/\/it.wikipedia.org\/wiki\/Palazzo_dei_Normanni#cite_note-5\"><span class=\"cite-bracket\">[<\/span>5<span class=\"cite-bracket\">]<\/span><\/a><\/sup>\u00a0Una vasta e ramificata\u00a0<a title=\"La Cala (Palermo)\" href=\"https:\/\/it.wikipedia.org\/wiki\/La_Cala_(Palermo)\">insenatura<\/a>\u00a0permetteva l&#8217;approdo e il riparo delle imbarcazioni in entrambi i corsi d&#8217;acqua, proprio a ridosso del polo monumentale, peculiarit\u00e0 che influ\u00ec a determinare il nome della localit\u00e0, in\u00a0<a title=\"Storia della Sicilia greca\" href=\"https:\/\/it.wikipedia.org\/wiki\/Storia_della_Sicilia_greca\">epoca greca<\/a>\u00a0<a title=\"Toponomastica di Palermo\" href=\"https:\/\/it.wikipedia.org\/wiki\/Toponomastica_di_Palermo\">Panormos<\/a>\u00a0ovvero\u00a0<i>Citt\u00e0 tutto Porto<\/i>. Nel\u00a0<a title=\"254 a.C.\" href=\"https:\/\/it.wikipedia.org\/wiki\/254_a.C.\">254 a.C.<\/a>\u00a0la roccaforte del\u00a0<i><a class=\"mw-redirect\" title=\"Castrum\" href=\"https:\/\/it.wikipedia.org\/wiki\/Castrum\">castrum<\/a><\/i>\u00a0fu conquistata dai\u00a0<a class=\"mw-redirect\" title=\"Storia della Sicilia romana\" href=\"https:\/\/it.wikipedia.org\/wiki\/Storia_della_Sicilia_romana\">romani<\/a>.<\/p>\n<div class=\"mw-heading mw-heading3\">\n<h3 id=\"Epoca_bizantino_-_araba\">Epoca bizantino &#8211; araba<\/h3>\n<p><span class=\"mw-editsection\"><span class=\"mw-editsection-bracket\">[<\/span><a class=\"mw-editsection-visualeditor\" title=\"Modifica la sezione Epoca bizantino - araba\" href=\"https:\/\/it.wikipedia.org\/w\/index.php?title=Palazzo_dei_Normanni&amp;veaction=edit&amp;section=4\">modifica<\/a><span class=\"mw-editsection-divider\">\u00a0|\u00a0<\/span><a title=\"Edit section's source code: Epoca bizantino - araba\" href=\"https:\/\/it.wikipedia.org\/w\/index.php?title=Palazzo_dei_Normanni&amp;action=edit&amp;section=4\">modifica wikitesto<\/a><span class=\"mw-editsection-bracket\">]<\/span><\/span><\/p>\n<\/div>\n<figure class=\"mw-halign-left\"><a class=\"mw-file-description\" href=\"https:\/\/it.wikipedia.org\/wiki\/File:Palazzo_reale_palermo.jpg\"><img loading=\"lazy\" decoding=\"async\" class=\"mw-file-element\" src=\"https:\/\/upload.wikimedia.org\/wikipedia\/commons\/thumb\/8\/8a\/Palazzo_reale_palermo.jpg\/200px-Palazzo_reale_palermo.jpg\" srcset=\"\/\/upload.wikimedia.org\/wikipedia\/commons\/thumb\/8\/8a\/Palazzo_reale_palermo.jpg\/300px-Palazzo_reale_palermo.jpg 1.5x, \/\/upload.wikimedia.org\/wikipedia\/commons\/thumb\/8\/8a\/Palazzo_reale_palermo.jpg\/400px-Palazzo_reale_palermo.jpg 2x\" width=\"200\" height=\"267\" data-file-width=\"1944\" data-file-height=\"2592\" \/><\/a>\n<figcaption>Impianto arabo-normanno.<\/figcaption>\n<\/figure>\n<p><a title=\"Belisario\" href=\"https:\/\/it.wikipedia.org\/wiki\/Belisario\">Flavio Belisario<\/a><sup id=\"cite_ref-6\" class=\"reference\"><a href=\"https:\/\/it.wikipedia.org\/wiki\/Palazzo_dei_Normanni#cite_note-6\"><span class=\"cite-bracket\">[<\/span>6<span class=\"cite-bracket\">]<\/span><\/a><\/sup>\u00a0conquist\u00f2 la citt\u00e0 e si impossess\u00f2 della fortificazione nel 535. Il\u00a0<a title=\"Storia della Sicilia bizantina\" href=\"https:\/\/it.wikipedia.org\/wiki\/Storia_della_Sicilia_bizantina\">dominio bizantino<\/a>\u00a0perdur\u00f2 per quasi tre secoli. Sotto il regno di\u00a0<a title=\"Costantino IX Monomaco\" href=\"https:\/\/it.wikipedia.org\/wiki\/Costantino_IX_Monomaco\">Costantino IX Monomaco<\/a>, imperatore costantinopolitano e\u00a0<a title=\"Re di Sicilia\" href=\"https:\/\/it.wikipedia.org\/wiki\/Re_di_Sicilia\">re di Sicilia<\/a>, la fortificazione del\u00a0<i>kastron<\/i>\u00a0assunse il rango di palazzo con il prefetto\u00a0<a title=\"Giorgio Maniace\" href=\"https:\/\/it.wikipedia.org\/wiki\/Giorgio_Maniace\">Giorgio Maniace<\/a>, il quale lo abbell\u00ec facendo installare opere, manufatti e altro bottino di guerra.<\/p>\n<p>I due\u00a0<a title=\"Ariete di bronzo\" href=\"https:\/\/it.wikipedia.org\/wiki\/Ariete_di_bronzo\">arieti di bronzo<\/a>,<sup id=\"cite_ref-Vincenzo_Mortillaro-36_7-0\" class=\"reference\"><a href=\"https:\/\/it.wikipedia.org\/wiki\/Palazzo_dei_Normanni#cite_note-Vincenzo_Mortillaro-36-7\"><span class=\"cite-bracket\">[<\/span>7<span class=\"cite-bracket\">]<\/span><\/a><\/sup><sup id=\"cite_ref-8\" class=\"reference\"><a href=\"https:\/\/it.wikipedia.org\/wiki\/Palazzo_dei_Normanni#cite_note-8\"><span class=\"cite-bracket\">[<\/span>8<span class=\"cite-bracket\">]<\/span><\/a><\/sup>\u00a0espressioni dell&#8217;arte greca e frutto di saccheggi, in Sicilia adornarono temporaneamente il portale gotico della\u00a0<a title=\"Castello Maniace\" href=\"https:\/\/it.wikipedia.org\/wiki\/Castello_Maniace\">Fortezza Maniace<\/a>\u00a0di Siracusa per volere di\u00a0<a title=\"Federico II di Svevia\" href=\"https:\/\/it.wikipedia.org\/wiki\/Federico_II_di_Svevia\">Federico II di Svevia<\/a>.\u00a0<a title=\"Maria di Trast\u00e1mara (1401-1458)\" href=\"https:\/\/it.wikipedia.org\/wiki\/Maria_di_Trast%C3%A1mara_(1401-1458)\">Maria di Trast\u00e1mara<\/a>\u00a0li don\u00f2 a\u00a0<a title=\"Giovanni I Ventimiglia\" href=\"https:\/\/it.wikipedia.org\/wiki\/Giovanni_I_Ventimiglia\">Giovanni I Ventimiglia<\/a>\u00a0per servigi resi nella strenua difesa di Siracusa; pertanto, i manufatti pervennero dapprima nel\u00a0<a title=\"Castello di Castelbuono\" href=\"https:\/\/it.wikipedia.org\/wiki\/Castello_di_Castelbuono\">castello Ventimiglia<\/a>\u00a0di\u00a0<a title=\"Castelbuono\" href=\"https:\/\/it.wikipedia.org\/wiki\/Castelbuono\">Castelbuono<\/a>\u00a0e in seguito posti a decoro del mausoleo di famiglia nella\u00a0<a title=\"Chiesa di San Francesco (Castelbuono)\" href=\"https:\/\/it.wikipedia.org\/wiki\/Chiesa_di_San_Francesco_(Castelbuono)\">chiesa di San Francesco<\/a>.<sup id=\"cite_ref-9\" class=\"reference\"><a href=\"https:\/\/it.wikipedia.org\/wiki\/Palazzo_dei_Normanni#cite_note-9\"><span class=\"cite-bracket\">[<\/span>9<span class=\"cite-bracket\">]<\/span><\/a><\/sup>\u00a0Per contrasti con la casa regnante e la confisca dei beni, gli arieti dei Ventimiglia giunsero a Palermo. Gaspare Palermo documenta la loro presenza in epoche successive nel\u00a0<a title=\"Palazzo Chiaramonte-Steri\" href=\"https:\/\/it.wikipedia.org\/wiki\/Palazzo_Chiaramonte-Steri\">Palazzo Chiaramonte-Steri<\/a>, nella fortezza di\u00a0<a title=\"Castello a Mare (Palermo)\" href=\"https:\/\/it.wikipedia.org\/wiki\/Castello_a_Mare_(Palermo)\">Castello a Mare<\/a>, trafugati da un\u00a0<a title=\"Vicer\u00e9 di Sicilia\" href=\"https:\/\/it.wikipedia.org\/wiki\/Vicer%C3%A9_di_Sicilia\">vicer\u00e9 di Sicilia<\/a>\u00a0a\u00a0<a title=\"Napoli\" href=\"https:\/\/it.wikipedia.org\/wiki\/Napoli\">Napoli<\/a>, riconsegnati alle sale di Palazzo Regio.<sup id=\"cite_ref-ReferenceA_10-0\" class=\"reference\"><a href=\"https:\/\/it.wikipedia.org\/wiki\/Palazzo_dei_Normanni#cite_note-ReferenceA-10\"><span class=\"cite-bracket\">[<\/span>10<span class=\"cite-bracket\">]<\/span><\/a><\/sup>\u00a0Con la distruzione di un elemento della coppia durante la\u00a0<a title=\"Rivoluzione siciliana del 1848\" href=\"https:\/\/it.wikipedia.org\/wiki\/Rivoluzione_siciliana_del_1848\">Rivoluzione siciliana del 1848<\/a>, l&#8217;esemplare superstite fu definitivamente trasferito nelle raccolte del\u00a0<a class=\"mw-redirect\" title=\"Museo archeologico regionale (Palermo)\" href=\"https:\/\/it.wikipedia.org\/wiki\/Museo_archeologico_regionale_(Palermo)\">Museo archeologico regionale \u00abAntonio Salinas\u00bb<\/a>.<\/p>\n<p>La prima costruzione con funzioni di residenza reale denominata\u00a0<i>&#8216;al Qasr<\/i>\u00a0o\u00a0<i>Kasr<\/i>\u00a0(<i>Alcassar<\/i>, la dimora degli emiri),<sup id=\"cite_ref-11\" class=\"reference\"><a href=\"https:\/\/it.wikipedia.org\/wiki\/Palazzo_dei_Normanni#cite_note-11\"><span class=\"cite-bracket\">[<\/span>11<span class=\"cite-bracket\">]<\/span><\/a><\/sup>\u00a0\u00e8 attribuita al periodo della\u00a0<a title=\"Storia della Sicilia islamica\" href=\"https:\/\/it.wikipedia.org\/wiki\/Storia_della_Sicilia_islamica\">dominazione islamica<\/a>, lasso di tempo di circa due secoli ove si avvicendarono numerosi governatori o\u00a0<a class=\"mw-redirect\" title=\"Emiri\" href=\"https:\/\/it.wikipedia.org\/wiki\/Emiri\">emiri<\/a>\u00a0appartenenti, nell&#8217;ordine, alle dinastie degli\u00a0<a title=\"Aghlabidi\" href=\"https:\/\/it.wikipedia.org\/wiki\/Aghlabidi\">Aghlabidi<\/a>,\u00a0<a title=\"Fatimidi\" href=\"https:\/\/it.wikipedia.org\/wiki\/Fatimidi\">Fatimidi<\/a>,\u00a0<a title=\"Kalbiti\" href=\"https:\/\/it.wikipedia.org\/wiki\/Kalbiti\">Kalbiti<\/a>. Nell&#8217;<a title=\"831\" href=\"https:\/\/it.wikipedia.org\/wiki\/831\">831<\/a>\u00a0dopo la conquista araba della citt\u00e0 il governatore, supremo comandante e principe di Sicilia<sup id=\"cite_ref-ReferenceB_12-0\" class=\"reference\"><a href=\"https:\/\/it.wikipedia.org\/wiki\/Palazzo_dei_Normanni#cite_note-ReferenceB-12\"><span class=\"cite-bracket\">[<\/span>12<span class=\"cite-bracket\">]<\/span><\/a><\/sup>\u00a0denomin\u00f2 la costruzione\u00a0<i>Castelnuovo<\/i>\u00a0che si contrapponeva all&#8217;edificio ubicato in marina denominato\u00a0<i><a title=\"Castello a Mare (Palermo)\" href=\"https:\/\/it.wikipedia.org\/wiki\/Castello_a_Mare_(Palermo)\">Castellammare<\/a><\/i><sup id=\"cite_ref-ReferenceB_12-1\" class=\"reference\"><a href=\"https:\/\/it.wikipedia.org\/wiki\/Palazzo_dei_Normanni#cite_note-ReferenceB-12\"><span class=\"cite-bracket\">[<\/span>12<span class=\"cite-bracket\">]<\/span><\/a><\/sup>\u00a0e al\u00a0<i><a class=\"mw-redirect\" title=\"Palazzo della Favara\" href=\"https:\/\/it.wikipedia.org\/wiki\/Palazzo_della_Favara\">Castello di Maredolce<\/a><\/i>\u00a0nel\u00a0<a title=\"Parco della Favara\" href=\"https:\/\/it.wikipedia.org\/wiki\/Parco_della_Favara\">Parco della Favara<\/a>, quest&#8217;ultima dimora prediletta insieme a tutte le residenze e le strutture arabe insediate nella vicina\u00a0<a class=\"mw-redirect\" title=\"Kalsa\" href=\"https:\/\/it.wikipedia.org\/wiki\/Kalsa\">Kalsa<\/a>.<\/p>\n<p><a title=\"Ibn Hawqal\" href=\"https:\/\/it.wikipedia.org\/wiki\/Ibn_Hawqal\">Ibn Hawqal<\/a>\u00a0documenta due\u00a0<a title=\"Medina (quartiere)\" href=\"https:\/\/it.wikipedia.org\/wiki\/Medina_(quartiere)\">medine<\/a>\u00a0o citt\u00e0 murate contrapposte: il\u00a0<i><a title=\"Cassaro (Palermo)\" href=\"https:\/\/it.wikipedia.org\/wiki\/Cassaro_(Palermo)\">Qasr<\/a><\/i>\u00a0e la\u00a0<i><a class=\"mw-redirect\" title=\"Kalsa\" href=\"https:\/\/it.wikipedia.org\/wiki\/Kalsa\">Kalsa<\/a><\/i>. In mezzo, tre borghi satelliti tra loro separati e contigui corrispondenti al futuro\u00a0<a class=\"mw-disambig\" title=\"Rabato\" href=\"https:\/\/it.wikipedia.org\/wiki\/Rabato\">rabato<\/a>\u00a0(<a class=\"mw-redirect\" title=\"Albergheria\" href=\"https:\/\/it.wikipedia.org\/wiki\/Albergheria\">Albergheria<\/a>,\u00a0<a title=\"Monte di Piet\u00e0 o Seralcadi\" href=\"https:\/\/it.wikipedia.org\/wiki\/Monte_di_Piet%C3%A0_o_Seralcadi\">Seralcadio<\/a>,\u00a0<a class=\"new\" title=\"Conceria (Palermo) (la pagina non esiste)\" href=\"https:\/\/it.wikipedia.org\/w\/index.php?title=Conceria_(Palermo)&amp;action=edit&amp;redlink=1\">Conceria<\/a>), descritto da\u00a0<a title=\"Muhammad al-Idrisi\" href=\"https:\/\/it.wikipedia.org\/wiki\/Muhammad_al-Idrisi\">Muhammad al-Idrisi<\/a>\u00a0in epoca normanna.<\/p>\n<p>La decisione di trasferire la sede del governatore posta nel cuore della citt\u00e0 murata della\u00a0<i>civitas superior<\/i>\u00a0in un luogo pi\u00f9 sicuro e protetto militarmente, \u00e8 fornita dalla tumultuosa sommossa popolare contro il governatore fatimita\u00a0<a title=\"Salim ibn Asad ibn Abi Rashid\" href=\"https:\/\/it.wikipedia.org\/wiki\/Salim_ibn_Asad_ibn_Abi_Rashid\">Sal\u012bm Ibn Rashid Al Kut\u0101ni<\/a>, sedata nell&#8217;autunno del 937 con l&#8217;intervento militare di\u00a0<a title=\"Khalil ibn Ishaq al-Tamimi\" href=\"https:\/\/it.wikipedia.org\/wiki\/Khalil_ibn_Ishaq_al-Tamimi\">Khalil ibn Ishaq<\/a>. Il nucleo aghlabida \u00e8 abbandonato dopo aver identificato nei pressi del porto, nelle adiacenze dell&#8217;arsenale, la nuova sede della cittadella fortificata degli emiri fatimidi, molto pi\u00f9 difendibile nella\u00a0<i>civitas inferior<\/i>\u00a0perch\u00e9 parzialmente protetta dal mare.<\/p>\n<div class=\"mw-heading mw-heading3\">\n<h3 id=\"Epoca_normanna\">Epoca normanna<\/h3>\n<p><span class=\"mw-editsection\"><span class=\"mw-editsection-bracket\">[<\/span><a class=\"mw-editsection-visualeditor\" title=\"Modifica la sezione Epoca normanna\" href=\"https:\/\/it.wikipedia.org\/w\/index.php?title=Palazzo_dei_Normanni&amp;veaction=edit&amp;section=5\">modifica<\/a><span class=\"mw-editsection-divider\">\u00a0|\u00a0<\/span><a title=\"Edit section's source code: Epoca normanna\" href=\"https:\/\/it.wikipedia.org\/w\/index.php?title=Palazzo_dei_Normanni&amp;action=edit&amp;section=5\">modifica wikitesto<\/a><span class=\"mw-editsection-bracket\">]<\/span><\/span><\/p>\n<\/div>\n<figure class=\"mw-default-size\"><a class=\"mw-file-description\" href=\"https:\/\/it.wikipedia.org\/wiki\/File:0604_-_Palermo_-_Cappella_palatina_-_Iscrizione_trilingue_x_orologio_idraulico,_1142,_re_Ruggero_-_Foto_Giovanni_Dall%27Orto,_28-Sept-2006.jpg\"><img loading=\"lazy\" decoding=\"async\" class=\"mw-file-element\" src=\"https:\/\/upload.wikimedia.org\/wikipedia\/commons\/thumb\/2\/2e\/0604_-_Palermo_-_Cappella_palatina_-_Iscrizione_trilingue_x_orologio_idraulico%2C_1142%2C_re_Ruggero_-_Foto_Giovanni_Dall%27Orto%2C_28-Sept-2006.jpg\/170px-0604_-_Palermo_-_Cappella_palatina_-_Iscrizione_trilingue_x_orologio_idraulico%2C_1142%2C_re_Ruggero_-_Foto_Giovanni_Dall%27Orto%2C_28-Sept-2006.jpg\" srcset=\"\/\/upload.wikimedia.org\/wikipedia\/commons\/thumb\/2\/2e\/0604_-_Palermo_-_Cappella_palatina_-_Iscrizione_trilingue_x_orologio_idraulico%2C_1142%2C_re_Ruggero_-_Foto_Giovanni_Dall%27Orto%2C_28-Sept-2006.jpg\/255px-0604_-_Palermo_-_Cappella_palatina_-_Iscrizione_trilingue_x_orologio_idraulico%2C_1142%2C_re_Ruggero_-_Foto_Giovanni_Dall%27Orto%2C_28-Sept-2006.jpg 1.5x, \/\/upload.wikimedia.org\/wikipedia\/commons\/thumb\/2\/2e\/0604_-_Palermo_-_Cappella_palatina_-_Iscrizione_trilingue_x_orologio_idraulico%2C_1142%2C_re_Ruggero_-_Foto_Giovanni_Dall%27Orto%2C_28-Sept-2006.jpg\/340px-0604_-_Palermo_-_Cappella_palatina_-_Iscrizione_trilingue_x_orologio_idraulico%2C_1142%2C_re_Ruggero_-_Foto_Giovanni_Dall%27Orto%2C_28-Sept-2006.jpg 2x\" width=\"170\" height=\"128\" data-file-width=\"2048\" data-file-height=\"1536\" \/><\/a>\n<figcaption>Iscrizione trilingue (latino, greco-bizantino e arabo) a fianco della Cappella Palatina che commemora la costruzione di un horologium nel 1142, sotto re\u00a0<a class=\"mw-redirect\" title=\"Ruggero II\" href=\"https:\/\/it.wikipedia.org\/wiki\/Ruggero_II\">Ruggero II<\/a>.<\/figcaption>\n<\/figure>\n<p>I sovrani\u00a0<a title=\"Normanni\" href=\"https:\/\/it.wikipedia.org\/wiki\/Normanni\">Normanni<\/a>\u00a0distinguevano il\u00a0<i>Castrum superius<\/i>\u00a0o\u00a0<i>Palatium novum<\/i>\u00a0posto sull&#8217;altura dal\u00a0<i>Castrum inferius<\/i>\u00a0o\u00a0<i>Palatium vetus<\/i>\u00a0ubicato a valle, insediandosi al loro arrivo presso quest&#8217;ultimo gi\u00e0 dimora della corte araba. Il\u00a0<i>Parcus Vetus<\/i>\u00a0indicava l&#8217;insediamento del centro di potere arabo: l&#8217;aggettivo\u00a0<i>Vetus<\/i>\u00a0(<i>vecchio<\/i>,\u00a0<i>antico<\/i>,\u00a0<i>primitivo<\/i>,\u00a0<i>vetusto<\/i>) si estendeva tanto all&#8217;area, quanto alla dimora del primitivo accampamento. Quest&#8217;ultimo era divenuto residenza degli emiri e oggetto di conquista da parte delle armate normanne, che nell&#8217;assedio di Palermo piantarono nelle immediate adiacenze il loro campo base, prima di sferrare gli attacchi alla\u00a0<a class=\"mw-redirect\" title=\"Kalsa\" href=\"https:\/\/it.wikipedia.org\/wiki\/Kalsa\">Kalsa<\/a>\u00a0e al\u00a0<a title=\"Cassaro (Palermo)\" href=\"https:\/\/it.wikipedia.org\/wiki\/Cassaro_(Palermo)\">Cassaro<\/a>\u00a0fortificato. Infatti, dalla pianura alluvionale sud &#8211; orientale della costa, porta d&#8217;accesso alla citt\u00e0 provenendo da est, contraddistinta dal\u00a0<a title=\"Chiesa di San Giovanni dei Lebbrosi\" href=\"https:\/\/it.wikipedia.org\/wiki\/Chiesa_di_San_Giovanni_dei_Lebbrosi\">Dattereto<\/a>\u00a0prossimo al fiume\u00a0<a title=\"Oreto\" href=\"https:\/\/it.wikipedia.org\/wiki\/Oreto\">Oreto<\/a>\u00a0e al\u00a0<i><a title=\"Chiesa di San Giovanni dei Lebbrosi\" href=\"https:\/\/it.wikipedia.org\/wiki\/Chiesa_di_San_Giovanni_dei_Lebbrosi#Castello_di_Yahya\">Castello di Yahya<\/a><\/i>, part\u00ec la conquista della citt\u00e0\u00a0<sup id=\"cite_ref-13\" class=\"reference\"><a href=\"https:\/\/it.wikipedia.org\/wiki\/Palazzo_dei_Normanni#cite_note-13\"><span class=\"cite-bracket\">[<\/span>13<span class=\"cite-bracket\">]<\/span><\/a><\/sup>.<\/p>\n<p>Negli anni costruirono il castello a monte denominato\u00a0<i>Castrum superius<\/i>\u00a0dalle caratteristiche normanne, un centro complesso e polifunzionale che esprimeva tutta la potenza della monarchia, realizzando cos\u00ec una struttura di edifici.\u00a0<a title=\"Roberto il Guiscardo\" href=\"https:\/\/it.wikipedia.org\/wiki\/Roberto_il_Guiscardo\">Roberto il Guiscardo<\/a>\u00a0lo ingrand\u00ec dotandolo della\u00a0<a class=\"new\" title=\"Cappella di Gerusalemme (la pagina non esiste)\" href=\"https:\/\/it.wikipedia.org\/w\/index.php?title=Cappella_di_Gerusalemme&amp;action=edit&amp;redlink=1\">Cappella di Gerusalemme<\/a>,<sup id=\"cite_ref-ReferenceTF455_2-1\" class=\"reference\"><a href=\"https:\/\/it.wikipedia.org\/wiki\/Palazzo_dei_Normanni#cite_note-ReferenceTF455-2\"><span class=\"cite-bracket\">[<\/span>2<span class=\"cite-bracket\">]<\/span><\/a><\/sup><sup id=\"cite_ref-ReferenceB_12-2\" class=\"reference\"><a href=\"https:\/\/it.wikipedia.org\/wiki\/Palazzo_dei_Normanni#cite_note-ReferenceB-12\"><span class=\"cite-bracket\">[<\/span>12<span class=\"cite-bracket\">]<\/span><\/a><\/sup>\u00a0mentre il\u00a0<a class=\"mw-redirect\" title=\"Gran Conte Ruggero\" href=\"https:\/\/it.wikipedia.org\/wiki\/Gran_Conte_Ruggero\">gran Conte Ruggero<\/a>\u00a0edific\u00f2 la\u00a0<a href=\"https:\/\/it.wikipedia.org\/wiki\/Palazzo_dei_Normanni#Torre_Greca\">Torre Greca<\/a>, oltre ai quartieri per opifici e armigeri.<sup id=\"cite_ref-Vincenzo_Mortillaro-34_1-1\" class=\"reference\"><a href=\"https:\/\/it.wikipedia.org\/wiki\/Palazzo_dei_Normanni#cite_note-Vincenzo_Mortillaro-34-1\"><span class=\"cite-bracket\">[<\/span>1<span class=\"cite-bracket\">]<\/span><\/a><\/sup><sup id=\"cite_ref-ReferenceE_14-0\" class=\"reference\"><a href=\"https:\/\/it.wikipedia.org\/wiki\/Palazzo_dei_Normanni#cite_note-ReferenceE-14\"><span class=\"cite-bracket\">[<\/span>14<span class=\"cite-bracket\">]<\/span><\/a><\/sup>\u00a0Solo dopo la sua morte, la regina reggente\u00a0<a title=\"Adelasia del Vasto\" href=\"https:\/\/it.wikipedia.org\/wiki\/Adelasia_del_Vasto\">Adelasia del Vasto<\/a>\u00a0e l&#8217;erede al trono si trasferirono da Messina, citt\u00e0 che era servita da base ai Normanni per estendere il proprio dominio, a Palermo. Nella capitale gli\u00a0<a title=\"Altavilla\" href=\"https:\/\/it.wikipedia.org\/wiki\/Altavilla\">Altavilla<\/a>\u00a0s&#8217;insediarono inizialmente nella residenza di\u00a0<i><a class=\"mw-redirect\" title=\"Palazzo della Favara\" href=\"https:\/\/it.wikipedia.org\/wiki\/Palazzo_della_Favara\">Palazzo della Favara<\/a>,<\/i>\u00a0prima di trasferirsi nelle strutture del\u00a0<i>Palatium novum<\/i>.<\/p>\n<p>Nel\u00a0<a title=\"1132\" href=\"https:\/\/it.wikipedia.org\/wiki\/1132\">1132<\/a>\u00a0<a title=\"Ruggero II di Sicilia\" href=\"https:\/\/it.wikipedia.org\/wiki\/Ruggero_II_di_Sicilia\">Ruggero II di Sicilia<\/a>\u00a0costru\u00ec la parte mediana del palazzo, l&#8217;amplissimo appartamento che oggi prende il suo nome (ovvero quella porzione d&#8217;edificio precedentemente destinato a opificio della seta), oltre alla Cappella Palatina<sup id=\"cite_ref-ReferenceC_15-0\" class=\"reference\"><a href=\"https:\/\/it.wikipedia.org\/wiki\/Palazzo_dei_Normanni#cite_note-ReferenceC-15\"><span class=\"cite-bracket\">[<\/span>15<span class=\"cite-bracket\">]<\/span><\/a><\/sup>\u00a0e alla\u00a0<a href=\"https:\/\/it.wikipedia.org\/wiki\/Palazzo_dei_Normanni#Torre_Joharia\">Torre Joharia<\/a>.<sup id=\"cite_ref-ReferenceTF455_2-2\" class=\"reference\"><a href=\"https:\/\/it.wikipedia.org\/wiki\/Palazzo_dei_Normanni#cite_note-ReferenceTF455-2\"><span class=\"cite-bracket\">[<\/span>2<span class=\"cite-bracket\">]<\/span><\/a><\/sup>\u00a0Il luogo di culto dedicato a\u00a0<a class=\"mw-redirect\" title=\"San Pietro Apostolo\" href=\"https:\/\/it.wikipedia.org\/wiki\/San_Pietro_Apostolo\">San Pietro Apostolo<\/a>\u00a0soppiant\u00f2 la primitiva moschea edificata sulle carceri e sulle segrete del palazzo.<sup id=\"cite_ref-ReferenceC_15-1\" class=\"reference\"><a href=\"https:\/\/it.wikipedia.org\/wiki\/Palazzo_dei_Normanni#cite_note-ReferenceC-15\"><span class=\"cite-bracket\">[<\/span>15<span class=\"cite-bracket\">]<\/span><\/a><\/sup>\u00a0Da\u00a0<a title=\"Guglielmo I di Sicilia\" href=\"https:\/\/it.wikipedia.org\/wiki\/Guglielmo_I_di_Sicilia\">Guglielmo I<\/a>\u00a0e\u00a0<a title=\"Guglielmo II di Sicilia\" href=\"https:\/\/it.wikipedia.org\/wiki\/Guglielmo_II_di_Sicilia\">Guglielmo II di Sicilia<\/a>\u00a0furono aggiunte le ali destinate ai servizi degli\u00a0<a class=\"mw-redirect\" title=\"Eunuchi\" href=\"https:\/\/it.wikipedia.org\/wiki\/Eunuchi\">eunuchi<\/a>, secondo l&#8217;usanza araba, gli appartamenti delle\u00a0<a class=\"mw-redirect\" title=\"Dama di corte\" href=\"https:\/\/it.wikipedia.org\/wiki\/Dama_di_corte\">dame di corte<\/a>, delle matrone, delle fanciulle, dei servitori, l&#8217;<a title=\"Harem\" href=\"https:\/\/it.wikipedia.org\/wiki\/Harem\">harem<\/a>\u00a0e, nella parte settentrionale, venne aggregato il \u00abserraglio degli schiavi\u00bb,<sup id=\"cite_ref-ReferenceD_16-0\" class=\"reference\"><a href=\"https:\/\/it.wikipedia.org\/wiki\/Palazzo_dei_Normanni#cite_note-ReferenceD-16\"><span class=\"cite-bracket\">[<\/span>16<span class=\"cite-bracket\">]<\/span><\/a><\/sup>\u00a0assieme alle torri\u00a0<a href=\"https:\/\/it.wikipedia.org\/wiki\/Palazzo_dei_Normanni#Torre_Pisana\">Pisana<\/a>\u00a0o di\u00a0<i>Santa Ninfa<\/i>\u00a0e di\u00a0<a href=\"https:\/\/it.wikipedia.org\/wiki\/Palazzo_dei_Normanni#Torre_Chirimbi\">Chirimbi<\/a>.<sup id=\"cite_ref-ReferenceTF456_17-0\" class=\"reference\"><a href=\"https:\/\/it.wikipedia.org\/wiki\/Palazzo_dei_Normanni#cite_note-ReferenceTF456-17\"><span class=\"cite-bracket\">[<\/span>17<span class=\"cite-bracket\">]<\/span><\/a><\/sup>\u00a0Coeva \u00e8 la realizzazione della \u00ab<a href=\"https:\/\/it.wikipedia.org\/wiki\/Palazzo_dei_Normanni#Via_Coperta\">Via Coperta<\/a>\u00bb, un camminamento protetto che dalla\u00a0<a href=\"https:\/\/it.wikipedia.org\/wiki\/Palazzo_dei_Normanni#Torre_Pisana\">Torre Pisana<\/a>\u00a0e la\u00a0<a href=\"https:\/\/it.wikipedia.org\/wiki\/Palazzo_dei_Normanni#Sala_Verde\">Sala Verde<\/a>, attraverso la contrada della Guilla, conduceva al primitivo\u00a0<a title=\"Palazzo Arcivescovile (Palermo)\" href=\"https:\/\/it.wikipedia.org\/wiki\/Palazzo_Arcivescovile_(Palermo)\">Palazzo Arcivescovile<\/a>\u00a0con meta finale la\u00a0<a title=\"Cattedrale di Palermo\" href=\"https:\/\/it.wikipedia.org\/wiki\/Cattedrale_di_Palermo\">cattedrale metropolitana primaziale della Santa Vergine Maria Assunta<\/a>.<sup id=\"cite_ref-Vincenzo_Mortillaro-34_1-2\" class=\"reference\"><a href=\"https:\/\/it.wikipedia.org\/wiki\/Palazzo_dei_Normanni#cite_note-Vincenzo_Mortillaro-34-1\"><span class=\"cite-bracket\">[<\/span>1<span class=\"cite-bracket\">]<\/span><\/a><\/sup><sup id=\"cite_ref-ReferenceD_16-1\" class=\"reference\"><a href=\"https:\/\/it.wikipedia.org\/wiki\/Palazzo_dei_Normanni#cite_note-ReferenceD-16\"><span class=\"cite-bracket\">[<\/span>16<span class=\"cite-bracket\">]<\/span><\/a><\/sup><\/p>\n<p>Questo castello, costruita dai normanni, assunse la denominazione di\u00a0<i>Palazzo dei Normanni<\/i>\u00a0solo in tempi recenti, polo destinato ben presto a diventare il centro della cultura e dell&#8217;arte europea tra il\u00a0<a title=\"XII secolo\" href=\"https:\/\/it.wikipedia.org\/wiki\/XII_secolo\">XII<\/a>\u00a0e il\u00a0<a title=\"XIII secolo\" href=\"https:\/\/it.wikipedia.org\/wiki\/XIII_secolo\">XIII secolo<\/a>.<\/p>\n<p>In questi sontuosi e raffinati ambienti, infatti, si svilupp\u00f2 la pi\u00f9 importante cultura europea dell&#8217;epoca: qui gli imperatori radunavano i pi\u00f9 grandi scienziati e poeti, musicisti e pittori del tempo. All&#8217;interno del palazzo furono mantenuti gli opifici e i laboratori tessili per produrre manufatti di rara bellezza mantenendo la tradizione, le conoscenze, la cultura e il sapere introdotto dai dominatori orientali, ovvero la\u00a0<a title=\"Zecca (moneta)\" href=\"https:\/\/it.wikipedia.org\/wiki\/Zecca_(moneta)\">Zecca<\/a>, i laboratori di oreficeria ed il\u00a0<i>Tiraz<\/i>, e l&#8217;opificio per la manifattura di stoffe preziose. Adiacente al regio palazzo sorgeva la\u00a0<i>Galca<\/i>\u00a0(l&#8217;anello), il quartiere regio che si sviluppava verso est racchiuso fra mura e che ospitava edifici di vario tipo legati alla funzionalit\u00e0 della reggia.<\/p>\n<p><a title=\"Muhammad al-Idrisi\" href=\"https:\/\/it.wikipedia.org\/wiki\/Muhammad_al-Idrisi\">Muhammad al-Idrisi<\/a>\u00a0nel\u00a0<a title=\"1150\" href=\"https:\/\/it.wikipedia.org\/wiki\/1150\">1150<\/a>,\u00a0<a title=\"Ibn Jubayr\" href=\"https:\/\/it.wikipedia.org\/wiki\/Ibn_Jubayr\">Ibn Jubayr<\/a>\u00a0nel\u00a0<a title=\"1184\" href=\"https:\/\/it.wikipedia.org\/wiki\/1184\">1184<\/a>, e\u00a0<a title=\"Ugo Falcando\" href=\"https:\/\/it.wikipedia.org\/wiki\/Ugo_Falcando\">Ugo Falcando<\/a>\u00a0descrivono nelle loro opere le magnificenze e le vicende legate al palazzo. Il pi\u00f9 rilevante degli episodi avvenuto negli anni\u00a0<a title=\"1160\" href=\"https:\/\/it.wikipedia.org\/wiki\/1160\">1160<\/a>\u00a0&#8211;\u00a0<a title=\"1161\" href=\"https:\/\/it.wikipedia.org\/wiki\/1161\">1161<\/a>\u00a0vede il Palazzo Reale teatro della\u00a0<i>rivolta dei baroni<\/i>\u00a0maturata in seguito alla congiura ordita da\u00a0<a title=\"Matteo Bonello\" href=\"https:\/\/it.wikipedia.org\/wiki\/Matteo_Bonello\">Matteo Bonello<\/a>, durante la quale le sale della reggia furono saccheggiate e date alle fiamme con la distruzione di un insostituibile patrimonio librario e artistico.<\/p>\n<div class=\"mw-heading mw-heading3\">\n<h3 id=\"Epoca_svevo_-_angioino_-_aragonese\">Epoca svevo &#8211; angioino &#8211; aragonese<\/h3>\n<p><span class=\"mw-editsection\"><span class=\"mw-editsection-bracket\">[<\/span><a class=\"mw-editsection-visualeditor\" title=\"Modifica la sezione Epoca svevo - angioino - aragonese\" href=\"https:\/\/it.wikipedia.org\/w\/index.php?title=Palazzo_dei_Normanni&amp;veaction=edit&amp;section=6\">modifica<\/a><span class=\"mw-editsection-divider\">\u00a0|\u00a0<\/span><a title=\"Edit section's source code: Epoca svevo - angioino - aragonese\" href=\"https:\/\/it.wikipedia.org\/w\/index.php?title=Palazzo_dei_Normanni&amp;action=edit&amp;section=6\">modifica wikitesto<\/a><span class=\"mw-editsection-bracket\">]<\/span><\/span><\/p>\n<\/div>\n<p>Al\u00a0<a title=\"1194\" href=\"https:\/\/it.wikipedia.org\/wiki\/1194\">1194<\/a>\u00a0risale il saccheggio della reggia voluto da\u00a0<a title=\"Enrico VI di Svevia\" href=\"https:\/\/it.wikipedia.org\/wiki\/Enrico_VI_di_Svevia\">Enrico VI di Svevia<\/a>, il quale utilizz\u00f2 cento muli per trasportare tutto l&#8217;oro e gli oggetti preziosi in essa custodita.<sup id=\"cite_ref-18\" class=\"reference\"><a href=\"https:\/\/it.wikipedia.org\/wiki\/Palazzo_dei_Normanni#cite_note-18\"><span class=\"cite-bracket\">[<\/span>18<span class=\"cite-bracket\">]<\/span><\/a><\/sup>\u00a0Con gli\u00a0<a title=\"Hohenstaufen\" href=\"https:\/\/it.wikipedia.org\/wiki\/Hohenstaufen\">Svevi<\/a>, la struttura fu sede delle Scienze e delle Lettere, elogiata da\u00a0<a title=\"Dante Alighieri\" href=\"https:\/\/it.wikipedia.org\/wiki\/Dante_Alighieri\">Dante Alighieri<\/a>.<sup id=\"cite_ref-ReferenceD_16-2\" class=\"reference\"><a href=\"https:\/\/it.wikipedia.org\/wiki\/Palazzo_dei_Normanni#cite_note-ReferenceD-16\"><span class=\"cite-bracket\">[<\/span>16<span class=\"cite-bracket\">]<\/span><\/a><\/sup>\u00a0Con\u00a0<a title=\"Federico II di Svevia\" href=\"https:\/\/it.wikipedia.org\/wiki\/Federico_II_di_Svevia\">Federico II di Svevia<\/a>\u00a0e il figlio\u00a0<a title=\"Manfredi di Sicilia\" href=\"https:\/\/it.wikipedia.org\/wiki\/Manfredi_di_Sicilia\">Manfredi<\/a>\u00a0furono mantenute nel palazzo le attivit\u00e0 di governo, amministrative e di cancelleria, mentre quelle letterarie furono distaccate a\u00a0<a class=\"mw-redirect\" title=\"Palazzo della Favara\" href=\"https:\/\/it.wikipedia.org\/wiki\/Palazzo_della_Favara\">Palazzo della Favara<\/a>, luogo deputato ad ospitare la\u00a0<a class=\"mw-redirect\" title=\"Scuola poetica siciliana\" href=\"https:\/\/it.wikipedia.org\/wiki\/Scuola_poetica_siciliana\">scuola poetica siciliana<\/a>.<\/p>\n<p>Nel 1269 per il palazzo cominci\u00f2 una fase di decadenza. Spoglio delle macchine da guerra, mostr\u00f2 tutta la sua vulnerabilit\u00e0 durante i moti dei\u00a0<a class=\"mw-redirect\" title=\"Vespri Siciliani\" href=\"https:\/\/it.wikipedia.org\/wiki\/Vespri_Siciliani\">Vespri Siciliani<\/a>\u00a0culminati nel\u00a0<a title=\"1282\" href=\"https:\/\/it.wikipedia.org\/wiki\/1282\">1282<\/a>\u00a0con le sommosse inserite nel contesto delle\u00a0<a title=\"Guerre del Vespro\" href=\"https:\/\/it.wikipedia.org\/wiki\/Guerre_del_Vespro\">Guerre del Vespro<\/a>: il popolo palermitano in rivolta espugn\u00f2, depredandolo ancora una volta. Scacciati gli\u00a0<a title=\"Angioini\" href=\"https:\/\/it.wikipedia.org\/wiki\/Angioini\">angioini<\/a>,\u00a0<a title=\"Pietro III d'Aragona\" href=\"https:\/\/it.wikipedia.org\/wiki\/Pietro_III_d%27Aragona\">Pietro III d&#8217;Aragona<\/a>\u00a0si trasfer\u00ec nel palazzo dimorandovi appena tre anni.<\/p>\n<p>Dopo l&#8217;espulsione degli Angioini nel 1282, la dinastia aragonese propese per dimorare allo\u00a0<a title=\"Palazzo Chiaramonte-Steri\" href=\"https:\/\/it.wikipedia.org\/wiki\/Palazzo_Chiaramonte-Steri\">Steri<\/a>\u00a0o\u00a0<i>Hosterium Magnum<\/i>\u00a0confiscato alla famiglia\u00a0<a title=\"Chiaramonte\" href=\"https:\/\/it.wikipedia.org\/wiki\/Chiaramonte\">Chiaramonte<\/a>. Fra gli aragonesi fu sede di\u00a0<a title=\"Ventimiglia (famiglia)\" href=\"https:\/\/it.wikipedia.org\/wiki\/Ventimiglia_(famiglia)#Ventimiglia,_conti_di_Geraci\">Francesco II Ventimiglia<\/a>, nominato signore perpetuo della capitale siciliana nel\u00a0<a title=\"1353\" href=\"https:\/\/it.wikipedia.org\/wiki\/1353\">1353<\/a>. Il 16 febbraio\u00a0<a title=\"1361\" href=\"https:\/\/it.wikipedia.org\/wiki\/1361\">1361<\/a>\u00a0s&#8217;insedi\u00f2\u00a0<a class=\"mw-redirect\" title=\"Federico IV d'Aragona\" href=\"https:\/\/it.wikipedia.org\/wiki\/Federico_IV_d%27Aragona\">Federico IV d&#8217;Aragona<\/a>, con i titoli di capitano e giustiziere, castellano del palazzo e di\u00a0<a title=\"Castello a Mare (Palermo)\" href=\"https:\/\/it.wikipedia.org\/wiki\/Castello_a_Mare_(Palermo)\">Castellammare<\/a>. Risalgono al\u00a0<a title=\"1340\" href=\"https:\/\/it.wikipedia.org\/wiki\/1340\">1340<\/a>\u00a0le prime notizie di guasti dovuti ad un rovinoso crollo che determinarono il progressivo spopolamento della reggia. Il sito non suscitava pi\u00f9 particolare interesse per motivi logistici e di sicurezza, e ad essa si prefer\u00ec la residenza di\u00a0<a title=\"Castello a Mare (Palermo)\" href=\"https:\/\/it.wikipedia.org\/wiki\/Castello_a_Mare_(Palermo)\">Castellammare<\/a>. Il lento abbandono avvenne a partire dagli inizi del\u00a0<a title=\"XV secolo\" href=\"https:\/\/it.wikipedia.org\/wiki\/XV_secolo\">XV secolo<\/a>, periodo in cui Palazzo Regio e strutture limitrofe furono utilizzati come cava da cui trarre materiale edilizio utilizzato per la costruzione di luoghi di culto o cimiteri.<\/p>\n<div class=\"mw-heading mw-heading3\">\n<h3 id=\"Epoca_spagnola\">Epoca spagnola<\/h3>\n<p><span class=\"mw-editsection\"><span class=\"mw-editsection-bracket\">[<\/span><a class=\"mw-editsection-visualeditor\" title=\"Modifica la sezione Epoca spagnola\" href=\"https:\/\/it.wikipedia.org\/w\/index.php?title=Palazzo_dei_Normanni&amp;veaction=edit&amp;section=7\">modifica<\/a><span class=\"mw-editsection-divider\">\u00a0|\u00a0<\/span><a title=\"Edit section's source code: Epoca spagnola\" href=\"https:\/\/it.wikipedia.org\/w\/index.php?title=Palazzo_dei_Normanni&amp;action=edit&amp;section=7\">modifica wikitesto<\/a><span class=\"mw-editsection-bracket\">]<\/span><\/span><\/p>\n<\/div>\n<figure><a class=\"mw-file-description\" href=\"https:\/\/it.wikipedia.org\/wiki\/File:Palermo-Castle-bjs-1.jpg\"><img loading=\"lazy\" decoding=\"async\" class=\"mw-file-element\" src=\"https:\/\/upload.wikimedia.org\/wikipedia\/commons\/thumb\/a\/a1\/Palermo-Castle-bjs-1.jpg\/250px-Palermo-Castle-bjs-1.jpg\" srcset=\"\/\/upload.wikimedia.org\/wikipedia\/commons\/thumb\/a\/a1\/Palermo-Castle-bjs-1.jpg\/375px-Palermo-Castle-bjs-1.jpg 1.5x, \/\/upload.wikimedia.org\/wikipedia\/commons\/thumb\/a\/a1\/Palermo-Castle-bjs-1.jpg\/500px-Palermo-Castle-bjs-1.jpg 2x\" width=\"250\" height=\"167\" data-file-width=\"1536\" data-file-height=\"1028\" \/><\/a>\n<figcaption>Prospetto rinascimentale.<\/figcaption>\n<\/figure>\n<figure><a class=\"mw-file-description\" href=\"https:\/\/it.wikipedia.org\/wiki\/File:%22Hier_residierten_die_normannischen_K%C3%B6nige_Siziliens.%22_04.jpg\"><img loading=\"lazy\" decoding=\"async\" class=\"mw-file-element\" src=\"https:\/\/upload.wikimedia.org\/wikipedia\/commons\/thumb\/e\/e8\/%22Hier_residierten_die_normannischen_K%C3%B6nige_Siziliens.%22_04.jpg\/250px-%22Hier_residierten_die_normannischen_K%C3%B6nige_Siziliens.%22_04.jpg\" srcset=\"\/\/upload.wikimedia.org\/wikipedia\/commons\/thumb\/e\/e8\/%22Hier_residierten_die_normannischen_K%C3%B6nige_Siziliens.%22_04.jpg\/375px-%22Hier_residierten_die_normannischen_K%C3%B6nige_Siziliens.%22_04.jpg 1.5x, \/\/upload.wikimedia.org\/wikipedia\/commons\/thumb\/e\/e8\/%22Hier_residierten_die_normannischen_K%C3%B6nige_Siziliens.%22_04.jpg\/500px-%22Hier_residierten_die_normannischen_K%C3%B6nige_Siziliens.%22_04.jpg 2x\" width=\"250\" height=\"147\" data-file-width=\"5906\" data-file-height=\"3472\" \/><\/a>\n<figcaption>Logge e piano parlamentare<\/figcaption>\n<\/figure>\n<figure><a class=\"mw-file-description\" href=\"https:\/\/it.wikipedia.org\/wiki\/File:%22Hier_residierten_die_normannischen_K%C3%B6nige_Siziliens.%22_06.jpg\"><img loading=\"lazy\" decoding=\"async\" class=\"mw-file-element\" src=\"https:\/\/upload.wikimedia.org\/wikipedia\/commons\/thumb\/9\/91\/%22Hier_residierten_die_normannischen_K%C3%B6nige_Siziliens.%22_06.jpg\/150px-%22Hier_residierten_die_normannischen_K%C3%B6nige_Siziliens.%22_06.jpg\" srcset=\"\/\/upload.wikimedia.org\/wikipedia\/commons\/thumb\/9\/91\/%22Hier_residierten_die_normannischen_K%C3%B6nige_Siziliens.%22_06.jpg\/225px-%22Hier_residierten_die_normannischen_K%C3%B6nige_Siziliens.%22_06.jpg 1.5x, \/\/upload.wikimedia.org\/wikipedia\/commons\/thumb\/9\/91\/%22Hier_residierten_die_normannischen_K%C3%B6nige_Siziliens.%22_06.jpg\/300px-%22Hier_residierten_die_normannischen_K%C3%B6nige_Siziliens.%22_06.jpg 2x\" width=\"150\" height=\"241\" data-file-width=\"3670\" data-file-height=\"5906\" \/><\/a>\n<figcaption>Scalone rosso<\/figcaption>\n<\/figure>\n<p>Nonostante la pressoch\u00e9 totale devastazione, la cimatura e demolizione di alcune torri, il Palazzo Reale, pur mantenendo solo il suo ruolo difensivo, non rimase disabitato, ma fu sede del\u00a0<a title=\"Inquisizione in Sicilia\" href=\"https:\/\/it.wikipedia.org\/wiki\/Inquisizione_in_Sicilia\">Tribunale della Santa Inquisizione<\/a>\u00a0tra il 1513 e il 1553. Nel 1549\u00a0<a title=\"Tommaso Fazello\" href=\"https:\/\/it.wikipedia.org\/wiki\/Tommaso_Fazello\">Tommaso Fazello<\/a>\u00a0offre una descrizione della situazione disastrosa in cui versava al punto che era possibile scorgere la Cappella Palatina attraverso le rovine.<\/p>\n<p>Il palazzo torn\u00f2 a occupare un ruolo importante nella seconda met\u00e0 del\u00a0<a title=\"XVI secolo\" href=\"https:\/\/it.wikipedia.org\/wiki\/XVI_secolo\">XVI secolo<\/a>\u00a0quando i vicer\u00e9\u00a0<a title=\"Spagna\" href=\"https:\/\/it.wikipedia.org\/wiki\/Spagna\">spagnoli<\/a>\u00a0lo elessero a propria residenza, abbandonando il\u00a0<a title=\"Palazzo Chiaramonte-Steri\" href=\"https:\/\/it.wikipedia.org\/wiki\/Palazzo_Chiaramonte-Steri\">Palazzo Chiaramonte-Steri<\/a><sup id=\"cite_ref-19\" class=\"reference\"><a href=\"https:\/\/it.wikipedia.org\/wiki\/Palazzo_dei_Normanni#cite_note-19\"><span class=\"cite-bracket\">[<\/span>19<span class=\"cite-bracket\">]<\/span><\/a><\/sup>\u00a0o\u00a0<i>Hosterium Magnum<\/i>. Per contro il\u00a0<a title=\"Inquisizione\" href=\"https:\/\/it.wikipedia.org\/wiki\/Inquisizione\">Tribunale dell&#8217;Inquisizione<\/a>\u00a0si trasfer\u00ec nelle strutture di\u00a0<a title=\"Castello a Mare (Palermo)\" href=\"https:\/\/it.wikipedia.org\/wiki\/Castello_a_Mare_(Palermo)\">Castellammare<\/a>. Furono poste in essere iniziative che modificarono radicalmente l&#8217;aspetto originario del complesso:<\/p>\n<ul>\n<li><a title=\"1517\" href=\"https:\/\/it.wikipedia.org\/wiki\/1517\">1517<\/a>\u00a0Con l&#8217;avvicendamento al trono del\u00a0<a title=\"Regno di Sicilia\" href=\"https:\/\/it.wikipedia.org\/wiki\/Regno_di_Sicilia\">Regno di Sicilia<\/a>\u00a0tra\u00a0<a title=\"Ferdinando II d'Aragona\" href=\"https:\/\/it.wikipedia.org\/wiki\/Ferdinando_II_d%27Aragona\">Ferdinando II d&#8217;Aragona dei Trast\u00e1mara<\/a>\u00a0e\u00a0<a title=\"Carlo V d'Asburgo\" href=\"https:\/\/it.wikipedia.org\/wiki\/Carlo_V_d%27Asburgo\">Carlo V d&#8217;Asburgo<\/a>\u00a0\u00e8\u00a0<a title=\"Vicer\u00e9 di Sicilia\" href=\"https:\/\/it.wikipedia.org\/wiki\/Vicer%C3%A9_di_Sicilia#Vicer%C3%A9_di_Carlo_V_di_Sicilia_(1516-1556)\">Ettore Pignatelli<\/a>, conte e duca di Monteleone, il primo vicer\u00e9 ad insediarsi nel sito.<sup id=\"cite_ref-20\" class=\"reference\"><a href=\"https:\/\/it.wikipedia.org\/wiki\/Palazzo_dei_Normanni#cite_note-20\"><span class=\"cite-bracket\">[<\/span>20<span class=\"cite-bracket\">]<\/span><\/a><\/sup><\/li>\n<li><a title=\"1536\" href=\"https:\/\/it.wikipedia.org\/wiki\/1536\">1536<\/a>,\u00a0<a title=\"Ferrante I Gonzaga\" href=\"https:\/\/it.wikipedia.org\/wiki\/Ferrante_I_Gonzaga\">Ferrante I Gonzaga<\/a>, nell&#8217;ambito delle opere di potenziamento dell&#8217;intero sistema difensivo della citt\u00e0 convoc\u00f2 l&#8217;ingegnere bergamasco\u00a0<a title=\"Antonio Ferramolino\" href=\"https:\/\/it.wikipedia.org\/wiki\/Antonio_Ferramolino\">Antonio Ferramolino<\/a>\u00a0che si era gi\u00e0 occupato delle fortificazioni del Palazzo, ma \u00e8 nel 1553, dopo il trasferimento allo Steri del Tribunale della Santa Inquisizione, che si iniziarono le demolizioni e le nuove costruzioni.<\/li>\n<li><a title=\"1550\" href=\"https:\/\/it.wikipedia.org\/wiki\/1550\">1550<\/a>,\u00a0<a title=\"Juan de Vega\" href=\"https:\/\/it.wikipedia.org\/wiki\/Juan_de_Vega\">Juan de Vega<\/a>\u00a0effettu\u00f2 un primo restauro, fu predisposta la demolizione della\u00a0<a href=\"https:\/\/it.wikipedia.org\/wiki\/Palazzo_dei_Normanni#Torre_Greca\">Torre Rossa<\/a>.<sup id=\"cite_ref-ReferenceF_21-0\" class=\"reference\"><a href=\"https:\/\/it.wikipedia.org\/wiki\/Palazzo_dei_Normanni#cite_note-ReferenceF-21\"><span class=\"cite-bracket\">[<\/span>21<span class=\"cite-bracket\">]<\/span><\/a><\/sup><\/li>\n<li><a title=\"1560\" href=\"https:\/\/it.wikipedia.org\/wiki\/1560\">1560<\/a>\u00a0<a title=\"Juan de la Cerda\" href=\"https:\/\/it.wikipedia.org\/wiki\/Juan_de_la_Cerda\">Juan de la Cerda<\/a>, IV duca di Medinaceli avvi\u00f2 i lavori per la costruzione del\u00a0<a href=\"https:\/\/it.wikipedia.org\/wiki\/Palazzo_dei_Normanni#Sala_d'Ercole\">Salone del Parlamento<\/a>, ambiente perfezionato da\u00a0<a title=\"Francesco Ferdinando d'Avalos\" href=\"https:\/\/it.wikipedia.org\/wiki\/Francesco_Ferdinando_d%27Avalos\">Francesco Ferdinando d&#8217;Avalos<\/a>, VII marchese di Pescara.<sup id=\"cite_ref-ReferenceG_22-0\" class=\"reference\"><a href=\"https:\/\/it.wikipedia.org\/wiki\/Palazzo_dei_Normanni#cite_note-ReferenceG-22\"><span class=\"cite-bracket\">[<\/span>22<span class=\"cite-bracket\">]<\/span><\/a><\/sup><\/li>\n<li><a title=\"1567\" href=\"https:\/\/it.wikipedia.org\/wiki\/1567\">1567<\/a>,\u00a0<a title=\"Garc\u00eda \u00c1lvarez de Toledo y Osorio\" href=\"https:\/\/it.wikipedia.org\/wiki\/Garc%C3%ADa_%C3%81lvarez_de_Toledo_y_Osorio\">Garc\u00eda \u00c1lvarez de Toledo y Osorio<\/a>, predispose la risistemazione dei vani intorno alla chiesa, l&#8217;ampliamento delle scuderie, la costruzione di nuove stalle.<\/li>\n<li><a title=\"1580\" href=\"https:\/\/it.wikipedia.org\/wiki\/1580\">1580<\/a>,\u00a0<a class=\"mw-redirect\" title=\"Marcantonio Colonna\" href=\"https:\/\/it.wikipedia.org\/wiki\/Marcantonio_Colonna\">Marcantonio Colonna<\/a>, duca di Tagliacozzo (insediamento: 24 aprile 1577 &#8211; 1584), promosse la realizzazione del camminamento tra la reggia e\u00a0<a title=\"Porta Nuova (Palermo)\" href=\"https:\/\/it.wikipedia.org\/wiki\/Porta_Nuova_(Palermo)\">Porta Nuova<\/a>. Nel\u00a0<a title=\"1598\" href=\"https:\/\/it.wikipedia.org\/wiki\/1598\">1598<\/a>, gli uffici per l&#8217;amministrazione della giustizia ordinaria\u00a0<i><a title=\"Tribunale\" href=\"https:\/\/it.wikipedia.org\/wiki\/Tribunale\">Regia Magna Curia<\/a><\/i>, furono trasferiti in questa sede provenienti da\u00a0<a title=\"Palazzo Chiaramonte-Steri\" href=\"https:\/\/it.wikipedia.org\/wiki\/Palazzo_Chiaramonte-Steri\">Palazzo Chiaramonte-Steri<\/a>.<sup id=\"cite_ref-23\" class=\"reference\"><a href=\"https:\/\/it.wikipedia.org\/wiki\/Palazzo_dei_Normanni#cite_note-23\"><span class=\"cite-bracket\">[<\/span>23<span class=\"cite-bracket\">]<\/span><\/a><\/sup><\/li>\n<li><a title=\"1600\" href=\"https:\/\/it.wikipedia.org\/wiki\/1600\">1600<\/a>,\u00a0<a title=\"Vicer\u00e9 di Sicilia\" href=\"https:\/\/it.wikipedia.org\/wiki\/Vicer%C3%A9_di_Sicilia#Vicer%C3%A9_di_Filippo_II_di_Sicilia_(1598-1621)\">Bernardino de Cardenas y Portugal<\/a>, duca di Maqueda, realizz\u00f2 il cortile porticato che ospitava la\u00a0<a class=\"new\" title=\"Deputazione del Regno (la pagina non esiste)\" href=\"https:\/\/it.wikipedia.org\/w\/index.php?title=Deputazione_del_Regno&amp;action=edit&amp;redlink=1\">Deputazione del Regno<\/a>\u00a0istituita da\u00a0<a title=\"Alfonso V d'Aragona\" href=\"https:\/\/it.wikipedia.org\/wiki\/Alfonso_V_d%27Aragona\">Alfonso V d&#8217;Aragona<\/a>.<sup id=\"cite_ref-ReferenceL_24-0\" class=\"reference\"><a href=\"https:\/\/it.wikipedia.org\/wiki\/Palazzo_dei_Normanni#cite_note-ReferenceL-24\"><span class=\"cite-bracket\">[<\/span>24<span class=\"cite-bracket\">]<\/span><\/a><\/sup><\/li>\n<li><a title=\"1616\" href=\"https:\/\/it.wikipedia.org\/wiki\/1616\">1616<\/a>, Juan Gaspar Fern\u00e1ndez Pacheco y Z\u00fa\u00f1iga, V marchese di Vigliena, V duca d&#8217;Escalona defin\u00ec la parte centrale dell&#8217;ala est dotandola di un elegante prospetto in stile rinascimentale e un patio interno.<sup id=\"cite_ref-ReferenceH_25-0\" class=\"reference\"><a href=\"https:\/\/it.wikipedia.org\/wiki\/Palazzo_dei_Normanni#cite_note-ReferenceH-25\"><span class=\"cite-bracket\">[<\/span>25<span class=\"cite-bracket\">]<\/span><\/a><\/sup><\/li>\n<li><a title=\"1620\" href=\"https:\/\/it.wikipedia.org\/wiki\/1620\">1620<\/a>\u00a023 maggio,\u00a0<a title=\"Vicer\u00e9 di Sicilia\" href=\"https:\/\/it.wikipedia.org\/wiki\/Vicer%C3%A9_di_Sicilia#Vicer%C3%A9_di_Filippo_II_di_Sicilia_(1598-1621)\">Franc\u00ecsco Ruiz de Castro Andrade y Portugal<\/a>, conte di Castro, VIII conte di Lemos e duca di Taurisano decret\u00f2 la demolizione del tempio bizantino di\u00a0<a title=\"Chiesa di Santa Maria dell'Itria (Palermo)\" href=\"https:\/\/it.wikipedia.org\/wiki\/Chiesa_di_Santa_Maria_dell%27Itria_(Palermo)\">Santa Maria dell&#8217;Itria detta \u00abla Pinta\u00bb<\/a>\u00a0nel quadro di moderni sviluppi urbanistici<sup id=\"cite_ref-ReferenceI_26-0\" class=\"reference\"><a href=\"https:\/\/it.wikipedia.org\/wiki\/Palazzo_dei_Normanni#cite_note-ReferenceI-26\"><span class=\"cite-bracket\">[<\/span>26<span class=\"cite-bracket\">]<\/span><\/a><\/sup><sup id=\"cite_ref-27\" class=\"reference\"><a href=\"https:\/\/it.wikipedia.org\/wiki\/Palazzo_dei_Normanni#cite_note-27\"><span class=\"cite-bracket\">[<\/span>27<span class=\"cite-bracket\">]<\/span><\/a><\/sup>\u00a0e del potenziamento del sistema difensivo della reggia.<\/li>\n<li><a title=\"1637\" href=\"https:\/\/it.wikipedia.org\/wiki\/1637\">1637<\/a>, Il\u00a0<a title=\"Vicer\u00e9 di Sicilia\" href=\"https:\/\/it.wikipedia.org\/wiki\/Vicer%C3%A9_di_Sicilia#Vicer%C3%A9_di_Filippo_III_di_Sicilia_(1621-1665)\">presidente del Regno<\/a>\u00a0<a title=\"Luigi Guglielmo I Moncada\" href=\"https:\/\/it.wikipedia.org\/wiki\/Luigi_Guglielmo_I_Moncada\">Luigi Moncada<\/a>,\u00a0<a class=\"mw-redirect\" title=\"Ducato di Montalto\" href=\"https:\/\/it.wikipedia.org\/wiki\/Ducato_di_Montalto\">duca di Montalto<\/a>, adegu\u00f2 l&#8217;antico deposito delle munizioni, trasformandolo in sala delle udienze estive del Parlamento,<sup id=\"cite_ref-28\" class=\"reference\"><a href=\"https:\/\/it.wikipedia.org\/wiki\/Palazzo_dei_Normanni#cite_note-28\"><span class=\"cite-bracket\">[<\/span>28<span class=\"cite-bracket\">]<\/span><\/a><\/sup>\u00a0arricchendolo d&#8217;affreschi, opere dei pi\u00f9 celebrati artisti dell&#8217;epoca come\u00a0<a title=\"Vincenzo La Barbera\" href=\"https:\/\/it.wikipedia.org\/wiki\/Vincenzo_La_Barbera\">Vincenzo La Barbera<\/a>,\u00a0<a class=\"new\" title=\"Giuseppe Costantino (pittore) (la pagina non esiste)\" href=\"https:\/\/it.wikipedia.org\/w\/index.php?title=Giuseppe_Costantino_(pittore)&amp;action=edit&amp;redlink=1\">Giuseppe Costantino<\/a>,\u00a0<a title=\"Pietro Novelli\" href=\"https:\/\/it.wikipedia.org\/wiki\/Pietro_Novelli\">Pietro Novelli<\/a>\u00a0e\u00a0<a title=\"Gerardo Astorino\" href=\"https:\/\/it.wikipedia.org\/wiki\/Gerardo_Astorino\">Gerardo Astorino<\/a>. Per tale motivo gli ambienti comunicanti assunsero la denominazione di\u00a0<a href=\"https:\/\/it.wikipedia.org\/wiki\/Palazzo_dei_Normanni#Sala_Duca_di_Montalto\">Sala Duca di Montalto<\/a>. Il cortile colonnato noto col nome di\u00a0<i>Galleria<\/i>\u00a0con la sede principale per i giudici e i presidenti della Gran Corte Civile e Criminale.<\/li>\n<li><a title=\"1648\" href=\"https:\/\/it.wikipedia.org\/wiki\/1648\">1648<\/a>, Per ordine del cardinale\u00a0<a title=\"Teodoro Trivulzio (cardinale)\" href=\"https:\/\/it.wikipedia.org\/wiki\/Teodoro_Trivulzio_(cardinale)\">Teodoro Trivulzio<\/a>\u00a0<a title=\"Vicer\u00e9 di Sicilia\" href=\"https:\/\/it.wikipedia.org\/wiki\/Vicer%C3%A9_di_Sicilia#Vicer%C3%A9_di_Filippo_III_di_Sicilia_(1621-1665)\">vicer\u00e9 di Sicilia e presidente del Regno<\/a>, la chiesa della Pinta<sup id=\"cite_ref-ReferenceI_26-1\" class=\"reference\"><a href=\"https:\/\/it.wikipedia.org\/wiki\/Palazzo_dei_Normanni#cite_note-ReferenceI-26\"><span class=\"cite-bracket\">[<\/span>26<span class=\"cite-bracket\">]<\/span><\/a><\/sup>\u00a0insieme alla\u00a0<a href=\"https:\/\/it.wikipedia.org\/wiki\/Palazzo_dei_Normanni#Chiesa_di_Santa_Barbara_la_Soprana\">chiesa di Santa Barbara la Soprana<\/a>\u00a0e\u00a0<a href=\"https:\/\/it.wikipedia.org\/wiki\/Palazzo_dei_Normanni#Chiesa_di_San_Giovanni_la_Calca\">chiesa di San Giovanni la Calca<\/a>, furono abbattute per fare posto a due grossi bastioni posti a difesa del Palazzo Reale. Bastioni di San Pietro.<\/li>\n<li><a title=\"1649\" href=\"https:\/\/it.wikipedia.org\/wiki\/1649\">1649<\/a>, Il cardinale\u00a0<a title=\"Teodoro Trivulzio (cardinale)\" href=\"https:\/\/it.wikipedia.org\/wiki\/Teodoro_Trivulzio_(cardinale)\">Teodoro Trivulzio<\/a>\u00a0in seguito ai tumulti causati dalla rivolta antispagnola aggiunse due baluardi muniti d&#8217;artiglieria<sup id=\"cite_ref-29\" class=\"reference\"><a href=\"https:\/\/it.wikipedia.org\/wiki\/Palazzo_dei_Normanni#cite_note-29\"><span class=\"cite-bracket\">[<\/span>29<span class=\"cite-bracket\">]<\/span><\/a><\/sup>\u00a0perfezionati da\u00a0<a title=\"Giovanni d'Austria\" href=\"https:\/\/it.wikipedia.org\/wiki\/Giovanni_d%27Austria\">Giovanni d&#8217;Austria<\/a>\u00a0nel 1650.<sup id=\"cite_ref-ReferenceI_26-2\" class=\"reference\"><a href=\"https:\/\/it.wikipedia.org\/wiki\/Palazzo_dei_Normanni#cite_note-ReferenceI-26\"><span class=\"cite-bracket\">[<\/span>26<span class=\"cite-bracket\">]<\/span><\/a><\/sup><\/li>\n<li><a title=\"1696\" href=\"https:\/\/it.wikipedia.org\/wiki\/1696\">1696<\/a>,\u00a0<a title=\"Pedro Manuel Col\u00f3n de Portugal\" href=\"https:\/\/it.wikipedia.org\/wiki\/Pedro_Manuel_Col%C3%B3n_de_Portugal\">Pedro Manuel Col\u00f3n de Portugal<\/a>\u00a0dispose la copertura del camminamento tra reggia e\u00a0<a title=\"Porta Nuova (Palermo)\" href=\"https:\/\/it.wikipedia.org\/wiki\/Porta_Nuova_(Palermo)\">Porta Nuova<\/a>.<\/li>\n<\/ul>\n<div class=\"mw-heading mw-heading3\">\n<h3 id=\"Epoca_savoiarda\">Epoca savoiarda<\/h3>\n<p><span class=\"mw-editsection\"><span class=\"mw-editsection-bracket\">[<\/span><a class=\"mw-editsection-visualeditor\" title=\"Modifica la sezione Epoca savoiarda\" href=\"https:\/\/it.wikipedia.org\/w\/index.php?title=Palazzo_dei_Normanni&amp;veaction=edit&amp;section=8\">modifica<\/a><span class=\"mw-editsection-divider\">\u00a0|\u00a0<\/span><a title=\"Edit section's source code: Epoca savoiarda\" href=\"https:\/\/it.wikipedia.org\/w\/index.php?title=Palazzo_dei_Normanni&amp;action=edit&amp;section=8\">modifica wikitesto<\/a><span class=\"mw-editsection-bracket\">]<\/span><\/span><\/p>\n<\/div>\n<p>Per l&#8217;ingresso in citt\u00e0 e la cerimonia d&#8217;incoronazione di\u00a0<a title=\"Vittorio Amedeo II di Savoia\" href=\"https:\/\/it.wikipedia.org\/wiki\/Vittorio_Amedeo_II_di_Savoia\">Vittorio Amedeo II di Savoia<\/a>\u00a0e\u00a0<a title=\"Anna Maria di Borbone-Orl\u00e9ans\" href=\"https:\/\/it.wikipedia.org\/wiki\/Anna_Maria_di_Borbone-Orl%C3%A9ans\">Anna Maria di Borbone-Orl\u00e9ans<\/a>, la vigilia di Natale del 24 dicembre 1713, il palazzo \u00e8 preventivamente approntato per ospitare i reali. I lavori ed il perfezionamento degli appartamenti trova il maggior intervento nel restauro della\u00a0<i>Sala dei Venti<\/i>.<\/p>\n<div class=\"mw-heading mw-heading3\">\n<h3 id=\"Epoca_borbonica\">Epoca borbonica<\/h3>\n<p><span class=\"mw-editsection\"><span class=\"mw-editsection-bracket\">[<\/span><a class=\"mw-editsection-visualeditor\" title=\"Modifica la sezione Epoca borbonica\" href=\"https:\/\/it.wikipedia.org\/w\/index.php?title=Palazzo_dei_Normanni&amp;veaction=edit&amp;section=9\">modifica<\/a><span class=\"mw-editsection-divider\">\u00a0|\u00a0<\/span><a title=\"Edit section's source code: Epoca borbonica\" href=\"https:\/\/it.wikipedia.org\/w\/index.php?title=Palazzo_dei_Normanni&amp;action=edit&amp;section=9\">modifica wikitesto<\/a><span class=\"mw-editsection-bracket\">]<\/span><\/span><\/p>\n<\/div>\n<figure class=\"mw-default-size mw-halign-left\"><a class=\"mw-file-description\" href=\"https:\/\/it.wikipedia.org\/wiki\/File:RogerReceivingTheKeysOfPalermo.JPG\"><img loading=\"lazy\" decoding=\"async\" class=\"mw-file-element\" src=\"https:\/\/upload.wikimedia.org\/wikipedia\/commons\/thumb\/d\/de\/RogerReceivingTheKeysOfPalermo.JPG\/220px-RogerReceivingTheKeysOfPalermo.JPG\" srcset=\"\/\/upload.wikimedia.org\/wikipedia\/commons\/thumb\/d\/de\/RogerReceivingTheKeysOfPalermo.JPG\/330px-RogerReceivingTheKeysOfPalermo.JPG 1.5x, \/\/upload.wikimedia.org\/wikipedia\/commons\/thumb\/d\/de\/RogerReceivingTheKeysOfPalermo.JPG\/440px-RogerReceivingTheKeysOfPalermo.JPG 2x\" width=\"220\" height=\"196\" data-file-width=\"1233\" data-file-height=\"1101\" \/><\/a>\n<figcaption><i>Ruggero di Sicilia e Roberto il Guiscardo ricevono le chiavi di Palermo<\/i>. Sala Gialla, affresco di\u00a0<a title=\"Giuseppe Patania\" href=\"https:\/\/it.wikipedia.org\/wiki\/Giuseppe_Patania\">Giuseppe Patania<\/a>.<\/figcaption>\n<\/figure>\n<p>Gli appartamenti reali subiscono un&#8217;ulteriore rimodulazione nel 1735 per l&#8217;arrivo, la visita e l&#8217;incoronazione di\u00a0<a title=\"Carlo III di Spagna\" href=\"https:\/\/it.wikipedia.org\/wiki\/Carlo_III_di_Spagna\">Carlo III di Borbone<\/a>.<sup id=\"cite_ref-ReferenceL_24-1\" class=\"reference\"><a href=\"https:\/\/it.wikipedia.org\/wiki\/Palazzo_dei_Normanni#cite_note-ReferenceL-24\"><span class=\"cite-bracket\">[<\/span>24<span class=\"cite-bracket\">]<\/span><\/a><\/sup>\u00a0Fu edificata la\u00a0<i>Scala Rossa<\/i>, uno scalone monumentale di raccordo posto presso il colonnato del\u00a0<i>Cortile Maqueda<\/i>. Venute meno le esigenze difensive \u00e8 compiuta la riduzione o demolizione dei bastioni orientali per l&#8217;adeguamento della piazza al livello del Cassaro e altrove, la loro trasformazione in giardini pensili. Il varco della cortina rinascimentale \u00e8 definitivamente attrezzato come principale porta carraia e portale d&#8217;ingresso, il\u00a0<i>Portale di San Michele<\/i>\u00a0\u00e8 ulteriormente ingrandito. Si edific\u00f2 una nuova cavallerizza e si rinnov\u00f2 l&#8217;antica. Si costruirono idonee strade d&#8217;accesso e carrettere interne. Internamente fu eseguito l&#8217;ingrandimento degli appartamenti destinati al sovrano, il rinnovamento degli infissi e delle vetrate, l&#8217;apparato decorativo in affreschi approntato dal pittore\u00a0<a title=\"Olivio Sozzi\" href=\"https:\/\/it.wikipedia.org\/wiki\/Olivio_Sozzi\">Olivio Sozzi<\/a>. Restauri e miglioramenti di tutti gli appartamenti reali e delle strutture dell&#8217;intero complesso.<sup id=\"cite_ref-Diari_di_Gioacchino_di_Marzo_30-0\" class=\"reference\"><a href=\"https:\/\/it.wikipedia.org\/wiki\/Palazzo_dei_Normanni#cite_note-Diari_di_Gioacchino_di_Marzo-30\"><span class=\"cite-bracket\">[<\/span>30<span class=\"cite-bracket\">]<\/span><\/a><\/sup>\u00a0Anche i Borboni delle Due Sicilie con\u00a0<a title=\"Ferdinando I delle Due Sicilie\" href=\"https:\/\/it.wikipedia.org\/wiki\/Ferdinando_I_delle_Due_Sicilie\">Ferdinando III<\/a>\u00a0fecero ristrutturare il palazzo che visse la stagione di maggiore operosit\u00e0, dopo la fase cinquecentesca, in virt\u00f9 della permanenza della Corte Borbonica: infatti i sovrani, fuggiti nel 1806 con la conquista di Napoli da parte di\u00a0<a title=\"Napoleone Bonaparte\" href=\"https:\/\/it.wikipedia.org\/wiki\/Napoleone_Bonaparte\">Napoleone Bonaparte<\/a>, si rifugiarono a Palermo. Il\u00a0<a href=\"https:\/\/it.wikipedia.org\/wiki\/Palazzo_dei_Normanni#Sala_d'Ercole\">Salone del Parlamento<\/a>\u00a0fu adibito all&#8217;esposizione della preziosa Quadreria di Capodimonte e il monarca decise di fare affrescare nuovamente le pareti e la volta della sala, affinch\u00e9 il salone presentasse &#8220;<i>&#8230; uno stile pi\u00f9 elegante e pi\u00f9 grandioso<\/i>&#8220;. Il ciclo di affreschi raffigurante l&#8217;<i>Apoteosi di Ercole<\/i>\u00a0di\u00a0<a title=\"Giuseppe Velasco\" href=\"https:\/\/it.wikipedia.org\/wiki\/Giuseppe_Velasco\">Giuseppe Velasco<\/a><sup id=\"cite_ref-ReferenceG_22-1\" class=\"reference\"><a href=\"https:\/\/it.wikipedia.org\/wiki\/Palazzo_dei_Normanni#cite_note-ReferenceG-22\"><span class=\"cite-bracket\">[<\/span>22<span class=\"cite-bracket\">]<\/span><\/a><\/sup>\u00a0sostitu\u00ec\u00a0<i>La Maest\u00e0 Regia, protettrice delle Scienze e delle Belle Arti<\/i>\u00a0commissionato da\u00a0<a title=\"Francesco d'Aquino\" href=\"https:\/\/it.wikipedia.org\/wiki\/Francesco_d%27Aquino\">Francesco d&#8217;Aquino<\/a>, principe di Caramanico nel\u00a0<a title=\"1787\" href=\"https:\/\/it.wikipedia.org\/wiki\/1787\">1787<\/a>.<sup id=\"cite_ref-ReferenceG_22-2\" class=\"reference\"><a href=\"https:\/\/it.wikipedia.org\/wiki\/Palazzo_dei_Normanni#cite_note-ReferenceG-22\"><span class=\"cite-bracket\">[<\/span>22<span class=\"cite-bracket\">]<\/span><\/a><\/sup><\/p>\n<p>Altri interventi decorativi abbellirono le sale di rappresentanza, i corridoi degli appartamenti del re e della regina al piano nobile durante la loro permanenza stabile dal\u00a0<a title=\"1806\" href=\"https:\/\/it.wikipedia.org\/wiki\/1806\">1806<\/a>\u00a0al\u00a0<a title=\"1815\" href=\"https:\/\/it.wikipedia.org\/wiki\/1815\">1815<\/a>.<sup id=\"cite_ref-ReferenceA_10-1\" class=\"reference\"><a href=\"https:\/\/it.wikipedia.org\/wiki\/Palazzo_dei_Normanni#cite_note-ReferenceA-10\"><span class=\"cite-bracket\">[<\/span>10<span class=\"cite-bracket\">]<\/span><\/a><\/sup>\u00a0In occasione dei\u00a0<a title=\"Rivoluzione siciliana del 1848\" href=\"https:\/\/it.wikipedia.org\/wiki\/Rivoluzione_siciliana_del_1848\">moti rivoluzionari del 1848<\/a>\u00a0furono abbattuti dal popolo in tumulto i bastioni di Santa Maria e San Michele, la dimora fu saccheggiata e fu distrutta gran parte del mobilio, arredi velocemente ripristinati.<\/p>\n<div class=\"mw-heading mw-heading3\">\n<h3 id=\"Epoca_contemporanea\">Epoca contemporanea<\/h3>\n<p><span class=\"mw-editsection\"><span class=\"mw-editsection-bracket\">[<\/span><a class=\"mw-editsection-visualeditor\" title=\"Modifica la sezione Epoca contemporanea\" href=\"https:\/\/it.wikipedia.org\/w\/index.php?title=Palazzo_dei_Normanni&amp;veaction=edit&amp;section=10\">modifica<\/a><span class=\"mw-editsection-divider\">\u00a0|\u00a0<\/span><a title=\"Edit section's source code: Epoca contemporanea\" href=\"https:\/\/it.wikipedia.org\/w\/index.php?title=Palazzo_dei_Normanni&amp;action=edit&amp;section=10\">modifica wikitesto<\/a><span class=\"mw-editsection-bracket\">]<\/span><\/span><\/p>\n<\/div>\n<figure><a class=\"mw-file-description\" href=\"https:\/\/it.wikipedia.org\/wiki\/File:Sommer,_Giorgio_(1834-1914)_%26_Behles,_Edmond_(1841-1924)_-_n._0505_-_Palermo_-_Palazo_reale_e_Statua_di_Carlo_III.jpg\"><img loading=\"lazy\" decoding=\"async\" class=\"mw-file-element\" src=\"https:\/\/upload.wikimedia.org\/wikipedia\/commons\/thumb\/b\/bf\/Sommer%2C_Giorgio_%281834-1914%29_%26_Behles%2C_Edmond_%281841-1924%29_-_n._0505_-_Palermo_-_Palazo_reale_e_Statua_di_Carlo_III.jpg\/250px-Sommer%2C_Giorgio_%281834-1914%29_%26_Behles%2C_Edmond_%281841-1924%29_-_n._0505_-_Palermo_-_Palazo_reale_e_Statua_di_Carlo_III.jpg\" srcset=\"\/\/upload.wikimedia.org\/wikipedia\/commons\/thumb\/b\/bf\/Sommer%2C_Giorgio_%281834-1914%29_%26_Behles%2C_Edmond_%281841-1924%29_-_n._0505_-_Palermo_-_Palazo_reale_e_Statua_di_Carlo_III.jpg\/375px-Sommer%2C_Giorgio_%281834-1914%29_%26_Behles%2C_Edmond_%281841-1924%29_-_n._0505_-_Palermo_-_Palazo_reale_e_Statua_di_Carlo_III.jpg 1.5x, \/\/upload.wikimedia.org\/wikipedia\/commons\/thumb\/b\/bf\/Sommer%2C_Giorgio_%281834-1914%29_%26_Behles%2C_Edmond_%281841-1924%29_-_n._0505_-_Palermo_-_Palazo_reale_e_Statua_di_Carlo_III.jpg\/500px-Sommer%2C_Giorgio_%281834-1914%29_%26_Behles%2C_Edmond_%281841-1924%29_-_n._0505_-_Palermo_-_Palazo_reale_e_Statua_di_Carlo_III.jpg 2x\" width=\"250\" height=\"120\" data-file-width=\"756\" data-file-height=\"362\" \/><\/a>\n<figcaption><a class=\"mw-redirect\" title=\"Stereofotografia\" href=\"https:\/\/it.wikipedia.org\/wiki\/Stereofotografia\">Stereofotografia<\/a>\u00a0del prospetto est della fine dell&#8217;800<\/figcaption>\n<\/figure>\n<p>Dopo l&#8217;<a class=\"mw-redirect\" title=\"Unit\u00e0 d'Italia\" href=\"https:\/\/it.wikipedia.org\/wiki\/Unit%C3%A0_d%27Italia\">Unit\u00e0 d&#8217;Italia<\/a>\u00a0fece parte dei beni del comando dei Corpi dell&#8217;Esercito e in occasione dell&#8217;<a class=\"mw-redirect\" title=\"Esposizione Nazionale\" href=\"https:\/\/it.wikipedia.org\/wiki\/Esposizione_Nazionale#1891:_Palermo\">esposizione nazionale<\/a>\u00a0del\u00a0<a title=\"1891\" href=\"https:\/\/it.wikipedia.org\/wiki\/1891\">1891<\/a>\u00a0&#8211;\u00a0<a title=\"1892\" href=\"https:\/\/it.wikipedia.org\/wiki\/1892\">1892<\/a>\u00a0furono rinnovati gli arredi degli appartamenti reali. Nel 1919 si deline\u00f2 la possibilit\u00e0 di utilizzare il Palazzo come sede di accademie e nel 1923 fu destinato ad accogliere gli uffici della\u00a0<a title=\"Soprintendenze\" href=\"https:\/\/it.wikipedia.org\/wiki\/Soprintendenze#Sicilia\">Soprintendenza ai monumenti<\/a>, alcuni Istituti universitari, la\u00a0<a title=\"Accademia di belle arti di Palermo\" href=\"https:\/\/it.wikipedia.org\/wiki\/Accademia_di_belle_arti_di_Palermo\">Real Accademia di Scienze Lettere e Arti<\/a>, la Biblioteca Filosofica, il\u00a0<a title=\"Museo etnografico siciliano Giuseppe Pitr\u00e8\" href=\"https:\/\/it.wikipedia.org\/wiki\/Museo_etnografico_siciliano_Giuseppe_Pitr%C3%A8\">Museo etnografico siciliano Giuseppe Pitr\u00e8<\/a>, il Museo Nazionale e l&#8217;alloggio del Prefetto. Furono mantenuti per uso della casa reale alcuni appartamenti. Nel 1921 \u00e8 stata acquisita la propriet\u00e0 da parte del governo.<\/p>\n<p>Negli anni &#8217;30 del &#8216;900 furono portati avanti dei restauri da parte del sovrintendente ai monumenti Francesco Valenti, poi proseguiti da Mario Guiotto, che hanno riportato in luce alcune strutture normanne.<sup id=\"cite_ref-31\" class=\"reference\"><a href=\"https:\/\/it.wikipedia.org\/wiki\/Palazzo_dei_Normanni#cite_note-31\"><span class=\"cite-bracket\">[<\/span>31<span class=\"cite-bracket\">]<\/span><\/a><\/sup><\/p>\n<p>Nell&#8217;agosto 1943 fu requisito dalle\u00a0<a title=\"Alleati della seconda guerra mondiale\" href=\"https:\/\/it.wikipedia.org\/wiki\/Alleati_della_seconda_guerra_mondiale\">truppe alleate<\/a>. Poco dopo la fine della\u00a0<a title=\"Seconda guerra mondiale\" href=\"https:\/\/it.wikipedia.org\/wiki\/Seconda_guerra_mondiale\">seconda guerra mondiale<\/a>\u00a0nel\u00a0<a title=\"1946\" href=\"https:\/\/it.wikipedia.org\/wiki\/1946\">1946<\/a>, ebbero inizio i primi saggi archeologici volti a comprendere l&#8217;eventuali preesistenze al palazzo, ovvero le stratificazioni di manufatti e insediamenti anteriori agli interventi arabi.<\/p>\n<p>Nel 1947 gli enti che lo occupavano furono trasferiti in altri immobili e fu denominato\u00a0<i>Palazzo dei Normanni<\/i>. Nell&#8217;aprile\u00a0<a title=\"1947\" href=\"https:\/\/it.wikipedia.org\/wiki\/1947\">1947<\/a>\u00a0divenne sede dell&#8217;<a class=\"mw-redirect\" title=\"Assemblea Regionale Siciliana\" href=\"https:\/\/it.wikipedia.org\/wiki\/Assemblea_Regionale_Siciliana\">Assemblea Regionale Siciliana<\/a>. Dal 1976 al 1981 furono eseguiti lavori di trasformazione in alcuni piani del palazzo, curati da Rosario La Duca.<sup id=\"cite_ref-32\" class=\"reference\"><a href=\"https:\/\/it.wikipedia.org\/wiki\/Palazzo_dei_Normanni#cite_note-32\"><span class=\"cite-bracket\">[<\/span>32<span class=\"cite-bracket\">]<\/span><\/a><\/sup>\u00a0Dopo il\u00a0<a title=\"Terremoti in Sicilia\" href=\"https:\/\/it.wikipedia.org\/wiki\/Terremoti_in_Sicilia#XX_secolo_e_recenti\">terremoto del 2002<\/a>\u00a0che ha danneggiato alcuni interni, sono stati effettuati dei restauri sugli affreschi di Sala d&#8217;Ercole.<\/p>\n<p>Attualmente \u00e8 la sede del Parlamento regionale, e ospita la Parrocchia S. Pietro Apostolo &#8211; Cappella Palatina e l&#8217;<a title=\"Osservatorio astronomico di Palermo\" href=\"https:\/\/it.wikipedia.org\/wiki\/Osservatorio_astronomico_di_Palermo\">Osservatorio astronomico di Palermo<\/a>, mentre l&#8217;ala di collegamento a\u00a0<a title=\"Porta Nuova (Palermo)\" href=\"https:\/\/it.wikipedia.org\/wiki\/Porta_Nuova_(Palermo)\">porta Nuova<\/a>\u00a0\u00e8 sede del Comiliter, il\u00a0<a class=\"mw-redirect\" title=\"Comando militare autonomo della Sicilia\" href=\"https:\/\/it.wikipedia.org\/wiki\/Comando_militare_autonomo_della_Sicilia\">Comando militare territoriale della Sicilia<\/a>.<\/p>\n<div class=\"mw-heading mw-heading2\">\n<h2 id=\"Esterno\">Esterno<\/h2>\n<p><span class=\"mw-editsection\"><span class=\"mw-editsection-bracket\">[<\/span><a class=\"mw-editsection-visualeditor\" title=\"Modifica la sezione Esterno\" href=\"https:\/\/it.wikipedia.org\/w\/index.php?title=Palazzo_dei_Normanni&amp;veaction=edit&amp;section=11\">modifica<\/a><span class=\"mw-editsection-divider\">\u00a0|\u00a0<\/span><a title=\"Edit section's source code: Esterno\" href=\"https:\/\/it.wikipedia.org\/w\/index.php?title=Palazzo_dei_Normanni&amp;action=edit&amp;section=11\">modifica wikitesto<\/a><span class=\"mw-editsection-bracket\">]<\/span><\/span><\/p>\n<\/div>\n<figure class=\"mw-default-size mw-halign-right\"><a class=\"mw-file-description\" href=\"https:\/\/it.wikipedia.org\/wiki\/File:Palazzo_Normanni,_vista,_Palermo.jpg\"><img loading=\"lazy\" decoding=\"async\" class=\"mw-file-element\" src=\"https:\/\/upload.wikimedia.org\/wikipedia\/commons\/thumb\/a\/af\/Palazzo_Normanni%2C_vista%2C_Palermo.jpg\/220px-Palazzo_Normanni%2C_vista%2C_Palermo.jpg\" srcset=\"\/\/upload.wikimedia.org\/wikipedia\/commons\/thumb\/a\/af\/Palazzo_Normanni%2C_vista%2C_Palermo.jpg\/330px-Palazzo_Normanni%2C_vista%2C_Palermo.jpg 1.5x, \/\/upload.wikimedia.org\/wikipedia\/commons\/thumb\/a\/af\/Palazzo_Normanni%2C_vista%2C_Palermo.jpg\/440px-Palazzo_Normanni%2C_vista%2C_Palermo.jpg 2x\" width=\"220\" height=\"165\" data-file-width=\"2272\" data-file-height=\"1704\" \/><\/a>\n<figcaption>Visuale da via Vittorio Emanuele<\/figcaption>\n<\/figure>\n<p>L&#8217;aggregato degli edifici assume la forma di una forcella capovolta, i due bracci meridionali della biforcazione intersecano i manufatti della\u00a0<a title=\"Cappella Palatina (Palermo)\" href=\"https:\/\/it.wikipedia.org\/wiki\/Cappella_Palatina_(Palermo)\">Cappella Palatina<\/a>\u00a0che originano due grandi cortili interni. Molteplici stili si fondono sui svariati ordini e sulle numerose sfaccettature delle varie prospettive. Gli stili romanico, bizantino, arabo, normanno, neogotico, chiaramontano, rinascimentale, barocco, miscelano elementi come strombature, nervature, oculi, rilievi, archi, ogive, bugnato, monofore e finte bifore, tufo combinato con tarsie di lava, intrecci, pietra viva, modanature, merlature, marcapiani, archi, timpani dal forte impatto sensoriale ed emotivo.<\/p>\n<p>Delle quattro torri normanne originarie: la\u00a0<a href=\"https:\/\/it.wikipedia.org\/wiki\/Palazzo_dei_Normanni#Torre_Greca\">Greca<\/a>, la\u00a0<a href=\"https:\/\/it.wikipedia.org\/wiki\/Palazzo_dei_Normanni#Torre_Chirimbi\">Chirimbi<\/a>, la\u00a0<a href=\"https:\/\/it.wikipedia.org\/wiki\/Palazzo_dei_Normanni#Torre_Pisana\">Pisana<\/a>, la\u00a0<a href=\"https:\/\/it.wikipedia.org\/wiki\/Palazzo_dei_Normanni#Torre_Joaria\">Joaria<\/a>, oggi rimangono solo le ultime due, di forma quadrangolare<sup id=\"cite_ref-33\" class=\"reference\"><a href=\"https:\/\/it.wikipedia.org\/wiki\/Palazzo_dei_Normanni#cite_note-33\"><span class=\"cite-bracket\">[<\/span>33<span class=\"cite-bracket\">]<\/span><\/a><\/sup>\u00a0coeve alla Cappella Palatina.<\/p>\n<div class=\"mw-heading mw-heading3\">\n<h3 id=\"Prospetti\">Prospetti<\/h3>\n<p><span class=\"mw-editsection\"><span class=\"mw-editsection-bracket\">[<\/span><a class=\"mw-editsection-visualeditor\" title=\"Modifica la sezione Prospetti\" href=\"https:\/\/it.wikipedia.org\/w\/index.php?title=Palazzo_dei_Normanni&amp;veaction=edit&amp;section=12\">modifica<\/a><span class=\"mw-editsection-divider\">\u00a0|\u00a0<\/span><a title=\"Edit section's source code: Prospetti\" href=\"https:\/\/it.wikipedia.org\/w\/index.php?title=Palazzo_dei_Normanni&amp;action=edit&amp;section=12\">modifica wikitesto<\/a><span class=\"mw-editsection-bracket\">]<\/span><\/span><\/p>\n<\/div>\n<figure class=\"mw-default-size\"><a class=\"mw-file-description\" href=\"https:\/\/it.wikipedia.org\/wiki\/File:PdN_PA_21_03_2014.jpg\"><img loading=\"lazy\" decoding=\"async\" class=\"mw-file-element\" src=\"https:\/\/upload.wikimedia.org\/wikipedia\/commons\/thumb\/2\/2e\/PdN_PA_21_03_2014.jpg\/220px-PdN_PA_21_03_2014.jpg\" srcset=\"\/\/upload.wikimedia.org\/wikipedia\/commons\/thumb\/2\/2e\/PdN_PA_21_03_2014.jpg\/330px-PdN_PA_21_03_2014.jpg 1.5x, \/\/upload.wikimedia.org\/wikipedia\/commons\/thumb\/2\/2e\/PdN_PA_21_03_2014.jpg\/440px-PdN_PA_21_03_2014.jpg 2x\" width=\"220\" height=\"124\" data-file-width=\"2048\" data-file-height=\"1152\" \/><\/a>\n<figcaption>Prospetto nord.<\/figcaption>\n<\/figure>\n<figure class=\"mw-default-size\"><a class=\"mw-file-description\" href=\"https:\/\/it.wikipedia.org\/wiki\/File:SGC_(Palermo)_16_07_2019_40.jpg\"><img loading=\"lazy\" decoding=\"async\" class=\"mw-file-element\" src=\"https:\/\/upload.wikimedia.org\/wikipedia\/commons\/thumb\/2\/21\/SGC_%28Palermo%29_16_07_2019_40.jpg\/220px-SGC_%28Palermo%29_16_07_2019_40.jpg\" srcset=\"\/\/upload.wikimedia.org\/wikipedia\/commons\/thumb\/2\/21\/SGC_%28Palermo%29_16_07_2019_40.jpg\/330px-SGC_%28Palermo%29_16_07_2019_40.jpg 1.5x, \/\/upload.wikimedia.org\/wikipedia\/commons\/thumb\/2\/21\/SGC_%28Palermo%29_16_07_2019_40.jpg\/440px-SGC_%28Palermo%29_16_07_2019_40.jpg 2x\" width=\"220\" height=\"124\" data-file-width=\"1855\" data-file-height=\"1043\" \/><\/a>\n<figcaption>Prospetto ovest.<\/figcaption>\n<\/figure>\n<ul>\n<li><b>Prospetto Nord<\/b>. L&#8217;ala dell&#8217;edificio \u00e8 delimitata da Porta Nuova, nuovo varco d&#8217;accesso costruito da\u00a0<a class=\"mw-redirect\" title=\"Carlo V\" href=\"https:\/\/it.wikipedia.org\/wiki\/Carlo_V\">Carlo V<\/a>\u00a0per celebrare la\u00a0<a title=\"Conquista di Tunisi (1535)\" href=\"https:\/\/it.wikipedia.org\/wiki\/Conquista_di_Tunisi_(1535)\">Conquista di Tunisi<\/a>\u00a0in sostituzione dell&#8217;antica porta denominata\u00a0<i>Bab ar ryad<\/i>\u00a0o\u00a0<i><a title=\"Porta dei Giardini\" href=\"https:\/\/it.wikipedia.org\/wiki\/Porta_dei_Giardini\">Porta dei giardini<\/a><\/i>. Via Vittorio Emanuele o Cassaro col prolungamento di Corso Calatafimi separa i due mandamenti, nello specifico distingue l&#8217;<a class=\"mw-redirect\" title=\"Palazzo Reale o Albergaria\" href=\"https:\/\/it.wikipedia.org\/wiki\/Palazzo_Reale_o_Albergaria\">Albergaria<\/a>\u00a0dal\u00a0<a title=\"Monte di Piet\u00e0 o Seralcadi\" href=\"https:\/\/it.wikipedia.org\/wiki\/Monte_di_Piet%C3%A0_o_Seralcadi\">Monte di Piet\u00e0 o Seralcadi<\/a>. Con la graduale trasformazione della Galca (<i>Jalca<\/i>),<sup id=\"cite_ref-ReferenceTF459_34-0\" class=\"reference\"><a href=\"https:\/\/it.wikipedia.org\/wiki\/Palazzo_dei_Normanni#cite_note-ReferenceTF459-34\"><span class=\"cite-bracket\">[<\/span>34<span class=\"cite-bracket\">]<\/span><\/a><\/sup>\u00a0e la fusione di essa al resto della citt\u00e0, la\u00a0<a title=\"Chiesa di Santa Maria Maddalena (Palermo)\" href=\"https:\/\/it.wikipedia.org\/wiki\/Chiesa_di_Santa_Maria_Maddalena_(Palermo)\">chiesa di Santa Maria Maddalena<\/a>, vicinissima a Porta Nuova, venne a trovarsi inglobata nel quartiere di San Giacomo dei Militari o degli Spagnoli, la cui vasta area estesa dal Cassaro al Papireto, fin dal 1622 era stata utilizzata dalle truppe spagnole di stanza in citt\u00e0 per il presidio e la difesa della reggia.<\/li>\n<li><b>Prospetto Est<\/b>. Il palazzo prospetta su\u00a0<a title=\"Piazza del Parlamento\" href=\"https:\/\/it.wikipedia.org\/wiki\/Piazza_del_Parlamento\">Piazza del Parlamento<\/a>, che a sua volta si fonde con\u00a0<a title=\"Piazza della Vittoria (Palermo)\" href=\"https:\/\/it.wikipedia.org\/wiki\/Piazza_della_Vittoria_(Palermo)\">Piazza Vittoria<\/a>\u00a0e il parco di\u00a0<a title=\"Villa Bonanno\" href=\"https:\/\/it.wikipedia.org\/wiki\/Villa_Bonanno\">Villa Bonanno<\/a>, le tre aree costituivano il primitivo\u00a0<i>Piano di Palazzo<\/i>. Sulla\u00a0<a href=\"https:\/\/it.wikipedia.org\/wiki\/Palazzo_dei_Normanni#Torre_Pisana\">Torre Pisana<\/a>\u00a0si ammira l&#8217;originaria facciata del periodo normanno decorata con arcate strombate e cieche. Pi\u00f9 a sud, la facciata in stile rinascimentale che occupa buona parte dell&#8217;intero prospetto. Al centro \u00e8 un grande portale che costituisce l&#8217;ingresso principale. L&#8217;ala rinascimentale ospita al piano inferiore la\u00a0<a href=\"https:\/\/it.wikipedia.org\/wiki\/Palazzo_dei_Normanni#Sala_degli_Armigeri\">Sala degli Armigeri<\/a>\u00a0e al piano superiore il cosiddetto\u00a0<a href=\"https:\/\/it.wikipedia.org\/wiki\/Palazzo_dei_Normanni#Piano_parlamentare\">Piano parlamentare<\/a>\u00a0ove sono ubicate la\u00a0<a href=\"https:\/\/it.wikipedia.org\/wiki\/Palazzo_dei_Normanni#Sala_d'Ercole\">Sala d&#8217;Ercole<\/a>, attuale aula parlamentare dell&#8217;Assemblea regionale siciliana, la\u00a0<a href=\"https:\/\/it.wikipedia.org\/wiki\/Palazzo_dei_Normanni#Sala_Gialla\">Sala Gialla<\/a>, la\u00a0<a href=\"https:\/\/it.wikipedia.org\/wiki\/Palazzo_dei_Normanni#Sala_Rossa\">Sala Rossa<\/a>, la\u00a0<a href=\"https:\/\/it.wikipedia.org\/wiki\/Palazzo_dei_Normanni#Sala_Verde\">Sala Verde<\/a>\u00a0e la\u00a0<a href=\"https:\/\/it.wikipedia.org\/wiki\/Palazzo_dei_Normanni#Sala_dei_Vicer%C3%A9\">Sala dei Vicer\u00e9<\/a>.<\/li>\n<li><b>Prospetto Sud<\/b>. Su Via del Bastione e sul lato ovest di\u00a0<a title=\"Piazza Indipendenza (Palermo)\" href=\"https:\/\/it.wikipedia.org\/wiki\/Piazza_Indipendenza_(Palermo)\">Piazza Indipendenza<\/a>\u00a0parti dell&#8217;edificio poggiano su possenti fondamenta sopra il livello della strada fronteggiando la ricostruita\u00a0<a title=\"Chiesa di Santa Maria dell'Itria (Palermo)\" href=\"https:\/\/it.wikipedia.org\/wiki\/Chiesa_di_Santa_Maria_dell%27Itria_(Palermo)\">chiesa di Santa Maria dell&#8217;Itria detta \u00abla Pinta\u00bb<\/a>.<\/li>\n<li><b>Prospetto Ovest<\/b>. Su\u00a0<a title=\"Piazza Indipendenza (Palermo)\" href=\"https:\/\/it.wikipedia.org\/wiki\/Piazza_Indipendenza_(Palermo)\">Piazza Indipendenza<\/a>\u00a0si apre l&#8217;accesso carraio, di fronte\u00a0<a class=\"mw-redirect\" title=\"Palazzo d'Orleans\" href=\"https:\/\/it.wikipedia.org\/wiki\/Palazzo_d%27Orleans\">Palazzo d&#8217;Orleans<\/a>, sede della\u00a0<a title=\"Presidente della Regione Siciliana\" href=\"https:\/\/it.wikipedia.org\/wiki\/Presidente_della_Regione_Siciliana\">presidenza della Regione siciliana<\/a>.<\/li>\n<\/ul>\n<div class=\"mw-heading mw-heading3\">\n<h3 id=\"Cortili\">Cortili<\/h3>\n<p><span class=\"mw-editsection\"><span class=\"mw-editsection-bracket\">[<\/span><a class=\"mw-editsection-visualeditor\" title=\"Modifica la sezione Cortili\" href=\"https:\/\/it.wikipedia.org\/w\/index.php?title=Palazzo_dei_Normanni&amp;veaction=edit&amp;section=13\">modifica<\/a><span class=\"mw-editsection-divider\">\u00a0|\u00a0<\/span><a title=\"Edit section's source code: Cortili\" href=\"https:\/\/it.wikipedia.org\/w\/index.php?title=Palazzo_dei_Normanni&amp;action=edit&amp;section=13\">modifica wikitesto<\/a><span class=\"mw-editsection-bracket\">]<\/span><\/span><\/p>\n<\/div>\n<figure class=\"mw-default-size\"><a class=\"mw-file-description\" href=\"https:\/\/it.wikipedia.org\/wiki\/File:Avesalom_palatina.jpg\"><img loading=\"lazy\" decoding=\"async\" class=\"mw-file-element\" src=\"https:\/\/upload.wikimedia.org\/wikipedia\/commons\/thumb\/5\/5b\/Avesalom_palatina.jpg\/220px-Avesalom_palatina.jpg\" srcset=\"\/\/upload.wikimedia.org\/wikipedia\/commons\/thumb\/5\/5b\/Avesalom_palatina.jpg\/330px-Avesalom_palatina.jpg 1.5x, \/\/upload.wikimedia.org\/wikipedia\/commons\/thumb\/5\/5b\/Avesalom_palatina.jpg\/440px-Avesalom_palatina.jpg 2x\" width=\"220\" height=\"131\" data-file-width=\"3072\" data-file-height=\"1836\" \/><\/a>\n<figcaption>Mosaici esterni nella Palatina, nel cortile Maqueda<\/figcaption>\n<\/figure>\n<p>Sono presenti pi\u00f9 cortili interni, due di essi provvisti di logge e portici:<\/p>\n<ul>\n<li>il\u00a0<a href=\"https:\/\/it.wikipedia.org\/wiki\/Palazzo_dei_Normanni#Cortile_Maqueda\">Cortile Maqueda<\/a>, interamente porticato con due ordini di logge di stile rinascimentale;<\/li>\n<li>il\u00a0<a href=\"https:\/\/it.wikipedia.org\/wiki\/Palazzo_dei_Normanni#Cortile_della_Fontana\">Cortile della Fontana<\/a>, posto ad un livello superiore rispetto al primo. I vari livelli sono collegati tra loro da scaloni monumentali.<\/li>\n<\/ul>\n<p>Il Cortile Maqueda \u00e8 il crocevia dei principali ambienti, ali e manufatti:<\/p>\n<ul>\n<li>sotto il livello del patio sono ricavate le\u00a0<a href=\"https:\/\/it.wikipedia.org\/wiki\/Palazzo_dei_Normanni#Sala_Duca_di_Montalto\">Sale del duca di Montalto<\/a>, oggi sedi di mostre ed esposizioni, da cui si accede a loro volta agli scavi sotterranei;<\/li>\n<li>dal patio si accede alla\u00a0<a title=\"Cappella Palatina (Palermo)\" href=\"https:\/\/it.wikipedia.org\/wiki\/Cappella_Palatina_(Palermo)#Chiesa_ipogea\">chiesa di Santa Maria delle Grazie<\/a>;<\/li>\n<li>al primo livello \u00e8 posto l&#8217;ingresso alla\u00a0<a title=\"Cappella Palatina (Palermo)\" href=\"https:\/\/it.wikipedia.org\/wiki\/Cappella_Palatina_(Palermo)\">Cappella Palatina<\/a>.<\/li>\n<\/ul>\n<div class=\"mw-heading mw-heading3\">\n<h3 id=\"Le_torri\">Le torri<\/h3>\n<p><span class=\"mw-editsection\"><span class=\"mw-editsection-bracket\">[<\/span><a class=\"mw-editsection-visualeditor\" title=\"Modifica la sezione Le torri\" href=\"https:\/\/it.wikipedia.org\/w\/index.php?title=Palazzo_dei_Normanni&amp;veaction=edit&amp;section=14\">modifica<\/a><span class=\"mw-editsection-divider\">\u00a0|\u00a0<\/span><a title=\"Edit section's source code: Le torri\" href=\"https:\/\/it.wikipedia.org\/w\/index.php?title=Palazzo_dei_Normanni&amp;action=edit&amp;section=14\">modifica wikitesto<\/a><span class=\"mw-editsection-bracket\">]<\/span><\/span><\/p>\n<\/div>\n<figure class=\"mw-default-size mw-halign-right\"><a class=\"mw-file-description\" href=\"https:\/\/it.wikipedia.org\/wiki\/File:0564_-_Palermo_-_Palazzo_dei_Normanni,_facciata_principale_-_Foto_Giovanni_Dall%27Orto,_28-Sept-2006.jpg\"><img loading=\"lazy\" decoding=\"async\" class=\"mw-file-element\" src=\"https:\/\/upload.wikimedia.org\/wikipedia\/commons\/thumb\/c\/cd\/0564_-_Palermo_-_Palazzo_dei_Normanni%2C_facciata_principale_-_Foto_Giovanni_Dall%27Orto%2C_28-Sept-2006.jpg\/220px-0564_-_Palermo_-_Palazzo_dei_Normanni%2C_facciata_principale_-_Foto_Giovanni_Dall%27Orto%2C_28-Sept-2006.jpg\" srcset=\"\/\/upload.wikimedia.org\/wikipedia\/commons\/thumb\/c\/cd\/0564_-_Palermo_-_Palazzo_dei_Normanni%2C_facciata_principale_-_Foto_Giovanni_Dall%27Orto%2C_28-Sept-2006.jpg\/330px-0564_-_Palermo_-_Palazzo_dei_Normanni%2C_facciata_principale_-_Foto_Giovanni_Dall%27Orto%2C_28-Sept-2006.jpg 1.5x, \/\/upload.wikimedia.org\/wikipedia\/commons\/thumb\/c\/cd\/0564_-_Palermo_-_Palazzo_dei_Normanni%2C_facciata_principale_-_Foto_Giovanni_Dall%27Orto%2C_28-Sept-2006.jpg\/440px-0564_-_Palermo_-_Palazzo_dei_Normanni%2C_facciata_principale_-_Foto_Giovanni_Dall%27Orto%2C_28-Sept-2006.jpg 2x\" width=\"220\" height=\"297\" data-file-width=\"1460\" data-file-height=\"1968\" \/><\/a>\n<figcaption>La\u00a0<i>Torre Pisana<\/i>.<\/figcaption>\n<\/figure>\n<div class=\"mw-heading mw-heading4\">\n<h4 id=\"Torre_Pisana\">Torre Pisana<\/h4>\n<p><span class=\"mw-editsection\"><span class=\"mw-editsection-bracket\">[<\/span><a class=\"mw-editsection-visualeditor\" title=\"Modifica la sezione Torre Pisana\" href=\"https:\/\/it.wikipedia.org\/w\/index.php?title=Palazzo_dei_Normanni&amp;veaction=edit&amp;section=15\">modifica<\/a><span class=\"mw-editsection-divider\">\u00a0|\u00a0<\/span><a title=\"Edit section's source code: Torre Pisana\" href=\"https:\/\/it.wikipedia.org\/w\/index.php?title=Palazzo_dei_Normanni&amp;action=edit&amp;section=15\">modifica wikitesto<\/a><span class=\"mw-editsection-bracket\">]<\/span><\/span><\/p>\n<\/div>\n<p>Il\u00a0<a class=\"mw-redirect\" title=\"Mastio\" href=\"https:\/\/it.wikipedia.org\/wiki\/Mastio\">mastio<\/a>, altrimenti noto come\u00a0<i>Torre Santa Ninfa<\/i>\u00a0era una costruzione destinata alla custodia dei tesori, manufatto edificato da\u00a0<a title=\"Guglielmo II di Sicilia\" href=\"https:\/\/it.wikipedia.org\/wiki\/Guglielmo_II_di_Sicilia\">Guglielmo II di Sicilia<\/a>\u00a0col contributo di maestranze pisane.<sup id=\"cite_ref-ReferenceE_14-1\" class=\"reference\"><a href=\"https:\/\/it.wikipedia.org\/wiki\/Palazzo_dei_Normanni#cite_note-ReferenceE-14\"><span class=\"cite-bracket\">[<\/span>14<span class=\"cite-bracket\">]<\/span><\/a><\/sup>\u00a0Secondo la tradizione, in epoca sveva con Federico II, la torre era probabilmente uno dei luoghi di riunione della\u00a0<a class=\"mw-redirect\" title=\"Scuola poetica siciliana\" href=\"https:\/\/it.wikipedia.org\/wiki\/Scuola_poetica_siciliana\">scuola poetica siciliana<\/a>\u00a0ed ambiente frequentato dallo stesso sovrano. Il vicer\u00e9\u00a0<a class=\"mw-redirect\" title=\"Francesco d'Aquino di Caramanico\" href=\"https:\/\/it.wikipedia.org\/wiki\/Francesco_d%27Aquino_di_Caramanico\">Francesco d&#8217;Aquino di Caramanico<\/a>\u00a0fece realizzare nel 1790 l&#8217;<a title=\"Osservatorio astronomico di Palermo\" href=\"https:\/\/it.wikipedia.org\/wiki\/Osservatorio_astronomico_di_Palermo\">osservatorio astronomico<\/a>.<sup id=\"cite_ref-Vincenzo_Mortillaro-36_7-1\" class=\"reference\"><a href=\"https:\/\/it.wikipedia.org\/wiki\/Palazzo_dei_Normanni#cite_note-Vincenzo_Mortillaro-36-7\"><span class=\"cite-bracket\">[<\/span>7<span class=\"cite-bracket\">]<\/span><\/a><\/sup><sup id=\"cite_ref-ReferenceE_14-2\" class=\"reference\"><a href=\"https:\/\/it.wikipedia.org\/wiki\/Palazzo_dei_Normanni#cite_note-ReferenceE-14\"><span class=\"cite-bracket\">[<\/span>14<span class=\"cite-bracket\">]<\/span><\/a><\/sup><\/p>\n<p>Esternamente appare priva di decorazioni, ma \u00e8 lecito supporre dalle tracce visibili che, nelle zone in cui furono aggiunti dei soppalchi dagli spagnoli, fosse interamente mosaicata probabilmente con scene di battaglie, seguendo canoni che imponevano una forte simmetria tra le scene raffigurate. Comprendeva la\u00a0<a href=\"https:\/\/it.wikipedia.org\/wiki\/Palazzo_dei_Normanni#Stanza_dei_Tesori\">Stanza dei Tesori<\/a>, con doppia porta d&#8217;accesso, circondata da camminamenti di ronda coperti da volte maestose e le quattro giare murate nel pavimento che potevano contenere innumerevoli pezzi di monete d&#8217;oro.<\/p>\n<p>La facciata orientale \u00e8 il risultato di un importante intervento di restauro di ripristino neogotico dell&#8217;architetto\u00a0<a class=\"new\" title=\"Nicol\u00f2 Puglia (la pagina non esiste)\" href=\"https:\/\/it.wikipedia.org\/w\/index.php?title=Nicol%C3%B2_Puglia&amp;action=edit&amp;redlink=1\">Nicol\u00f2 Puglia<\/a>\u00a0nel\u00a0<a title=\"1835\" href=\"https:\/\/it.wikipedia.org\/wiki\/1835\">1835<\/a>.<sup id=\"cite_ref-35\" class=\"reference\"><a href=\"https:\/\/it.wikipedia.org\/wiki\/Palazzo_dei_Normanni#cite_note-35\"><span class=\"cite-bracket\">[<\/span>35<span class=\"cite-bracket\">]<\/span><\/a><\/sup>\u00a0Lo stesso Puglia fu l&#8217;autore del progetto di decorazione neogotica dei prospetti occidentali intorno al 1842. Gli interni comprendono nel piano parlamentare la Sala di Federico, la\u00a0<a href=\"https:\/\/it.wikipedia.org\/wiki\/Palazzo_dei_Normanni#Sala_Cinese\">Sala Cinese<\/a>\u00a0e la\u00a0<a href=\"https:\/\/it.wikipedia.org\/wiki\/Palazzo_dei_Normanni#Sala_Pompeiana\">Sala Pompeiana<\/a>, della prima met\u00e0 dell&#8217;Ottocento, decorate con pitture di\u00a0<a title=\"Giuseppe Patania\" href=\"https:\/\/it.wikipedia.org\/wiki\/Giuseppe_Patania\">Giuseppe Patania<\/a>\u00a0e\u00a0<a class=\"new\" title=\"Giovanni Patricolo (la pagina non esiste)\" href=\"https:\/\/it.wikipedia.org\/w\/index.php?title=Giovanni_Patricolo&amp;action=edit&amp;redlink=1\">Giovanni Patricolo<\/a>, ambienti che costituivano gli appartamenti privati della regina\u00a0<a title=\"Maria Carolina d'Asburgo-Lorena\" href=\"https:\/\/it.wikipedia.org\/wiki\/Maria_Carolina_d%27Asburgo-Lorena\">Maria Carolina di Borbone<\/a>.<\/p>\n<div class=\"mw-heading mw-heading4\">\n<h4 id=\"Le_altre_torri\">Le altre torri<\/h4>\n<p><span class=\"mw-editsection\"><span class=\"mw-editsection-bracket\">[<\/span><a class=\"mw-editsection-visualeditor\" title=\"Modifica la sezione Le altre torri\" href=\"https:\/\/it.wikipedia.org\/w\/index.php?title=Palazzo_dei_Normanni&amp;veaction=edit&amp;section=16\">modifica<\/a><span class=\"mw-editsection-divider\">\u00a0|\u00a0<\/span><a title=\"Edit section's source code: Le altre torri\" href=\"https:\/\/it.wikipedia.org\/w\/index.php?title=Palazzo_dei_Normanni&amp;action=edit&amp;section=16\">modifica wikitesto<\/a><span class=\"mw-editsection-bracket\">]<\/span><\/span><\/p>\n<\/div>\n<ul>\n<li><b>Torre Joharia<\/b>.\u00a0<i>Torre Joharia<\/i>\u00a0o\u00a0<i>Torre Gioaria<\/i>\u00a0&#8211; dall&#8217;arabo\u00a0<i>aljawhariyya<\/i>, ingioiellata &#8211; altrimenti conosciuta come\u00a0<i>Torre del Tesoro<\/i>, eretta da\u00a0<a title=\"Ruggero II di Sicilia\" href=\"https:\/\/it.wikipedia.org\/wiki\/Ruggero_II_di_Sicilia\">Ruggero II di Sicilia<\/a>.<sup id=\"cite_ref-ReferenceE_14-3\" class=\"reference\"><a href=\"https:\/\/it.wikipedia.org\/wiki\/Palazzo_dei_Normanni#cite_note-ReferenceE-14\"><span class=\"cite-bracket\">[<\/span>14<span class=\"cite-bracket\">]<\/span><\/a><\/sup>\u00a0Presenta la maggior quantit\u00e0 di ornamenti, risplendente per la magnificenza delle pi\u00f9 svariate decorazioni, il re era solito frequentare per gli abbandoni all&#8217;ozio e alla quiete. Il livello inferiore \u00e8 occupato dalla\u00a0<a href=\"https:\/\/it.wikipedia.org\/wiki\/Palazzo_dei_Normanni#Sala_degli_Armigeri\">Sala degli Armigeri<\/a>. Al piano superiore \u00e8 ubicata la\u00a0<a href=\"https:\/\/it.wikipedia.org\/wiki\/Palazzo_dei_Normanni#Sala_dei_Venti\">Sala dei Venti<\/a>, ad est si accede alla\u00a0<a href=\"https:\/\/it.wikipedia.org\/wiki\/Palazzo_dei_Normanni#Sala_di_Ruggero\">Sala di Ruggero<\/a>.<\/li>\n<li><b>Torre Chirimbi<\/b>.\u00a0<i>Torre Chirimbi<\/i>\u00a0o\u00a0<i>Torre Carimbri<\/i>, edificata da re\u00a0<a title=\"Guglielmo I di Sicilia\" href=\"https:\/\/it.wikipedia.org\/wiki\/Guglielmo_I_di_Sicilia\">Guglielmo I di Sicilia<\/a>.<sup id=\"cite_ref-ReferenceE_14-4\" class=\"reference\"><a href=\"https:\/\/it.wikipedia.org\/wiki\/Palazzo_dei_Normanni#cite_note-ReferenceE-14\"><span class=\"cite-bracket\">[<\/span>14<span class=\"cite-bracket\">]<\/span><\/a><\/sup>\u00a0Demolita.<\/li>\n<li><b>Torre Greca<\/b>.\u00a0<i>Torre Greca<\/i>\u00a0o\u00a0<i>Torre Rossa<\/i>, detta anche\u00a0<i>Torre Kemonia<\/i>\u00a0per la posizione, costruzione fatta edificare in mattoni di laterizi da maestranze greche, da cui il nome, sul prospetto meridionale per volere del\u00a0<a class=\"mw-redirect\" title=\"Gran Conte Ruggero\" href=\"https:\/\/it.wikipedia.org\/wiki\/Gran_Conte_Ruggero\">Gran Conte Ruggero<\/a>.<sup id=\"cite_ref-ReferenceE_14-5\" class=\"reference\"><a href=\"https:\/\/it.wikipedia.org\/wiki\/Palazzo_dei_Normanni#cite_note-ReferenceE-14\"><span class=\"cite-bracket\">[<\/span>14<span class=\"cite-bracket\">]<\/span><\/a><\/sup>\u00a0Nel 1550 il\u00a0<a title=\"Vicer\u00e9 di Sicilia\" href=\"https:\/\/it.wikipedia.org\/wiki\/Vicer%C3%A9_di_Sicilia\">vicer\u00e9 di Sicilia<\/a>\u00a0<a title=\"Juan de Vega\" href=\"https:\/\/it.wikipedia.org\/wiki\/Juan_de_Vega\">Juan de Vega<\/a>\u00a0la demol\u00ec per effettuare un restauro.<sup id=\"cite_ref-ReferenceTF455_2-3\" class=\"reference\"><a href=\"https:\/\/it.wikipedia.org\/wiki\/Palazzo_dei_Normanni#cite_note-ReferenceTF455-2\"><span class=\"cite-bracket\">[<\/span>2<span class=\"cite-bracket\">]<\/span><\/a><\/sup><sup id=\"cite_ref-ReferenceF_21-1\" class=\"reference\"><a href=\"https:\/\/it.wikipedia.org\/wiki\/Palazzo_dei_Normanni#cite_note-ReferenceF-21\"><span class=\"cite-bracket\">[<\/span>21<span class=\"cite-bracket\">]<\/span><\/a><\/sup><\/li>\n<\/ul>\n<div class=\"mw-heading mw-heading2\">\n<h2 id=\"Interno\">Interno<\/h2>\n<p><span class=\"mw-editsection\"><span class=\"mw-editsection-bracket\">[<\/span><a class=\"mw-editsection-visualeditor\" title=\"Modifica la sezione Interno\" href=\"https:\/\/it.wikipedia.org\/w\/index.php?title=Palazzo_dei_Normanni&amp;veaction=edit&amp;section=17\">modifica<\/a><span class=\"mw-editsection-divider\">\u00a0|\u00a0<\/span><a title=\"Edit section's source code: Interno\" href=\"https:\/\/it.wikipedia.org\/w\/index.php?title=Palazzo_dei_Normanni&amp;action=edit&amp;section=17\">modifica wikitesto<\/a><span class=\"mw-editsection-bracket\">]<\/span><\/span><\/p>\n<\/div>\n<div class=\"mw-heading mw-heading3\">\n<h3 id=\"Piano_Parlamentare\">Piano Parlamentare<\/h3>\n<p><span class=\"mw-editsection\"><span class=\"mw-editsection-bracket\">[<\/span><a class=\"mw-editsection-visualeditor\" title=\"Modifica la sezione Piano Parlamentare\" href=\"https:\/\/it.wikipedia.org\/w\/index.php?title=Palazzo_dei_Normanni&amp;veaction=edit&amp;section=18\">modifica<\/a><span class=\"mw-editsection-divider\">\u00a0|\u00a0<\/span><a title=\"Edit section's source code: Piano Parlamentare\" href=\"https:\/\/it.wikipedia.org\/w\/index.php?title=Palazzo_dei_Normanni&amp;action=edit&amp;section=18\">modifica wikitesto<\/a><span class=\"mw-editsection-bracket\">]<\/span><\/span><\/p>\n<\/div>\n<p>Al secondo livello del Loggiato di Cortile Maqueda \u00e8 permesso l&#8217;accesso al Piano Parlamentare che, attraverso il Corridoio Mattarella, consente il percorso fra gli ambienti degli appartamenti reali &#8211; secondo le note documentali, gli appartamenti della regina e del principe ereditario &#8211; ubicati nel plesso rinascimentale, mentre\u00a0<a href=\"https:\/\/it.wikipedia.org\/wiki\/Palazzo_dei_Normanni#Sala_dei_Venti\">Sala dei Venti<\/a>\u00a0e\u00a0<a href=\"https:\/\/it.wikipedia.org\/wiki\/Palazzo_dei_Normanni#Sala_Ruggero\">Sala Ruggero<\/a>\u00a0sono dislocati nella\u00a0<a href=\"https:\/\/it.wikipedia.org\/wiki\/Palazzo_dei_Normanni#Torre_Joaria\">Torre Joaria<\/a>.<\/p>\n<ul>\n<li><a href=\"https:\/\/it.wikipedia.org\/wiki\/Palazzo_dei_Normanni#Corridoio_Mattarella\">Corridoio Mattarella<\/a>,\u00a0<a href=\"https:\/\/it.wikipedia.org\/wiki\/Palazzo_dei_Normanni#Sala_d'Ercole\">Sala d&#8217;Ercole<\/a>,\u00a0<a href=\"https:\/\/it.wikipedia.org\/wiki\/Palazzo_dei_Normanni#Sala_dei_Vicer%C3%A9\">Sala dei Vicer\u00e9<\/a>\u00a0o\u00a0<i>Transatlantico<\/i>,\u00a0<a href=\"https:\/\/it.wikipedia.org\/wiki\/Palazzo_dei_Normanni#Ex_appartamenti_reali\">Sala ex Presidenti<\/a>,\u00a0<a href=\"https:\/\/it.wikipedia.org\/wiki\/Palazzo_dei_Normanni#Ex_appartamenti_reali\">Sala Pompeiana<\/a>\u00a0o\u00a0<i>Salotto Regina Carolina<\/i>,\u00a0<a href=\"https:\/\/it.wikipedia.org\/wiki\/Palazzo_dei_Normanni#Ex_appartamenti_reali\">Sala Gregorietti<\/a>,\u00a0<a href=\"https:\/\/it.wikipedia.org\/wiki\/Palazzo_dei_Normanni#Ex_appartamenti_reali\">Sala Cinese<\/a>\u00a0o\u00a0<i>Sala Lettura<\/i>,\u00a0<a href=\"https:\/\/it.wikipedia.org\/wiki\/Palazzo_dei_Normanni#Ex_appartamenti_reali\">Salottino Savoia<\/a>,\u00a0<a href=\"https:\/\/it.wikipedia.org\/wiki\/Palazzo_dei_Normanni#Ex_appartamenti_reali\">Salottino del Monetario<\/a>, Sala di Federico,\u00a0<a href=\"https:\/\/it.wikipedia.org\/wiki\/Palazzo_dei_Normanni#Ex_appartamenti_reali\">Salottino del Presidente<\/a>,\u00a0<a href=\"https:\/\/it.wikipedia.org\/wiki\/Palazzo_dei_Normanni#Sala_dei_Venti\">Sala dei Venti<\/a>,\u00a0<a href=\"https:\/\/it.wikipedia.org\/wiki\/Palazzo_dei_Normanni#Sala_Ruggero\">Sala Ruggero<\/a>,\u00a0<a href=\"https:\/\/it.wikipedia.org\/wiki\/Palazzo_dei_Normanni#Ex_appartamenti_reali\">Sala della Preghiera<\/a>,\u00a0<a href=\"https:\/\/it.wikipedia.org\/wiki\/Palazzo_dei_Normanni#Ex_appartamenti_reali\">Sala dei Paesaggi Siciliani<\/a>,\u00a0<a href=\"https:\/\/it.wikipedia.org\/wiki\/Palazzo_dei_Normanni#Ex_appartamenti_reali\">Sala Bianca<\/a>\u00a0o\u00a0<i>Sala Stampa<\/i>,\u00a0<a href=\"https:\/\/it.wikipedia.org\/wiki\/Palazzo_dei_Normanni#Sala_Rossa\">Sala Rossa<\/a>,\u00a0<a href=\"https:\/\/it.wikipedia.org\/wiki\/Palazzo_dei_Normanni#Sala_Gialla\">Sala Gialla<\/a>\u00a0o\u00a0<i>Salone da Ballo<\/i>, Sala Verde.<\/li>\n<\/ul>\n<div class=\"mw-heading mw-heading4\">\n<h4 id=\"Corridoio_Mattarella\">Corridoio Mattarella<\/h4>\n<p><span class=\"mw-editsection\"><span class=\"mw-editsection-bracket\">[<\/span><a class=\"mw-editsection-visualeditor\" title=\"Modifica la sezione Corridoio Mattarella\" href=\"https:\/\/it.wikipedia.org\/w\/index.php?title=Palazzo_dei_Normanni&amp;veaction=edit&amp;section=19\">modifica<\/a><span class=\"mw-editsection-divider\">\u00a0|\u00a0<\/span><a title=\"Edit section's source code: Corridoio Mattarella\" href=\"https:\/\/it.wikipedia.org\/w\/index.php?title=Palazzo_dei_Normanni&amp;action=edit&amp;section=19\">modifica wikitesto<\/a><span class=\"mw-editsection-bracket\">]<\/span><\/span><\/p>\n<\/div>\n<p>Ambiente di collegamento degli ambienti della primitiva\u00a0<i>Galleria<\/i>. All&#8217;ingresso \u00e8 collocato il quadro, olio su tela, opera del pittore siciliano\u00a0<a title=\"Giuseppe Sciuti\" href=\"https:\/\/it.wikipedia.org\/wiki\/Giuseppe_Sciuti\">Giuseppe Sciuti<\/a>\u00a0del\u00a0<a title=\"1901\" href=\"https:\/\/it.wikipedia.org\/wiki\/1901\">1901<\/a>\u00a0raffigurante l&#8217;<i>Allegoria dell&#8217;agricoltura, dell&#8217;industria e dell&#8217;economia<\/i>, lungo il percorso \u00e8 presente una grande statua in bronzo raffigurante\u00a0<i>Archimede<\/i>, opera dell&#8217;artista palermitano\u00a0<a title=\"Benedetto Civiletti\" href=\"https:\/\/it.wikipedia.org\/wiki\/Benedetto_Civiletti\">Benedetto Civiletti<\/a>, eseguita nel 1893 su commissione di re Umberto I. Un altro acquisto del sovrano all&#8217;Esposizione Nazionale di Palermo del\u00a0<a title=\"1891\" href=\"https:\/\/it.wikipedia.org\/wiki\/1891\">1891<\/a>\u00a0\u00e8 un olio su tela raffigurante la\u00a0<i>Battaglia di Dogali<\/i>, opera firmata dal pittore romano\u00a0<a title=\"Cesare Biseo\" href=\"https:\/\/it.wikipedia.org\/wiki\/Cesare_Biseo\">Cesare Biseo<\/a>\u00a0del\u00a0<a title=\"1887\" href=\"https:\/\/it.wikipedia.org\/wiki\/1887\">1887<\/a>.<\/p>\n<div class=\"mw-heading mw-heading4\">\n<h4 id=\"Sala_d'Ercole\"><span id=\"Sala_d.27Ercole\"><\/span>Sala d&#8217;Ercole<\/h4>\n<p><span class=\"mw-editsection\"><span class=\"mw-editsection-bracket\">[<\/span><a class=\"mw-editsection-visualeditor\" title=\"Modifica la sezione Sala d'Ercole\" href=\"https:\/\/it.wikipedia.org\/w\/index.php?title=Palazzo_dei_Normanni&amp;veaction=edit&amp;section=20\">modifica<\/a><span class=\"mw-editsection-divider\">\u00a0|\u00a0<\/span><a title=\"Edit section's source code: Sala d'Ercole\" href=\"https:\/\/it.wikipedia.org\/w\/index.php?title=Palazzo_dei_Normanni&amp;action=edit&amp;section=20\">modifica wikitesto<\/a><span class=\"mw-editsection-bracket\">]<\/span><\/span><\/p>\n<\/div>\n<figure><a class=\"mw-file-description\" href=\"https:\/\/it.wikipedia.org\/wiki\/File:%22Hier_residierten_die_normannischen_K%C3%B6nige_Siziliens.%22_09.jpg\"><img loading=\"lazy\" decoding=\"async\" class=\"mw-file-element\" src=\"https:\/\/upload.wikimedia.org\/wikipedia\/commons\/thumb\/b\/b8\/%22Hier_residierten_die_normannischen_K%C3%B6nige_Siziliens.%22_09.jpg\/280px-%22Hier_residierten_die_normannischen_K%C3%B6nige_Siziliens.%22_09.jpg\" srcset=\"\/\/upload.wikimedia.org\/wikipedia\/commons\/thumb\/b\/b8\/%22Hier_residierten_die_normannischen_K%C3%B6nige_Siziliens.%22_09.jpg\/420px-%22Hier_residierten_die_normannischen_K%C3%B6nige_Siziliens.%22_09.jpg 1.5x, \/\/upload.wikimedia.org\/wikipedia\/commons\/thumb\/b\/b8\/%22Hier_residierten_die_normannischen_K%C3%B6nige_Siziliens.%22_09.jpg\/560px-%22Hier_residierten_die_normannischen_K%C3%B6nige_Siziliens.%22_09.jpg 2x\" width=\"280\" height=\"187\" data-file-width=\"5906\" data-file-height=\"3938\" \/><\/a>\n<figcaption><i>Sala d&#8217;Ercole<\/i>, l&#8217;aula parlamentare.<\/figcaption>\n<\/figure>\n<p><i>Sala del Parlamento<\/i>\u00a0conosciuta come\u00a0<i>Sala d&#8217;Ercole<\/i><sup id=\"cite_ref-Vincenzo_Mortillaro-36_7-2\" class=\"reference\"><a href=\"https:\/\/it.wikipedia.org\/wiki\/Palazzo_dei_Normanni#cite_note-Vincenzo_Mortillaro-36-7\"><span class=\"cite-bracket\">[<\/span>7<span class=\"cite-bracket\">]<\/span><\/a><\/sup>\u00a0perch\u00e9 vi si riunivano negli ultimi secoli del\u00a0<a title=\"Regno di Sicilia\" href=\"https:\/\/it.wikipedia.org\/wiki\/Regno_di_Sicilia\">Regno di Sicilia<\/a>\u00a0i membri del\u00a0<a class=\"mw-redirect\" title=\"Parlamento siciliano\" href=\"https:\/\/it.wikipedia.org\/wiki\/Parlamento_siciliano\">Parlamento siciliano<\/a>.<\/p>\n<p>Nel\u00a0<a title=\"1799\" href=\"https:\/\/it.wikipedia.org\/wiki\/1799\">1799<\/a>\u00a0<a title=\"Giuseppe Velasco\" href=\"https:\/\/it.wikipedia.org\/wiki\/Giuseppe_Velasco\">Giuseppe Velasco<\/a>,<sup id=\"cite_ref-Vincenzo_Mortillaro-36_7-3\" class=\"reference\"><a href=\"https:\/\/it.wikipedia.org\/wiki\/Palazzo_dei_Normanni#cite_note-Vincenzo_Mortillaro-36-7\"><span class=\"cite-bracket\">[<\/span>7<span class=\"cite-bracket\">]<\/span><\/a><\/sup>\u00a0pittore figurista, su commissione di\u00a0<a class=\"mw-redirect\" title=\"Ferdinando III di Borbone\" href=\"https:\/\/it.wikipedia.org\/wiki\/Ferdinando_III_di_Borbone\">Ferdinando III di Borbone<\/a>\u00a0decor\u00f2 a tempera le pareti della sala con alcune tra le dodici\u00a0<i><a class=\"mw-redirect\" title=\"Fatiche di Ercole\" href=\"https:\/\/it.wikipedia.org\/wiki\/Fatiche_di_Ercole\">Fatiche di Ercole<\/a><\/i>.<sup id=\"cite_ref-36\" class=\"reference\"><a href=\"https:\/\/it.wikipedia.org\/wiki\/Palazzo_dei_Normanni#cite_note-36\"><span class=\"cite-bracket\">[<\/span>36<span class=\"cite-bracket\">]<\/span><\/a><\/sup>\u00a0Sulla volta si ammirano: la\u00a0<i>Nascita di Ercole<\/i>, la scena\u00a0<i>Ercole si d\u00e0 la morte facendosi bruciare su una pira ardente<\/i>\u00a0e la monumentale\u00a0<i>Apoteosi<\/i>\u00a0dell&#8217;eroe mitologico greco. Le decorazioni a\u00a0<i><a title=\"Grottesca\" href=\"https:\/\/it.wikipedia.org\/wiki\/Grottesca\">grottesca<\/a><\/i>\u00a0e le\u00a0<i><a title=\"Candelabra\" href=\"https:\/\/it.wikipedia.org\/wiki\/Candelabra\">candelabra<\/a><\/i>\u00a0in stile neoclassico pompeiano furono dipinte dal pittore ornatista\u00a0<a class=\"new\" title=\"Benedetto Codardi (la pagina non esiste)\" href=\"https:\/\/it.wikipedia.org\/w\/index.php?title=Benedetto_Codardi&amp;action=edit&amp;redlink=1\">Benedetto Codardi<\/a>. Nell&#8217;ambiente si riuniscono dal 1947 i deputati dell&#8217;<a class=\"mw-redirect\" title=\"Assemblea Regionale Siciliana\" href=\"https:\/\/it.wikipedia.org\/wiki\/Assemblea_Regionale_Siciliana\">Assemblea Regionale Siciliana<\/a>, i quali costituiscono l&#8217;organo legislativo della regione.<\/p>\n<p>Ha la funzione di anticamera al\u00a0<i>Salone d&#8217;Ercole<\/i>\u00a0la\u00a0<i>Sala di Archimede<\/i>. La sala prende il nome dall&#8217;omonima statua, ed \u00e8 ricavata negli antichi ambienti medievali che collegavano lo scalone d&#8217;onore alla cinquecentesca\u00a0<i>Sala dei Parlamenti<\/i>.<\/p>\n<div class=\"mw-heading mw-heading4\">\n<h4 id=\"Sala_dei_Vicer\u00e9\"><span id=\"Sala_dei_Vicer.C3.A9\"><\/span>Sala dei Vicer\u00e9<\/h4>\n<p><span class=\"mw-editsection\"><span class=\"mw-editsection-bracket\">[<\/span><a class=\"mw-editsection-visualeditor\" title=\"Modifica la sezione Sala dei Vicer\u00e9\" href=\"https:\/\/it.wikipedia.org\/w\/index.php?title=Palazzo_dei_Normanni&amp;veaction=edit&amp;section=21\">modifica<\/a><span class=\"mw-editsection-divider\">\u00a0|\u00a0<\/span><a title=\"Edit section's source code: Sala dei Vicer\u00e9\" href=\"https:\/\/it.wikipedia.org\/w\/index.php?title=Palazzo_dei_Normanni&amp;action=edit&amp;section=21\">modifica wikitesto<\/a><span class=\"mw-editsection-bracket\">]<\/span><\/span><\/p>\n<\/div>\n<p>Il nome dell&#8217;ambiente deriva dalla presenza di 21 ritratti collocati alle pareti raffiguranti rispettivamente:\u00a0<a title=\"Vicer\u00e9 di Sicilia\" href=\"https:\/\/it.wikipedia.org\/wiki\/Vicer%C3%A9_di_Sicilia\">vicer\u00e9 di Sicilia<\/a>,\u00a0<a class=\"mw-redirect\" title=\"Luogotenenti\" href=\"https:\/\/it.wikipedia.org\/wiki\/Luogotenenti\">luogotenenti<\/a>\u00a0e Presidenti del\u00a0<a title=\"Regno di Sicilia\" href=\"https:\/\/it.wikipedia.org\/wiki\/Regno_di_Sicilia\">Regno di Sicilia<\/a>\u00a0e delle\u00a0<a title=\"Due Sicilie\" href=\"https:\/\/it.wikipedia.org\/wiki\/Due_Sicilie\">Due Sicilie<\/a>.<sup id=\"cite_ref-Vincenzo_Mortillaro-36_7-4\" class=\"reference\"><a href=\"https:\/\/it.wikipedia.org\/wiki\/Palazzo_dei_Normanni#cite_note-Vincenzo_Mortillaro-36-7\"><span class=\"cite-bracket\">[<\/span>7<span class=\"cite-bracket\">]<\/span><\/a><\/sup>\u00a0Altrimenti noto come\u00a0<i>Transatlantico<\/i>.<\/p>\n<figure class=\"mw-halign-left\"><a class=\"mw-file-description\" href=\"https:\/\/it.wikipedia.org\/wiki\/File:%2B_Residenz_der_normannischen_K%C3%B6nige_in_Palermo._08.jpg\"><img loading=\"lazy\" decoding=\"async\" class=\"mw-file-element\" src=\"https:\/\/upload.wikimedia.org\/wikipedia\/commons\/thumb\/7\/7f\/%2B_Residenz_der_normannischen_K%C3%B6nige_in_Palermo._08.jpg\/280px-%2B_Residenz_der_normannischen_K%C3%B6nige_in_Palermo._08.jpg\" srcset=\"\/\/upload.wikimedia.org\/wikipedia\/commons\/thumb\/7\/7f\/%2B_Residenz_der_normannischen_K%C3%B6nige_in_Palermo._08.jpg\/420px-%2B_Residenz_der_normannischen_K%C3%B6nige_in_Palermo._08.jpg 1.5x, \/\/upload.wikimedia.org\/wikipedia\/commons\/thumb\/7\/7f\/%2B_Residenz_der_normannischen_K%C3%B6nige_in_Palermo._08.jpg\/560px-%2B_Residenz_der_normannischen_K%C3%B6nige_in_Palermo._08.jpg 2x\" width=\"280\" height=\"187\" data-file-width=\"5906\" data-file-height=\"3940\" \/><\/a>\n<figcaption>La sala dei Vicer\u00e9<\/figcaption>\n<\/figure>\n<p>Alla stessa stregua delle raccolte di\u00a0<a title=\"Palazzo della Ribeira\" href=\"https:\/\/it.wikipedia.org\/wiki\/Palazzo_della_Ribeira\">Pa\u00e7o da Ribeira<\/a>\u00a0di\u00a0<a title=\"Lisbona\" href=\"https:\/\/it.wikipedia.org\/wiki\/Lisbona\">Lisbona<\/a>, del\u00a0<a title=\"Monastero de las Descalzas Reales\" href=\"https:\/\/it.wikipedia.org\/wiki\/Monastero_de_las_Descalzas_Reales\">Monastero de las Descalzas Reales<\/a>\u00a0di\u00a0<a title=\"Madrid\" href=\"https:\/\/it.wikipedia.org\/wiki\/Madrid\">Madrid<\/a>, del\u00a0<a class=\"new\" title=\"Palacio del Real de Valencia (la pagina non esiste)\" href=\"https:\/\/it.wikipedia.org\/w\/index.php?title=Palacio_del_Real_de_Valencia&amp;action=edit&amp;redlink=1\">Palacio del Real<\/a>\u00a0di\u00a0<a title=\"Valencia\" href=\"https:\/\/it.wikipedia.org\/wiki\/Valencia\">Valencia<\/a>, del\u00a0<a title=\"Real Alc\u00e1zar di Madrid\" href=\"https:\/\/it.wikipedia.org\/wiki\/Real_Alc%C3%A1zar_di_Madrid\">Real Alc\u00e1zar di Madrid<\/a>, del\u00a0<a title=\"Monastero dell'Escorial\" href=\"https:\/\/it.wikipedia.org\/wiki\/Monastero_dell%27Escorial\">monastero dell&#8217;Escorial<\/a>\u00a0di\u00a0<a title=\"Madrid\" href=\"https:\/\/it.wikipedia.org\/wiki\/Madrid\">Madrid<\/a>, di\u00a0<a title=\"Palazzo Reale di El Pardo\" href=\"https:\/\/it.wikipedia.org\/wiki\/Palazzo_Reale_di_El_Pardo\">Palazzo Reale di El Pardo<\/a>\u00a0di\u00a0<a title=\"Madrid\" href=\"https:\/\/it.wikipedia.org\/wiki\/Madrid\">Madrid<\/a>, di\u00a0<a title=\"Museo di Giovio a Borgovico\" href=\"https:\/\/it.wikipedia.org\/wiki\/Museo_di_Giovio_a_Borgovico\">Villa Gallia<\/a>\u00a0di\u00a0<a title=\"Paolo Giovio\" href=\"https:\/\/it.wikipedia.org\/wiki\/Paolo_Giovio\">Paolo Giovio<\/a>\u00a0a\u00a0<a title=\"Como\" href=\"https:\/\/it.wikipedia.org\/wiki\/Como\">Borgovico<\/a>, di\u00a0<a title=\"Palazzo di Margherita d'Austria\" href=\"https:\/\/it.wikipedia.org\/wiki\/Palazzo_di_Margherita_d%27Austria\">Palazzo di Margherita d&#8217;Austria<\/a>\u00a0di\u00a0<a title=\"Malines\" href=\"https:\/\/it.wikipedia.org\/wiki\/Malines\">Malines<\/a>, della residenza di\u00a0<a title=\"Binche\" href=\"https:\/\/it.wikipedia.org\/wiki\/Binche\">Binche<\/a>, anche i vicer\u00e9 e i governatori della\u00a0<a title=\"Casa d'Asburgo\" href=\"https:\/\/it.wikipedia.org\/wiki\/Casa_d%27Asburgo\">casa d&#8217;Asburgo<\/a>\u00a0iniziarono ad arredare, a partire dalla fine del\u00a0<a title=\"XVI secolo\" href=\"https:\/\/it.wikipedia.org\/wiki\/XVI_secolo\">XVI secolo<\/a>\u00a0le gallerie del\u00a0<a title=\"Palazzo Reale (Napoli)\" href=\"https:\/\/it.wikipedia.org\/wiki\/Palazzo_Reale_(Napoli)\">palazzo reale<\/a>\u00a0di\u00a0<a title=\"Napoli\" href=\"https:\/\/it.wikipedia.org\/wiki\/Napoli\">Napoli<\/a>\u00a0e Palermo.<sup id=\"cite_ref-ReferenceZ_37-0\" class=\"reference\"><a href=\"https:\/\/it.wikipedia.org\/wiki\/Palazzo_dei_Normanni#cite_note-ReferenceZ-37\"><span class=\"cite-bracket\">[<\/span>37<span class=\"cite-bracket\">]<\/span><\/a><\/sup><\/p>\n<figure class=\"mw-default-size\"><a class=\"mw-file-description\" href=\"https:\/\/it.wikipedia.org\/wiki\/File:Galeria_de_Palermo.jpg\"><img loading=\"lazy\" decoding=\"async\" class=\"mw-file-element\" src=\"https:\/\/upload.wikimedia.org\/wikipedia\/commons\/thumb\/e\/e9\/Galeria_de_Palermo.jpg\/220px-Galeria_de_Palermo.jpg\" srcset=\"\/\/upload.wikimedia.org\/wikipedia\/commons\/thumb\/e\/e9\/Galeria_de_Palermo.jpg\/330px-Galeria_de_Palermo.jpg 1.5x, \/\/upload.wikimedia.org\/wikipedia\/commons\/thumb\/e\/e9\/Galeria_de_Palermo.jpg\/440px-Galeria_de_Palermo.jpg 2x\" width=\"220\" height=\"162\" data-file-width=\"1173\" data-file-height=\"864\" \/><\/a>\n<figcaption>La\u00a0<i>Galleria di Palazzo<\/i>\u00a0cos\u00ec come si presentava nel 1686. I ritratti dei\u00a0<a title=\"Vicer\u00e9 di Sicilia\" href=\"https:\/\/it.wikipedia.org\/wiki\/Vicer%C3%A9_di_Sicilia\">vicer\u00e9<\/a>\u00a0risultano dispersi.<sup id=\"cite_ref-38\" class=\"reference\"><a href=\"https:\/\/it.wikipedia.org\/wiki\/Palazzo_dei_Normanni#cite_note-38\"><span class=\"cite-bracket\">[<\/span>38<span class=\"cite-bracket\">]<\/span><\/a><\/sup><\/figcaption>\n<\/figure>\n<p>La disposizione dei ritratti all&#8217;interno della galleria operata dal\u00a0<a title=\"Manuel de Benavides y Arag\u00f3n\" href=\"https:\/\/it.wikipedia.org\/wiki\/Manuel_de_Benavides_y_Arag%C3%B3n\">Manuel de Benavides y Arag\u00f3n<\/a>, conte di Santisteban, risale ai tempi del\u00a0<a title=\"Vicer\u00e9 di Sicilia\" href=\"https:\/\/it.wikipedia.org\/wiki\/Vicer%C3%A9_di_Sicilia#Vicer%C3%A9_di_Filippo_II_di_Sicilia_(1598-1621)\">Bernardino de Cardenas y Portugal<\/a>, duca di Maqueda, e annoverava trentasette ritratti di vicer\u00e9, da\u00a0<a title=\"Vicer\u00e9 di Sicilia\" href=\"https:\/\/it.wikipedia.org\/wiki\/Vicer%C3%A9_di_Sicilia#Vicer%C3%A9_di_Ferdinando_II_di_Aragona_(1479-1516)\">Fernando de Acu\u00f1a y de Herrera<\/a>, conte di Buend\u00eda, fino allo stesso Manuel de Benavides y Arag\u00f3n.<sup id=\"cite_ref-ReferenceZ_37-1\" class=\"reference\"><a href=\"https:\/\/it.wikipedia.org\/wiki\/Palazzo_dei_Normanni#cite_note-ReferenceZ-37\"><span class=\"cite-bracket\">[<\/span>37<span class=\"cite-bracket\">]<\/span><\/a><\/sup><\/p>\n<p>Probabilmente fu sostituita l&#8217;originale decorazione degli inizi del\u00a0<a title=\"XVII secolo\" href=\"https:\/\/it.wikipedia.org\/wiki\/XVII_secolo\">XVII secolo<\/a>, come ci suggerisce la descrizione della cerimonia per le nozze di donna\u00a0<a title=\"Giovanna d'Austria\" href=\"https:\/\/it.wikipedia.org\/wiki\/Giovanna_d%27Austria\">Giovanna d&#8217;Austria<\/a>, figlia di\u00a0<a title=\"Giovanni d'Austria\" href=\"https:\/\/it.wikipedia.org\/wiki\/Giovanni_d%27Austria\">Giovanni d&#8217;Austria<\/a>\u00a0e nipote di\u00a0<a title=\"Carlo V d'Asburgo\" href=\"https:\/\/it.wikipedia.org\/wiki\/Carlo_V_d%27Asburgo\">Carlo V d&#8217;Asburgo<\/a>, con\u00a0<a title=\"Branciforte\" href=\"https:\/\/it.wikipedia.org\/wiki\/Branciforte\">Francesco Branciforte<\/a>, principe di Pietraperzia.<sup id=\"cite_ref-ReferenceZ_37-2\" class=\"reference\"><a href=\"https:\/\/it.wikipedia.org\/wiki\/Palazzo_dei_Normanni#cite_note-ReferenceZ-37\"><span class=\"cite-bracket\">[<\/span>37<span class=\"cite-bracket\">]<\/span><\/a><\/sup>\u00a0Pi\u00f9 tardi nel\u00a0<a title=\"1640\" href=\"https:\/\/it.wikipedia.org\/wiki\/1640\">1640<\/a>\u00a0l&#8217;ambiente presentava un ciclo di affreschi raffigurante le\u00a0<i>Storie della vita di San Francesco d&#8217;Assisi e Sant&#8217;Antonio di Padova<\/i>, opere realizzate da\u00a0<a title=\"Pietro Novelli\" href=\"https:\/\/it.wikipedia.org\/wiki\/Pietro_Novelli\">Pietro Novelli<\/a>,<sup id=\"cite_ref-Vincenzo_Mortillaro-34_1-3\" class=\"reference\"><a href=\"https:\/\/it.wikipedia.org\/wiki\/Palazzo_dei_Normanni#cite_note-Vincenzo_Mortillaro-34-1\"><span class=\"cite-bracket\">[<\/span>1<span class=\"cite-bracket\">]<\/span><\/a><\/sup>\u00a0i cui frammenti superstiti, trasferiti su tela, sono custoditi nella\u00a0<a title=\"Palazzo Abatellis\" href=\"https:\/\/it.wikipedia.org\/wiki\/Palazzo_Abatellis\">Galleria regionale di Palazzo Abatellis<\/a>. Fra le poche raffigurazioni d&#8217;epoca della Galleria, la tavola inserita nel codice illustrato &#8220;<i>Teatro Geografico antiguo y moderno del Reyno de Sicilia<\/i>&#8220;, completato il 1 maggio del 1686 che mostra la sala della galleria ai tempi del vicer\u00e9 conte di Santisteban.<sup id=\"cite_ref-ReferenceZ_37-3\" class=\"reference\"><a href=\"https:\/\/it.wikipedia.org\/wiki\/Palazzo_dei_Normanni#cite_note-ReferenceZ-37\"><span class=\"cite-bracket\">[<\/span>37<span class=\"cite-bracket\">]<\/span><\/a><\/sup><sup id=\"cite_ref-39\" class=\"reference\"><a href=\"https:\/\/it.wikipedia.org\/wiki\/Palazzo_dei_Normanni#cite_note-39\"><span class=\"cite-bracket\">[<\/span>39<span class=\"cite-bracket\">]<\/span><\/a><\/sup><\/p>\n<p>La cerimonia d&#8217;incoronazione di\u00a0<a title=\"Carlo III di Spagna\" href=\"https:\/\/it.wikipedia.org\/wiki\/Carlo_III_di_Spagna\">Carlo III di Borbone<\/a>\u00a0a Palermo del 1735 documentata da\u00a0<a title=\"Antonio Mongitore\" href=\"https:\/\/it.wikipedia.org\/wiki\/Antonio_Mongitore\">Antonio Mongitore<\/a>, contempla nella Galleria i ritratti dei\u00a0<a title=\"Sovrani di Sicilia\" href=\"https:\/\/it.wikipedia.org\/wiki\/Sovrani_di_Sicilia\">sovrani siciliani<\/a>\u00a0da\u00a0<a class=\"mw-redirect\" title=\"Ruggero II\" href=\"https:\/\/it.wikipedia.org\/wiki\/Ruggero_II\">Ruggero II<\/a>\u00a0a\u00a0<a title=\"Carlo II di Spagna\" href=\"https:\/\/it.wikipedia.org\/wiki\/Carlo_II_di_Spagna\">Carlo II<\/a>, mentre relega i ritratti dei vicer\u00e9 asburgici nelle restanti sale del palazzo. Il nobile palermitano\u00a0<a title=\"Francesco Maria Emanuele Gaetani\" href=\"https:\/\/it.wikipedia.org\/wiki\/Francesco_Maria_Emanuele_Gaetani\">Francesco Maria Emanuele Gaetani<\/a>, marchese di Villabianca, riporta che i ritratti delle anticamere sono gli originali raccolti da Manuel de Benavides y Arag\u00f3n.<sup id=\"cite_ref-ReferenceZ_37-4\" class=\"reference\"><a href=\"https:\/\/it.wikipedia.org\/wiki\/Palazzo_dei_Normanni#cite_note-ReferenceZ-37\"><span class=\"cite-bracket\">[<\/span>37<span class=\"cite-bracket\">]<\/span><\/a><\/sup>\u00a0Il presente ciclo della Galleria fu rinnovato nel 1738 da Carlo di Borbone che ne affid\u00f2 il compito della realizzazione al pittore fiammingo\u00a0<a title=\"Guglielmo Borremans\" href=\"https:\/\/it.wikipedia.org\/wiki\/Guglielmo_Borremans\">Guglielmo Borremans<\/a>.<sup id=\"cite_ref-Diari_di_Gioacchino_di_Marzo_30-1\" class=\"reference\"><a href=\"https:\/\/it.wikipedia.org\/wiki\/Palazzo_dei_Normanni#cite_note-Diari_di_Gioacchino_di_Marzo-30\"><span class=\"cite-bracket\">[<\/span>30<span class=\"cite-bracket\">]<\/span><\/a><\/sup>\u00a0Fra i ritratti dei\u00a0<a title=\"Vicer\u00e9 di Sicilia\" href=\"https:\/\/it.wikipedia.org\/wiki\/Vicer%C3%A9_di_Sicilia\">Vicer\u00e9 di Sicilia<\/a>, facenti le veci del re che risiedeva a Napoli, si ammirano:<\/p>\n<ul>\n<li><a title=\"Domenico Caracciolo\" href=\"https:\/\/it.wikipedia.org\/wiki\/Domenico_Caracciolo\">Domenico Caracciolo<\/a>, marchese di Villamaina: nel 1782 soppresse l&#8217;<a title=\"Inquisizione\" href=\"https:\/\/it.wikipedia.org\/wiki\/Inquisizione\">inquisizione<\/a>\u00a0del Santo Ufficio, destinando le rendite di tale istituzione alla realizzazione di nuove cattedre universitarie.<\/li>\n<li><a class=\"mw-redirect\" title=\"Francesco d'Aquino di Caramanico\" href=\"https:\/\/it.wikipedia.org\/wiki\/Francesco_d%27Aquino_di_Caramanico\">Francesco d&#8217;Aquino di Caramanico<\/a>: nel 1788 fece abolire le\u00a0<i><a class=\"mw-redirect\" title=\"Angheria\" href=\"https:\/\/it.wikipedia.org\/wiki\/Angheria\">angherie<\/a><\/i>, i lavori che i contadini a titolo gratuito dovevano prestare in favore dei feudatari. Prima che in Francia, fece abrogare le servit\u00f9 personali nel 1789 e realizzare nel 1790 l&#8217;<a title=\"Osservatorio astronomico di Palermo\" href=\"https:\/\/it.wikipedia.org\/wiki\/Osservatorio_astronomico_di_Palermo\">osservatorio astronomico<\/a>\u00a0ubicato sulla\u00a0<a href=\"https:\/\/it.wikipedia.org\/wiki\/Palazzo_dei_Normanni#Torre_Pisana\">Torre Pisana<\/a>.<\/li>\n<\/ul>\n<p>Il fregio che segna il perimetro della sala in direzione della volta, fu realizzato nel 1901 da\u00a0<a title=\"Salvatore Gregorietti\" href=\"https:\/\/it.wikipedia.org\/wiki\/Salvatore_Gregorietti\">Salvatore Gregorietti<\/a>\u00a0ed evidenzia il simbolo della Sicilia,\u00a0<a title=\"Trinacria (araldica)\" href=\"https:\/\/it.wikipedia.org\/wiki\/Trinacria_(araldica)\">Trinacria<\/a>\u00a0e l&#8217;aquila del Senato Palermitano.<\/p>\n<div class=\"mw-heading mw-heading4\">\n<h4 id=\"Ex_appartamenti_reali\">Ex appartamenti reali<\/h4>\n<p><span class=\"mw-editsection\"><span class=\"mw-editsection-bracket\">[<\/span><a class=\"mw-editsection-visualeditor\" title=\"Modifica la sezione Ex appartamenti reali\" href=\"https:\/\/it.wikipedia.org\/w\/index.php?title=Palazzo_dei_Normanni&amp;veaction=edit&amp;section=22\">modifica<\/a><span class=\"mw-editsection-divider\">\u00a0|\u00a0<\/span><a title=\"Edit section's source code: Ex appartamenti reali\" href=\"https:\/\/it.wikipedia.org\/w\/index.php?title=Palazzo_dei_Normanni&amp;action=edit&amp;section=22\">modifica wikitesto<\/a><span class=\"mw-editsection-bracket\">]<\/span><\/span><\/p>\n<\/div>\n<figure><a class=\"mw-file-description\" href=\"https:\/\/it.wikipedia.org\/wiki\/File:%2B_Residenz_der_normannischen_K%C3%B6nige_in_Palermo._12.jpg\"><img loading=\"lazy\" decoding=\"async\" class=\"mw-file-element\" src=\"https:\/\/upload.wikimedia.org\/wikipedia\/commons\/thumb\/2\/2e\/%2B_Residenz_der_normannischen_K%C3%B6nige_in_Palermo._12.jpg\/250px-%2B_Residenz_der_normannischen_K%C3%B6nige_in_Palermo._12.jpg\" srcset=\"\/\/upload.wikimedia.org\/wikipedia\/commons\/thumb\/2\/2e\/%2B_Residenz_der_normannischen_K%C3%B6nige_in_Palermo._12.jpg\/375px-%2B_Residenz_der_normannischen_K%C3%B6nige_in_Palermo._12.jpg 1.5x, \/\/upload.wikimedia.org\/wikipedia\/commons\/thumb\/2\/2e\/%2B_Residenz_der_normannischen_K%C3%B6nige_in_Palermo._12.jpg\/500px-%2B_Residenz_der_normannischen_K%C3%B6nige_in_Palermo._12.jpg 2x\" width=\"250\" height=\"141\" data-file-width=\"5906\" data-file-height=\"3331\" \/><\/a>\n<figcaption>Sala Pompeiana<\/figcaption>\n<\/figure>\n<figure><a class=\"mw-file-description\" href=\"https:\/\/it.wikipedia.org\/wiki\/File:%2B_Residenz_der_normannischen_K%C3%B6nige_in_Palermo._14.jpg\"><img loading=\"lazy\" decoding=\"async\" class=\"mw-file-element\" src=\"https:\/\/upload.wikimedia.org\/wikipedia\/commons\/thumb\/6\/65\/%2B_Residenz_der_normannischen_K%C3%B6nige_in_Palermo._14.jpg\/250px-%2B_Residenz_der_normannischen_K%C3%B6nige_in_Palermo._14.jpg\" srcset=\"\/\/upload.wikimedia.org\/wikipedia\/commons\/thumb\/6\/65\/%2B_Residenz_der_normannischen_K%C3%B6nige_in_Palermo._14.jpg\/375px-%2B_Residenz_der_normannischen_K%C3%B6nige_in_Palermo._14.jpg 1.5x, \/\/upload.wikimedia.org\/wikipedia\/commons\/thumb\/6\/65\/%2B_Residenz_der_normannischen_K%C3%B6nige_in_Palermo._14.jpg\/500px-%2B_Residenz_der_normannischen_K%C3%B6nige_in_Palermo._14.jpg 2x\" width=\"250\" height=\"167\" data-file-width=\"5906\" data-file-height=\"3940\" \/><\/a>\n<figcaption>Sala Cinese<\/figcaption>\n<\/figure>\n<figure><a class=\"mw-file-description\" href=\"https:\/\/it.wikipedia.org\/wiki\/File:%2B_Residenz_der_normannischen_K%C3%B6nige_in_Palermo._16.jpg\"><img loading=\"lazy\" decoding=\"async\" class=\"mw-file-element\" src=\"https:\/\/upload.wikimedia.org\/wikipedia\/commons\/thumb\/5\/56\/%2B_Residenz_der_normannischen_K%C3%B6nige_in_Palermo._16.jpg\/160px-%2B_Residenz_der_normannischen_K%C3%B6nige_in_Palermo._16.jpg\" srcset=\"\/\/upload.wikimedia.org\/wikipedia\/commons\/thumb\/5\/56\/%2B_Residenz_der_normannischen_K%C3%B6nige_in_Palermo._16.jpg\/240px-%2B_Residenz_der_normannischen_K%C3%B6nige_in_Palermo._16.jpg 1.5x, \/\/upload.wikimedia.org\/wikipedia\/commons\/thumb\/5\/56\/%2B_Residenz_der_normannischen_K%C3%B6nige_in_Palermo._16.jpg\/320px-%2B_Residenz_der_normannischen_K%C3%B6nige_in_Palermo._16.jpg 2x\" width=\"160\" height=\"231\" data-file-width=\"4087\" data-file-height=\"5906\" \/><\/a>\n<figcaption>Sala della Preghiera<\/figcaption>\n<\/figure>\n<ul>\n<li><b>Sala di Federico<\/b>. Nella Torre Pisana si trova la sala principale degli ex appartamenti reali. Sala delle udienze di Federico II, si ritiene fosse stata interamente coperta di mosaici. Non visitabile, dal 1947 \u00e8 divenuta studio e ambiente di rappresentanza del Presidente dell\u2019ARS.<sup id=\"cite_ref-40\" class=\"reference\"><a href=\"https:\/\/it.wikipedia.org\/wiki\/Palazzo_dei_Normanni#cite_note-40\"><span class=\"cite-bracket\">[<\/span>40<span class=\"cite-bracket\">]<\/span><\/a><\/sup><\/li>\n<li><b>Sala ex Presidenti<\/b>. L&#8217;ambiente prospetta su piazza Indipendenza, attiguo a Sala d&#8217;Ercole, prende il nome per via dei ritratti collocati alle pareti, raffiguranti i primi sei presidenti dell&#8217;<a title=\"Assemblea regionale siciliana\" href=\"https:\/\/it.wikipedia.org\/wiki\/Assemblea_regionale_siciliana\">Assemblea regionale siciliana<\/a>. I saggi effettuati, posteriori al\u00a0<a class=\"mw-redirect\" title=\"Terremoto di Palermo del 2002\" href=\"https:\/\/it.wikipedia.org\/wiki\/Terremoto_di_Palermo_del_2002\">terremoto di Palermo del 2002<\/a>, hanno condotto alla scoperta di complesse realt\u00e0 archeologiche relative a stratificazioni di differenti epoche: sono evidenti la costruzione originaria e gli interventi d&#8217;epoca borbonica, quando questa parte \u00e8 stata adibita a saloni di residenza regia, seguendo i canoni del tempo.<\/li>\n<li><b>Sala Pompeiana<\/b>. Altrimenti conosciuta come\u00a0<i>Sala della Regina<\/i>, fu voluta da\u00a0<a title=\"Maria Carolina d'Asburgo-Lorena\" href=\"https:\/\/it.wikipedia.org\/wiki\/Maria_Carolina_d%27Asburgo-Lorena\">Maria Carolina d&#8217;Asburgo-Lorena<\/a>, regina di Sicilia, moglie di\u00a0<a title=\"Ferdinando I delle Due Sicilie\" href=\"https:\/\/it.wikipedia.org\/wiki\/Ferdinando_I_delle_Due_Sicilie\">Ferdinando III di Sicilia<\/a>. Il raffinatissimo ambiente, dipinto da\u00a0<a title=\"Giuseppe Patania\" href=\"https:\/\/it.wikipedia.org\/wiki\/Giuseppe_Patania\">Giuseppe Patania<\/a>\u00a0(<a title=\"1807\" href=\"https:\/\/it.wikipedia.org\/wiki\/1807\">1807<\/a>\u00a0&#8211;\u00a0<a title=\"1815\" href=\"https:\/\/it.wikipedia.org\/wiki\/1815\">1815<\/a>), \u00e8 un altro mirabile esempio di decorazioni neoclassiche influenzate dagli\u00a0<a title=\"Scavi archeologici di Ercolano\" href=\"https:\/\/it.wikipedia.org\/wiki\/Scavi_archeologici_di_Ercolano\">scavi archeologici di Ercolano<\/a>\u00a0e\u00a0<a title=\"Scavi archeologici di Pompei\" href=\"https:\/\/it.wikipedia.org\/wiki\/Scavi_archeologici_di_Pompei\">Pompei<\/a>.<\/li>\n<li><b>Sala Gregorietti<\/b>. Ambiente adibito a sala lettura per i parlamentari, sul soffitto l&#8217;affresco raffigurante l&#8217;<i>Allegoria della Primavera<\/i>\u00a0decorato dal palermitano\u00a0<a title=\"Salvatore Gregorietti\" href=\"https:\/\/it.wikipedia.org\/wiki\/Salvatore_Gregorietti\">Salvatore Gregorietti<\/a>.<\/li>\n<li><b>Sala Cinese<\/b>. Ambiente ispirato alle mete orientali nel periodo coloniale quali la Cina, tipica della moda esotica in voga presso molte corti d&#8217;Europa, decorazione caratterizzata dalla presenza di\u00a0<a class=\"mw-redirect\" title=\"Ideogrammi\" href=\"https:\/\/it.wikipedia.org\/wiki\/Ideogrammi\">ideogrammi<\/a>\u00a0riprodotti sugli architravi delle porte e finestre. Realizzata da\u00a0<a title=\"Giuseppe Patricolo\" href=\"https:\/\/it.wikipedia.org\/wiki\/Giuseppe_Patricolo\">Giuseppe Patricolo<\/a>, questo genere di ambienti si prestavano a svariate funzioni, quali sale di rappresentanza o da semplici ambienti riservati al convivio.<\/li>\n<li><b>Salottino Savoia<\/b>.<\/li>\n<li><b>Salottino del Monetario<\/b>. L&#8217;ambiente consente la visione d&#8217;insieme di tutto il piano. La denominazione \u00e8 dovuta alla presenza del pregevole, grande stipo\u00a0<a title=\"Medagliere (mobile)\" href=\"https:\/\/it.wikipedia.org\/wiki\/Medagliere_(mobile)\">monetiere<\/a>\u00a0in legno ebanizzato a due corpi, decorato con formelle in vetro dipinto con scene bibliche, tarsie in tartaruga di fiume, colonne tortili laccate in rosso finta tartaruga e decori in bronzo di fattura siciliana della fine del\u00a0<a title=\"XVII secolo\" href=\"https:\/\/it.wikipedia.org\/wiki\/XVII_secolo\">XVII secolo<\/a>. L&#8217;olio su tela custodito raffigura il\u00a0<i>Piano Palazzo<\/i>\u00a0nel 1760, il disegno di\u00a0<a title=\"Pietro Martorana\" href=\"https:\/\/it.wikipedia.org\/wiki\/Pietro_Martorana\">Pietro Martorana<\/a>\u00a0su cartoncino ad acquarello e tempera evidenzia la\u00a0<i>Campagna palermitana<\/i>\u00a0ove fu costruita la casina dei Lombardo, ovvero la costruzione rilevata da\u00a0<a title=\"Ferdinando I delle Due Sicilie\" href=\"https:\/\/it.wikipedia.org\/wiki\/Ferdinando_I_delle_Due_Sicilie\">Ferdinando III di Borbone<\/a>\u00a0al suo arrivo da Napoli nel dicembre del 1798, edificio divenuto la\u00a0<a title=\"Palazzina Cinese\" href=\"https:\/\/it.wikipedia.org\/wiki\/Palazzina_Cinese\">Palazzina Cinese<\/a>\u00a0con la tenuta di caccia e il\u00a0<a title=\"Parco della Favorita\" href=\"https:\/\/it.wikipedia.org\/wiki\/Parco_della_Favorita\">Reale Parco della Favorita<\/a>.<\/li>\n<li><b>Salottino del Presidente<\/b>.<\/li>\n<li><b>Sala della Preghiera<\/b>. Ambiente attiguo alla Sala Ruggero, altrimenti detto\u00a0<i>Cappella della Regina<\/i>\u00a0o\u00a0<i>Carolina<\/i>, delizioso esempio del neogotico siciliano con stucchi bianchi e oro. La pala d&#8217;altare \u00e8 un olio su tela raffigurante la\u00a0<i>Madonna con Ges\u00f9 e San Giovanni<\/i>\u00a0di gradevole fattura siciliana della prima met\u00e0\u00a0<a title=\"XIX secolo\" href=\"https:\/\/it.wikipedia.org\/wiki\/XIX_secolo\">XIX secolo<\/a>, opera di\u00a0<a title=\"Pasquale Sarullo\" href=\"https:\/\/it.wikipedia.org\/wiki\/Pasquale_Sarullo\">Pasquale Sarullo<\/a>. Un Cristo in avorio risalta su una croce in tartaruga e la base impiallacciata in palissandro, d&#8217;artista siciliano di fine 1700. Completano le decorazioni due dipinti, olio su tela della scuola emiliana del\u00a0<a title=\"XVIII secolo\" href=\"https:\/\/it.wikipedia.org\/wiki\/XVIII_secolo\">XVIII secolo<\/a>, raffiguranti rispettivamente\u00a0<i>Tobiolo e il padre cieco<\/i>\u00a0e\u00a0<i>Agar e l&#8217;angelo<\/i>.<\/li>\n<li><b>Sala dei Paesaggi Siciliani<\/b>. L&#8217;ambiente in epoca normanna faceva parte dell&#8217;appartamento privato del sovrano. Nella prima met\u00e0 dell&#8217;Ottocento fu anticamera dell&#8217;appartamento utilizzato dai sovrani Borboni. Al tempo dei Savoia fu utilizzata come salotto e vi furono collocati le due grandi tele raffiguranti paesaggi siciliani: i\u00a0<i>Ruderi del Tempio di Giove a Siracusa<\/i>\u00a0di\u00a0<a title=\"Ettore De Maria Bergler\" href=\"https:\/\/it.wikipedia.org\/wiki\/Ettore_De_Maria_Bergler\">Ettore De Maria Bergler<\/a>\u00a0e le\u00a0<i>Mura fenicie di Erice<\/i>\u00a0di\u00a0<a title=\"Michele Cortegiani\" href=\"https:\/\/it.wikipedia.org\/wiki\/Michele_Cortegiani\">Michele Cortegiani<\/a>\u00a0ora in sala della preghiera. I dipinti furono acquistati da re\u00a0<a class=\"mw-redirect\" title=\"Umberto I\" href=\"https:\/\/it.wikipedia.org\/wiki\/Umberto_I\">Umberto I<\/a>\u00a0in occasione dell&#8217;<a class=\"mw-redirect\" title=\"Esposizione Nazionale di Palermo\" href=\"https:\/\/it.wikipedia.org\/wiki\/Esposizione_Nazionale_di_Palermo\">esposizione Nazionale di Palermo<\/a>\u00a0nel 1891.<\/li>\n<li><b>Sala Bianca<\/b>. Ambiente utilizzato come\u00a0<i>Sala Stampa<\/i>, \u00e8 caratterizzato dal riquadro affrescato raffigurante l&#8217;<i>Allegoria della prosperit\u00e0 e delle arti<\/i>\u00a0di\u00a0<a title=\"Giuseppe Velasco\" href=\"https:\/\/it.wikipedia.org\/wiki\/Giuseppe_Velasco\">Giuseppe Velasco<\/a>\u00a0che lavor\u00f2 a palazzo durante la permanenza dei Borboni in Sicilia.<\/li>\n<\/ul>\n<div class=\"mw-heading mw-heading4\">\n<h4 id=\"Sala_dei_Venti\">Sala dei Venti<\/h4>\n<p><span class=\"mw-editsection\"><span class=\"mw-editsection-bracket\">[<\/span><a class=\"mw-editsection-visualeditor\" title=\"Modifica la sezione Sala dei Venti\" href=\"https:\/\/it.wikipedia.org\/w\/index.php?title=Palazzo_dei_Normanni&amp;veaction=edit&amp;section=23\">modifica<\/a><span class=\"mw-editsection-divider\">\u00a0|\u00a0<\/span><a title=\"Edit section's source code: Sala dei Venti\" href=\"https:\/\/it.wikipedia.org\/w\/index.php?title=Palazzo_dei_Normanni&amp;action=edit&amp;section=23\">modifica wikitesto<\/a><span class=\"mw-editsection-bracket\">]<\/span><\/span><\/p>\n<\/div>\n<figure class=\"mw-default-size mw-halign-right\"><a class=\"mw-file-description\" href=\"https:\/\/it.wikipedia.org\/wiki\/File:Ph._Molteni-Motta_Palermo_Palazzo_dei_Normanni.jpg\"><img loading=\"lazy\" decoding=\"async\" class=\"mw-file-element\" src=\"https:\/\/upload.wikimedia.org\/wikipedia\/commons\/thumb\/a\/a7\/Ph._Molteni-Motta_Palermo_Palazzo_dei_Normanni.jpg\/220px-Ph._Molteni-Motta_Palermo_Palazzo_dei_Normanni.jpg\" srcset=\"\/\/upload.wikimedia.org\/wikipedia\/commons\/thumb\/a\/a7\/Ph._Molteni-Motta_Palermo_Palazzo_dei_Normanni.jpg\/330px-Ph._Molteni-Motta_Palermo_Palazzo_dei_Normanni.jpg 1.5x, \/\/upload.wikimedia.org\/wikipedia\/commons\/thumb\/a\/a7\/Ph._Molteni-Motta_Palermo_Palazzo_dei_Normanni.jpg\/440px-Ph._Molteni-Motta_Palermo_Palazzo_dei_Normanni.jpg 2x\" width=\"220\" height=\"220\" data-file-width=\"4724\" data-file-height=\"4724\" \/><\/a>\n<figcaption>La volta della Sala dei venti<\/figcaption>\n<\/figure>\n<p>Antica cappella di Santa Maria Superiore fatta edificare da\u00a0<a title=\"Roberto il Guiscardo\" href=\"https:\/\/it.wikipedia.org\/wiki\/Roberto_il_Guiscardo\">Roberto il Guiscardo<\/a>\u00a0e\u00a0<a title=\"Ruggero I di Sicilia\" href=\"https:\/\/it.wikipedia.org\/wiki\/Ruggero_I_di_Sicilia\">Ruggero I di Sicilia<\/a>\u00a0nel\u00a0<a title=\"1071\" href=\"https:\/\/it.wikipedia.org\/wiki\/1071\">1071<\/a>, convertita ad uso profano nel\u00a0<a title=\"1520\" href=\"https:\/\/it.wikipedia.org\/wiki\/1520\">1520<\/a>. Restauri della\u00a0<i>Sala delle Quattro Colonna<\/i>, cos\u00ec denominata nel\u00a0<a title=\"XVI secolo\" href=\"https:\/\/it.wikipedia.org\/wiki\/XVI_secolo\">XVI secolo<\/a>\u00a0quando fu decorata con vetrate colorate da\u00a0<a title=\"Simone de Wobreck\" href=\"https:\/\/it.wikipedia.org\/wiki\/Simone_de_Wobreck\">Simone de Wobreck<\/a>, autore nel 1560 del dipinto\u00a0<i>Pittura dell&#8217;isola di Sicilia<\/i>, opera documentata nella reggia.<\/p>\n<p>Dopo l&#8217;insediamento nel\u00a0<a title=\"1713\" href=\"https:\/\/it.wikipedia.org\/wiki\/1713\">1713<\/a>,\u00a0<a title=\"Vittorio Amedeo II di Savoia\" href=\"https:\/\/it.wikipedia.org\/wiki\/Vittorio_Amedeo_II_di_Savoia\">Vittorio Amedeo II di Savoia<\/a>\u00a0ne fa scoperchiare il tetto sistemando al centro della volta lignea a lucernario la\u00a0<i><a title=\"Rosa dei venti\" href=\"https:\/\/it.wikipedia.org\/wiki\/Rosa_dei_venti\">Rosa dei venti<\/a><\/i>.<sup id=\"cite_ref-ReferenceK_41-0\" class=\"reference\"><a href=\"https:\/\/it.wikipedia.org\/wiki\/Palazzo_dei_Normanni#cite_note-ReferenceK-41\"><span class=\"cite-bracket\">[<\/span>41<span class=\"cite-bracket\">]<\/span><\/a><\/sup>\u00a0In epoca borbonica vi sono documentati l&#8217;<i>Appartamento dei marmi<\/i>\u00a0e quello di\u00a0<a title=\"Altezza reale\" href=\"https:\/\/it.wikipedia.org\/wiki\/Altezza_reale\">S.A.R.<\/a>\u00a0il principe ereditario.<sup id=\"cite_ref-ReferenceK_41-1\" class=\"reference\"><a href=\"https:\/\/it.wikipedia.org\/wiki\/Palazzo_dei_Normanni#cite_note-ReferenceK-41\"><span class=\"cite-bracket\">[<\/span>41<span class=\"cite-bracket\">]<\/span><\/a><\/sup><\/p>\n<p>Ambiente interno tra i pi\u00f9 suggestivi ed affascinanti del Palazzo. Inglobato nella\u00a0<a href=\"https:\/\/it.wikipedia.org\/wiki\/Palazzo_dei_Normanni#Torre_Joharia\">Torre Joharia<\/a>\u00a0\u00e8 coevo, adiacente e comunicante con la\u00a0<a href=\"https:\/\/it.wikipedia.org\/wiki\/Palazzo_dei_Normanni#Stanza_di_Ruggero\">Stanza di Ruggero<\/a>, sintesi del passaggio di pi\u00f9 culture. Proprio la collocazione ne determin\u00f2 i lievi interventi successivi. Alle pareti \u00e8 collocato un olio su tela raffigurante la\u00a0<i>Negazione di Pietro<\/i>, opera firmata e datata di\u00a0<a title=\"Filippo Paladini\" href=\"https:\/\/it.wikipedia.org\/wiki\/Filippo_Paladini\">Filippo Paladini<\/a>\u00a0nel\u00a0<a title=\"1613\" href=\"https:\/\/it.wikipedia.org\/wiki\/1613\">1613<\/a>.<\/p>\n<div class=\"mw-heading mw-heading4\">\n<h4 id=\"Sala_re_Ruggero\">Sala re Ruggero<\/h4>\n<p><span class=\"mw-editsection\"><span class=\"mw-editsection-bracket\">[<\/span><a class=\"mw-editsection-visualeditor\" title=\"Modifica la sezione Sala re Ruggero\" href=\"https:\/\/it.wikipedia.org\/w\/index.php?title=Palazzo_dei_Normanni&amp;veaction=edit&amp;section=24\">modifica<\/a><span class=\"mw-editsection-divider\">\u00a0|\u00a0<\/span><a title=\"Edit section's source code: Sala re Ruggero\" href=\"https:\/\/it.wikipedia.org\/w\/index.php?title=Palazzo_dei_Normanni&amp;action=edit&amp;section=24\">modifica wikitesto<\/a><span class=\"mw-editsection-bracket\">]<\/span><\/span><\/p>\n<\/div>\n<figure class=\"mw-halign-left\"><a class=\"mw-file-description\" href=\"https:\/\/it.wikipedia.org\/wiki\/File:%2B_Residenz_der_normannischen_K%C3%B6nige_in_Palermo._07.jpg\"><img loading=\"lazy\" decoding=\"async\" class=\"mw-file-element\" src=\"https:\/\/upload.wikimedia.org\/wikipedia\/commons\/thumb\/8\/8c\/%2B_Residenz_der_normannischen_K%C3%B6nige_in_Palermo._07.jpg\/260px-%2B_Residenz_der_normannischen_K%C3%B6nige_in_Palermo._07.jpg\" srcset=\"\/\/upload.wikimedia.org\/wikipedia\/commons\/thumb\/8\/8c\/%2B_Residenz_der_normannischen_K%C3%B6nige_in_Palermo._07.jpg\/390px-%2B_Residenz_der_normannischen_K%C3%B6nige_in_Palermo._07.jpg 1.5x, \/\/upload.wikimedia.org\/wikipedia\/commons\/thumb\/8\/8c\/%2B_Residenz_der_normannischen_K%C3%B6nige_in_Palermo._07.jpg\/520px-%2B_Residenz_der_normannischen_K%C3%B6nige_in_Palermo._07.jpg 2x\" width=\"260\" height=\"224\" data-file-width=\"5906\" data-file-height=\"5094\" \/><\/a>\n<figcaption>La sala di re Ruggero, di epoca normanna<\/figcaption>\n<\/figure>\n<p>Voluta da\u00a0<a title=\"Ruggero II di Sicilia\" href=\"https:\/\/it.wikipedia.org\/wiki\/Ruggero_II_di_Sicilia\">Ruggero II di Sicilia<\/a>\u00a0fu ricavata nella\u00a0<a href=\"https:\/\/it.wikipedia.org\/wiki\/Palazzo_dei_Normanni#Torre_Pisana\">Torre Pisana<\/a>, l&#8217;ala pi\u00f9 antica del palazzo con accesso dalla\u00a0<a href=\"https:\/\/it.wikipedia.org\/wiki\/Palazzo_dei_Normanni#Sala_dei_Venti\">Sala dei Venti<\/a>. I mosaici delle stupende decorazioni parietali furono commissionati dal figlio\u00a0<a title=\"Guglielmo I di Sicilia\" href=\"https:\/\/it.wikipedia.org\/wiki\/Guglielmo_I_di_Sicilia\">Guglielmo I d&#8217;Altavilla<\/a>\u00a0detto\u00a0<i>il Malo<\/i>. Verosimilmente coeve agli ornamenti delle navate laterali della Cappella Palatina, sono improntate allo stesso stile riscontrabile nei cicli musivi della\u00a0<a title=\"Chiesa della Martorana\" href=\"https:\/\/it.wikipedia.org\/wiki\/Chiesa_della_Martorana\">chiesa di Santa Maria dell&#8217;Ammiraglio detta \u00abla Martorana\u00bb<\/a>\u00a0e della\u00a0<a class=\"mw-redirect\" title=\"Cattedrale di Monreale\" href=\"https:\/\/it.wikipedia.org\/wiki\/Cattedrale_di_Monreale\">cattedrale di Santa Maria Nuova<\/a>\u00a0di Monreale, ma se ne discostano come temi.<\/p>\n<p>Colonnine angolari delimitano alti rivestimenti in marmo sovrastati da ampie superfici a mosaico di grande pregio raffiguranti elementi vegetali (palme e banani) e scene di carattere aulico e venatorio, simboli del potere normanno. Sono raccontate con grande dedizione nell&#8217;esecuzione battute di caccia con arcieri e\u00a0<a title=\"Cervus elaphus\" href=\"https:\/\/it.wikipedia.org\/wiki\/Cervus_elaphus\">cervi<\/a>, rappresentati\u00a0<a title=\"Pavo cristatus\" href=\"https:\/\/it.wikipedia.org\/wiki\/Pavo_cristatus\">pavoni<\/a>,\u00a0<a title=\"Cygnus (zoologia)\" href=\"https:\/\/it.wikipedia.org\/wiki\/Cygnus_(zoologia)\">cigni<\/a>, oltre i mitologici\u00a0<a title=\"Centauro\" href=\"https:\/\/it.wikipedia.org\/wiki\/Centauro\">centauri<\/a>,\u00a0<a title=\"Grifone (mitologia)\" href=\"https:\/\/it.wikipedia.org\/wiki\/Grifone_(mitologia)\">grifi<\/a>\u00a0e altri animali esotici tra cui\u00a0<a class=\"mw-redirect\" title=\"Leopardo\" href=\"https:\/\/it.wikipedia.org\/wiki\/Leopardo\">leopardi<\/a>\u00a0e tigri fra lussureggiante vegetazione, sottile allusione al\u00a0<a title=\"La Zisa\" href=\"https:\/\/it.wikipedia.org\/wiki\/La_Zisa\">Parco del Genoardo<\/a>, tutto nel tentativo di mostrare un&#8217;allegoria della corte normanna. Caratteristica le figure a coppie simmetriche e speculari, arabeschi e girali dall&#8217;effetto caleidoscopico immersi in motivi fitomorfi e zoomorfi. Le raffinate rappresentazioni dai canoni sontuosi ma con accenti di rigidit\u00e0, delineano la chiarissima matrice greco-bizantina dell&#8217;opera combinata con l&#8217;influenza pittorica dell&#8217;Oriente persiano.<sup id=\"cite_ref-42\" class=\"reference\"><a href=\"https:\/\/it.wikipedia.org\/wiki\/Palazzo_dei_Normanni#cite_note-42\"><span class=\"cite-bracket\">[<\/span>42<span class=\"cite-bracket\">]<\/span><\/a><\/sup><\/p>\n<p>La decorazione centrale della volta della sala risale invece al periodo successivo di\u00a0<a title=\"Federico II di Svevia\" href=\"https:\/\/it.wikipedia.org\/wiki\/Federico_II_di_Svevia\">Federico II<\/a>, come testimoniato dalla rappresentazione dell&#8217;aquila\u00a0<a title=\"Hohenstaufen\" href=\"https:\/\/it.wikipedia.org\/wiki\/Hohenstaufen\">sveva<\/a>.<\/p>\n<div class=\"mw-heading mw-heading4\">\n<h4 id=\"Sala_Rossa\">Sala Rossa<\/h4>\n<p><span class=\"mw-editsection\"><span class=\"mw-editsection-bracket\">[<\/span><a class=\"mw-editsection-visualeditor\" title=\"Modifica la sezione Sala Rossa\" href=\"https:\/\/it.wikipedia.org\/w\/index.php?title=Palazzo_dei_Normanni&amp;veaction=edit&amp;section=25\">modifica<\/a><span class=\"mw-editsection-divider\">\u00a0|\u00a0<\/span><a title=\"Edit section's source code: Sala Rossa\" href=\"https:\/\/it.wikipedia.org\/w\/index.php?title=Palazzo_dei_Normanni&amp;action=edit&amp;section=25\">modifica wikitesto<\/a><span class=\"mw-editsection-bracket\">]<\/span><\/span><\/p>\n<\/div>\n<p>Era parte dell&#8217;originaria\u00a0<i>Galleria<\/i>\u00a0del Palazzo. Sulla volta, l&#8217;opera attribuita a\u00a0<a class=\"new\" title=\"Benedetto Codardi (la pagina non esiste)\" href=\"https:\/\/it.wikipedia.org\/w\/index.php?title=Benedetto_Codardi&amp;action=edit&amp;redlink=1\">Benedetto Codardi<\/a>\u00a0raffigurante: l&#8217;<i>Apoteosi del lavoro, dell&#8217;agricoltura, delle arti e delle scienze<\/i>. La sala era usata per le udienze dei Vicer\u00e9 e al tempo dei re borbonici divent\u00f2 la\u00a0<i>Sala del Trono<\/i>. Oggi \u00e8 ambiente istituzionale spesso utilizzato per le riunioni dei capigruppo.<\/p>\n<div class=\"mw-heading mw-heading4\">\n<h4 id=\"Sala_Gialla\">Sala Gialla<\/h4>\n<p><span class=\"mw-editsection\"><span class=\"mw-editsection-bracket\">[<\/span><a class=\"mw-editsection-visualeditor\" title=\"Modifica la sezione Sala Gialla\" href=\"https:\/\/it.wikipedia.org\/w\/index.php?title=Palazzo_dei_Normanni&amp;veaction=edit&amp;section=26\">modifica<\/a><span class=\"mw-editsection-divider\">\u00a0|\u00a0<\/span><a title=\"Edit section's source code: Sala Gialla\" href=\"https:\/\/it.wikipedia.org\/w\/index.php?title=Palazzo_dei_Normanni&amp;action=edit&amp;section=26\">modifica wikitesto<\/a><span class=\"mw-editsection-bracket\">]<\/span><\/span><\/p>\n<\/div>\n<figure class=\"mw-default-size\"><a class=\"mw-file-description\" href=\"https:\/\/it.wikipedia.org\/wiki\/File:Sicilia_Palermo_Palazzo_dei_Normanni_interno.jpg\"><img loading=\"lazy\" decoding=\"async\" class=\"mw-file-element\" src=\"https:\/\/upload.wikimedia.org\/wikipedia\/commons\/thumb\/9\/96\/Sicilia_Palermo_Palazzo_dei_Normanni_interno.jpg\/220px-Sicilia_Palermo_Palazzo_dei_Normanni_interno.jpg\" srcset=\"\/\/upload.wikimedia.org\/wikipedia\/commons\/thumb\/9\/96\/Sicilia_Palermo_Palazzo_dei_Normanni_interno.jpg\/330px-Sicilia_Palermo_Palazzo_dei_Normanni_interno.jpg 1.5x, \/\/upload.wikimedia.org\/wikipedia\/commons\/thumb\/9\/96\/Sicilia_Palermo_Palazzo_dei_Normanni_interno.jpg\/440px-Sicilia_Palermo_Palazzo_dei_Normanni_interno.jpg 2x\" width=\"220\" height=\"165\" data-file-width=\"2576\" data-file-height=\"1932\" \/><\/a>\n<figcaption><i>Sala Gialla<\/i>, con decorazioni e affreschi di\u00a0<a title=\"Giuseppe Patania\" href=\"https:\/\/it.wikipedia.org\/wiki\/Giuseppe_Patania\">Giuseppe Patania<\/a>.<\/figcaption>\n<\/figure>\n<p>Altra sezione dell&#8217;antica\u00a0<i>Galleria<\/i>, adibita a\u00a0<i>Sala da ballo<\/i>\u00a0dai Borboni e dai Savoia, \u00e8 altrimenti nota come\u00a0<i>Sala degli Specchi.<\/i>\u00a0Deve il suo nome alle pareti rivestite di damasco giallo. In epoca vicereale era utilizzata come sala delle feste, dei ricevimenti e dei balli.<\/p>\n<p>Le opere della volta furono realizzate nella prima met\u00e0 dell&#8217;Ottocento da\u00a0<a title=\"Giuseppe Patania\" href=\"https:\/\/it.wikipedia.org\/wiki\/Giuseppe_Patania\">Giuseppe Patania<\/a><sup id=\"cite_ref-Vincenzo_Mortillaro-36_7-5\" class=\"reference\"><a href=\"https:\/\/it.wikipedia.org\/wiki\/Palazzo_dei_Normanni#cite_note-Vincenzo_Mortillaro-36-7\"><span class=\"cite-bracket\">[<\/span>7<span class=\"cite-bracket\">]<\/span><\/a><\/sup>\u00a0con\u00a0<i>La consegna della Citt\u00e0 da parte dei Musulmani<\/i>, da\u00a0<a title=\"Giuseppe Patricolo\" href=\"https:\/\/it.wikipedia.org\/wiki\/Giuseppe_Patricolo\">Giuseppe Patricolo<\/a>\u00a0con\u00a0<i>La presa di Palermo da parte dei Normanni<\/i>, da\u00a0<a title=\"Vincenzo Riolo\" href=\"https:\/\/it.wikipedia.org\/wiki\/Vincenzo_Riolo\">Vincenzo Riolo<\/a>\u00a0con\u00a0<i>Il ritorno di Nicodemo al soglio vescovile di Palermo<\/i>, per rispetto e riconoscimento dei valori della cultura araba non sono rappresentati eventi sanguinosi, ma incontri pacifici. Dieci bassorilievi in gesso, eseguiti probabilmente dal siciliano\u00a0<a title=\"Nunzio Morello\" href=\"https:\/\/it.wikipedia.org\/wiki\/Nunzio_Morello\">Nunzio Morello<\/a>, raffiguranti la conquista e l&#8217;ingresso vittorioso in citt\u00e0 del conte Ruggero, completano le decorazioni. La sala \u00e8 oggi sede di importanti incontri culturali.<\/p>\n<div class=\"mw-heading mw-heading4\">\n<h4 id=\"Sala_Verde\">Sala Verde<\/h4>\n<p><span class=\"mw-editsection\"><span class=\"mw-editsection-bracket\">[<\/span><a class=\"mw-editsection-visualeditor\" title=\"Modifica la sezione Sala Verde\" href=\"https:\/\/it.wikipedia.org\/w\/index.php?title=Palazzo_dei_Normanni&amp;veaction=edit&amp;section=27\">modifica<\/a><span class=\"mw-editsection-divider\">\u00a0|\u00a0<\/span><a title=\"Edit section's source code: Sala Verde\" href=\"https:\/\/it.wikipedia.org\/w\/index.php?title=Palazzo_dei_Normanni&amp;action=edit&amp;section=27\">modifica wikitesto<\/a><span class=\"mw-editsection-bracket\">]<\/span><\/span><\/p>\n<\/div>\n<p>Altra sala del piano parlamentare, confinante con la sala Gialla. Durante il\u00a0<a title=\"1283\" href=\"https:\/\/it.wikipedia.org\/wiki\/1283\">1283<\/a>\u00a0si ha la prima attestazione di\u00a0<a title=\"Ramon Muntaner\" href=\"https:\/\/it.wikipedia.org\/wiki\/Ramon_Muntaner\">Ramon Muntaner<\/a>\u00a0della\u00a0<i>Sala Verde<\/i>\u00a0ubicata dal lato della \u00ab<i>Porta di San Michele<\/i>\u00bb,<sup id=\"cite_ref-ReferenceTF459_34-1\" class=\"reference\"><a href=\"https:\/\/it.wikipedia.org\/wiki\/Palazzo_dei_Normanni#cite_note-ReferenceTF459-34\"><span class=\"cite-bracket\">[<\/span>34<span class=\"cite-bracket\">]<\/span><\/a><\/sup>\u00a0ambiente destinato agli spettacoli pubblici ubicato ove verosimilmente in epoca romana sorgeva l&#8217;<a class=\"new\" title=\"Teatro romano di Palermo (la pagina non esiste)\" href=\"https:\/\/it.wikipedia.org\/w\/index.php?title=Teatro_romano_di_Palermo&amp;action=edit&amp;redlink=1\">anfiteatro<\/a>.<sup id=\"cite_ref-ReferenceE_14-6\" class=\"reference\"><a href=\"https:\/\/it.wikipedia.org\/wiki\/Palazzo_dei_Normanni#cite_note-ReferenceE-14\"><span class=\"cite-bracket\">[<\/span>14<span class=\"cite-bracket\">]<\/span><\/a><\/sup>\u00a0\u00c8 utilizzata come sede di commissione.<\/p>\n<div class=\"mw-heading mw-heading3\">\n<h3 id=\"Cappella_Palatina\">Cappella Palatina<\/h3>\n<p><span class=\"mw-editsection\"><span class=\"mw-editsection-bracket\">[<\/span><a class=\"mw-editsection-visualeditor\" title=\"Modifica la sezione Cappella Palatina\" href=\"https:\/\/it.wikipedia.org\/w\/index.php?title=Palazzo_dei_Normanni&amp;veaction=edit&amp;section=28\">modifica<\/a><span class=\"mw-editsection-divider\">\u00a0|\u00a0<\/span><a title=\"Edit section's source code: Cappella Palatina\" href=\"https:\/\/it.wikipedia.org\/w\/index.php?title=Palazzo_dei_Normanni&amp;action=edit&amp;section=28\">modifica wikitesto<\/a><span class=\"mw-editsection-bracket\">]<\/span><\/span><\/p>\n<\/div>\n<div class=\"hatnote noprint vedi-anche\">\n<div class=\"hatnote-content\"><span class=\"noviewer hatnote-icon\"><img loading=\"lazy\" decoding=\"async\" class=\"mw-file-element\" src=\"https:\/\/upload.wikimedia.org\/wikipedia\/commons\/thumb\/8\/87\/Magnifying_glass_icon_mgx2.svg\/18px-Magnifying_glass_icon_mgx2.svg.png\" srcset=\"\/\/upload.wikimedia.org\/wikipedia\/commons\/thumb\/8\/87\/Magnifying_glass_icon_mgx2.svg\/27px-Magnifying_glass_icon_mgx2.svg.png 1.5x, \/\/upload.wikimedia.org\/wikipedia\/commons\/thumb\/8\/87\/Magnifying_glass_icon_mgx2.svg\/36px-Magnifying_glass_icon_mgx2.svg.png 2x\" width=\"18\" height=\"18\" data-file-width=\"286\" data-file-height=\"280\" \/><\/span><span class=\"hatnote-text\">Lo stesso argomento in dettaglio:\u00a0<b><a title=\"Cappella Palatina (Palermo)\" href=\"https:\/\/it.wikipedia.org\/wiki\/Cappella_Palatina_(Palermo)\">Cappella Palatina (Palermo)<\/a><\/b>.<\/span><\/div>\n<\/div>\n<figure class=\"mw-halign-left\"><a class=\"mw-file-description\" href=\"https:\/\/it.wikipedia.org\/wiki\/File:Cappella_Palatina_(low-angle).jpg\"><img loading=\"lazy\" decoding=\"async\" class=\"mw-file-element\" src=\"https:\/\/upload.wikimedia.org\/wikipedia\/commons\/thumb\/2\/24\/Cappella_Palatina_%28low-angle%29.jpg\/300px-Cappella_Palatina_%28low-angle%29.jpg\" srcset=\"\/\/upload.wikimedia.org\/wikipedia\/commons\/thumb\/2\/24\/Cappella_Palatina_%28low-angle%29.jpg\/450px-Cappella_Palatina_%28low-angle%29.jpg 1.5x, \/\/upload.wikimedia.org\/wikipedia\/commons\/thumb\/2\/24\/Cappella_Palatina_%28low-angle%29.jpg\/600px-Cappella_Palatina_%28low-angle%29.jpg 2x\" width=\"300\" height=\"200\" data-file-width=\"3000\" data-file-height=\"1996\" \/><\/a>\n<figcaption><a title=\"Cappella Palatina (Palermo)\" href=\"https:\/\/it.wikipedia.org\/wiki\/Cappella_Palatina_(Palermo)\">Cappella Palatina<\/a>.<\/figcaption>\n<\/figure>\n<p>Dalla loggia del primo livello del\u00a0<a href=\"https:\/\/it.wikipedia.org\/wiki\/Palazzo_dei_Normanni#Cortile_Maqueda\">Cortile Maqueda<\/a>\u00a0si pu\u00f2 accedere alla\u00a0<i><a title=\"Cappella Palatina (Palermo)\" href=\"https:\/\/it.wikipedia.org\/wiki\/Cappella_Palatina_(Palermo)\">Cappella Palatina<\/a><\/i>. Essa \u00e8 una\u00a0<a title=\"Basilica (architettura cristiana)\" href=\"https:\/\/it.wikipedia.org\/wiki\/Basilica_(architettura_cristiana)\">basilica<\/a>\u00a0a tre navate dedicata ai Santi\u00a0<a class=\"mw-redirect\" title=\"San Pietro\" href=\"https:\/\/it.wikipedia.org\/wiki\/San_Pietro\">Pietro<\/a>\u00a0e\u00a0<a class=\"mw-redirect\" title=\"San Paolo di Tarso\" href=\"https:\/\/it.wikipedia.org\/wiki\/San_Paolo_di_Tarso\">Paolo<\/a>, un luogo di culto edificato per volere di Ruggero II, e consacrato il 28 aprile\u00a0<a title=\"1140\" href=\"https:\/\/it.wikipedia.org\/wiki\/1140\">1140<\/a>, con funzione di cappella privata della famiglia reale.<sup id=\"cite_ref-ReferenceTF456_17-1\" class=\"reference\"><a href=\"https:\/\/it.wikipedia.org\/wiki\/Palazzo_dei_Normanni#cite_note-ReferenceTF456-17\"><span class=\"cite-bracket\">[<\/span>17<span class=\"cite-bracket\">]<\/span><\/a><\/sup><sup id=\"cite_ref-Vincenzo_Mortillaro-35_43-0\" class=\"reference\"><a href=\"https:\/\/it.wikipedia.org\/wiki\/Palazzo_dei_Normanni#cite_note-Vincenzo_Mortillaro-35-43\"><span class=\"cite-bracket\">[<\/span>43<span class=\"cite-bracket\">]<\/span><\/a><\/sup><\/p>\n<p>La parte superiore della cupola, delle pareti del\u00a0<a title=\"Transetto\" href=\"https:\/\/it.wikipedia.org\/wiki\/Transetto\">transetto<\/a>\u00a0e delle absidi sono interamente decorate da\u00a0<a title=\"Mosaici bizantini della Sicilia\" href=\"https:\/\/it.wikipedia.org\/wiki\/Mosaici_bizantini_della_Sicilia\">mosaici bizantini<\/a>, tra i pi\u00f9 importanti della Sicilia, raffiguranti il\u00a0<a title=\"Cristo Pantocratore\" href=\"https:\/\/it.wikipedia.org\/wiki\/Cristo_Pantocratore\">Cristo Pantocratore<\/a>, gli Evangelisti e scene bibliche varie. I mosaici di datazione pi\u00f9 antica sono quelli della cupola, risalenti alla costruzione originaria del\u00a0<a title=\"1143\" href=\"https:\/\/it.wikipedia.org\/wiki\/1143\">1143<\/a>. Accanto al\u00a0<i>Cristo Pantocratore<\/i>\u00a0sono raffigurati le gerarchie di angeli ed arcangeli, profeti, santi e gli Evangelisti. Sulle arcate del\u00a0<a title=\"Presbiterio\" href=\"https:\/\/it.wikipedia.org\/wiki\/Presbiterio\">presbiterio<\/a>\u00a0troviamo raffigurazioni dell&#8217;<i><a title=\"Annunciazione\" href=\"https:\/\/it.wikipedia.org\/wiki\/Annunciazione\">Annunciazione<\/a><\/i>\u00a0e della\u00a0<i><a title=\"Presentazione al Tempio\" href=\"https:\/\/it.wikipedia.org\/wiki\/Presentazione_al_Tempio\">Presentazione al Tempio<\/a><\/i>, mentre nel catino dell&#8217;<a title=\"Abside\" href=\"https:\/\/it.wikipedia.org\/wiki\/Abside\">abside<\/a>\u00a0\u00e8 raffigurato un\u00a0<i>Cristo benedicente<\/i>. Di epoca posteriore (1154-66 circa) sono i mosaici recanti iscrizioni latine che ornano la navata centrale, contenenti rappresentazioni di episodi tratti dal\u00a0<a class=\"mw-redirect\" title=\"Vecchio Testamento\" href=\"https:\/\/it.wikipedia.org\/wiki\/Vecchio_Testamento\">Vecchio Testamento<\/a>; ancora pi\u00f9 tardi sono quelli delle navatelle, con le\u00a0<i>Storie di San Pietro e San Paolo<\/i>.<\/p>\n<p>All&#8217;inizio della navata \u00e8 collocato l&#8217;imponente\u00a0<i>trono reale<\/i>\u00a0rivestito di mosaici, mentre vicino al santuario, sulla destra, troviamo il ricco\u00a0<a title=\"Ambone\" href=\"https:\/\/it.wikipedia.org\/wiki\/Ambone\">ambone<\/a>\u00a0mosaicato, sostenuto da colonne striate, e un superbo\u00a0<i>candelabro pasquale<\/i>\u00a0(alto m. 4.50), intagliato a foglie d&#8217;<a class=\"mw-redirect\" title=\"Acanto\" href=\"https:\/\/it.wikipedia.org\/wiki\/Acanto\">acanto<\/a>\u00a0con figure e animali. Tutte queste opere, risalenti al\u00a0<a title=\"XII secolo\" href=\"https:\/\/it.wikipedia.org\/wiki\/XII_secolo\">XII secolo<\/a>, combinano elementi romanici, arabi e bizantini.<sup id=\"cite_ref-44\" class=\"reference\"><a href=\"https:\/\/it.wikipedia.org\/wiki\/Palazzo_dei_Normanni#cite_note-44\"><span class=\"cite-bracket\">[<\/span>44<span class=\"cite-bracket\">]<\/span><\/a><\/sup>\u00a0Il soffitto in\u00a0<a title=\"Legno\" href=\"https:\/\/it.wikipedia.org\/wiki\/Legno\">legno<\/a>\u00a0della navata centrale e le travature delle navate minori sono decorate con intagli e dipinti di stile arabo. In ogni spicchio sono presenti stelle lignee con rappresentazioni di animali, danzatori e scene di vita della corte\u00a0<a title=\"Islam\" href=\"https:\/\/it.wikipedia.org\/wiki\/Islam\">islamica<\/a>. Il soffitto a cassettoni e\u00a0<a class=\"mw-redirect\" title=\"Muqarnas\" href=\"https:\/\/it.wikipedia.org\/wiki\/Muqarnas\">muqarnas<\/a>, del 1143, presenta iscrizioni\u00a0<a title=\"Cufico\" href=\"https:\/\/it.wikipedia.org\/wiki\/Cufico\">cufiche<\/a>.<sup id=\"cite_ref-45\" class=\"reference\"><a href=\"https:\/\/it.wikipedia.org\/wiki\/Palazzo_dei_Normanni#cite_note-45\"><span class=\"cite-bracket\">[<\/span>45<span class=\"cite-bracket\">]<\/span><\/a><\/sup><\/p>\n<p>Danneggiata dal terremoto del settembre\u00a0<a title=\"2002\" href=\"https:\/\/it.wikipedia.org\/wiki\/2002\">2002<\/a>, la Cappella fu sottoposta a restauri, conclusi nel luglio\u00a0<a title=\"2008\" href=\"https:\/\/it.wikipedia.org\/wiki\/2008\">2008<\/a>.<\/p>\n<div class=\"mw-heading mw-heading3\">\n<h3 id=\"Sale_Duca_di_Montalto\">Sale Duca di Montalto<\/h3>\n<p><span class=\"mw-editsection\"><span class=\"mw-editsection-bracket\">[<\/span><a class=\"mw-editsection-visualeditor\" title=\"Modifica la sezione Sale Duca di Montalto\" href=\"https:\/\/it.wikipedia.org\/w\/index.php?title=Palazzo_dei_Normanni&amp;veaction=edit&amp;section=29\">modifica<\/a><span class=\"mw-editsection-divider\">\u00a0|\u00a0<\/span><a title=\"Edit section's source code: Sale Duca di Montalto\" href=\"https:\/\/it.wikipedia.org\/w\/index.php?title=Palazzo_dei_Normanni&amp;action=edit&amp;section=29\">modifica wikitesto<\/a><span class=\"mw-editsection-bracket\">]<\/span><\/span><\/p>\n<\/div>\n<figure class=\"mw-halign-right\"><a class=\"mw-file-description\" href=\"https:\/\/it.wikipedia.org\/wiki\/File:%2B_Residenz_der_normannischen_K%C3%B6nige_in_Palermo._18.jpg\"><img loading=\"lazy\" decoding=\"async\" class=\"mw-file-element\" src=\"https:\/\/upload.wikimedia.org\/wikipedia\/commons\/thumb\/f\/fc\/%2B_Residenz_der_normannischen_K%C3%B6nige_in_Palermo._18.jpg\/250px-%2B_Residenz_der_normannischen_K%C3%B6nige_in_Palermo._18.jpg\" srcset=\"\/\/upload.wikimedia.org\/wikipedia\/commons\/thumb\/f\/fc\/%2B_Residenz_der_normannischen_K%C3%B6nige_in_Palermo._18.jpg\/375px-%2B_Residenz_der_normannischen_K%C3%B6nige_in_Palermo._18.jpg 1.5x, \/\/upload.wikimedia.org\/wikipedia\/commons\/thumb\/f\/fc\/%2B_Residenz_der_normannischen_K%C3%B6nige_in_Palermo._18.jpg\/500px-%2B_Residenz_der_normannischen_K%C3%B6nige_in_Palermo._18.jpg 2x\" width=\"250\" height=\"171\" data-file-width=\"5906\" data-file-height=\"4029\" \/><\/a>\n<figcaption>Sale Duca di Montalto<\/figcaption>\n<\/figure>\n<p>Formata da molteplici ambienti che si trovano al piano terra e nel seminterrato, a fianco e sotto il Cortile Maqueda. Nel 1553 i vicer\u00e9 decisero di trasferire la propria residenza dal\u00a0<a title=\"Castello a Mare (Palermo)\" href=\"https:\/\/it.wikipedia.org\/wiki\/Castello_a_Mare_(Palermo)\">Castello a Mare<\/a>\u00a0al Palazzo Reale, dove di conseguenza furono realizzate grandi opere di ristrutturazione. Il piano seminterrato fu destinato a essere un deposito per le munizioni. Nel 1637 il Presidente del regno Don\u00a0<a title=\"Luigi Guglielmo I Moncada\" href=\"https:\/\/it.wikipedia.org\/wiki\/Luigi_Guglielmo_I_Moncada\">Luigi Moncada, duca di Montalto<\/a>, fece affrescare a\u00a0<a title=\"Vincenzo La Barbera\" href=\"https:\/\/it.wikipedia.org\/wiki\/Vincenzo_La_Barbera\">Vincenzo La Barbera<\/a>, Giuseppe Costantino,\u00a0<a title=\"Gerardo Astorino\" href=\"https:\/\/it.wikipedia.org\/wiki\/Gerardo_Astorino\">Gerardo Astorino<\/a>\u00a0e\u00a0<a title=\"Pietro Novelli\" href=\"https:\/\/it.wikipedia.org\/wiki\/Pietro_Novelli\">Pietro Novelli<\/a>, i pi\u00f9 valenti artisti del tempo, l&#8217;antico deposito delle munizioni, trasformandolo in sala delle udienze estive del\u00a0<a class=\"mw-redirect\" title=\"Parlamento siciliano\" href=\"https:\/\/it.wikipedia.org\/wiki\/Parlamento_siciliano\">Parlamento siciliano<\/a>.<\/p>\n<p>Il grande ambiente sub\u00ec un&#8217;ulteriore modifica dopo il 1798, quando &#8211; sotto Ferdinando di Borbone &#8211; divenne sede delle scuderie. Fra le opere superstiti \u00e8 di particolare rilievo l&#8217;affresco, eseguito dal Novelli assieme a\u00a0<i>Figure allegoriche<\/i>, effigiante\u00a0<a class=\"new\" title=\"Pietro Moncada (la pagina non esiste)\" href=\"https:\/\/it.wikipedia.org\/w\/index.php?title=Pietro_Moncada&amp;action=edit&amp;redlink=1\">Pietro Moncada<\/a>, avo del duca di Montalto, i cui frammenti superstiti staccati, trasferiti su tela e restaurati, si possono ammirare nella\u00a0<a title=\"Palazzo Abatellis\" href=\"https:\/\/it.wikipedia.org\/wiki\/Palazzo_Abatellis\">Galleria regionale di Palazzo Abatellis<\/a>. Oggi le sale ospitano mostre d&#8217;arte.<\/p>\n<div class=\"mw-heading mw-heading3\">\n<h3 id=\"Altri_ambienti\">Altri ambienti<\/h3>\n<p><span class=\"mw-editsection\"><span class=\"mw-editsection-bracket\">[<\/span><a class=\"mw-editsection-visualeditor\" title=\"Modifica la sezione Altri ambienti\" href=\"https:\/\/it.wikipedia.org\/w\/index.php?title=Palazzo_dei_Normanni&amp;veaction=edit&amp;section=30\">modifica<\/a><span class=\"mw-editsection-divider\">\u00a0|\u00a0<\/span><a title=\"Edit section's source code: Altri ambienti\" href=\"https:\/\/it.wikipedia.org\/w\/index.php?title=Palazzo_dei_Normanni&amp;action=edit&amp;section=30\">modifica wikitesto<\/a><span class=\"mw-editsection-bracket\">]<\/span><\/span><\/p>\n<\/div>\n<figure class=\"mw-default-size\"><a class=\"mw-file-description\" href=\"https:\/\/it.wikipedia.org\/wiki\/File:%2B_Residenz_der_normannischen_K%C3%B6nige_in_Palermo._20.jpg\"><img loading=\"lazy\" decoding=\"async\" class=\"mw-file-element\" src=\"https:\/\/upload.wikimedia.org\/wikipedia\/commons\/thumb\/0\/06\/%2B_Residenz_der_normannischen_K%C3%B6nige_in_Palermo._20.jpg\/220px-%2B_Residenz_der_normannischen_K%C3%B6nige_in_Palermo._20.jpg\" srcset=\"\/\/upload.wikimedia.org\/wikipedia\/commons\/thumb\/0\/06\/%2B_Residenz_der_normannischen_K%C3%B6nige_in_Palermo._20.jpg\/330px-%2B_Residenz_der_normannischen_K%C3%B6nige_in_Palermo._20.jpg 1.5x, \/\/upload.wikimedia.org\/wikipedia\/commons\/thumb\/0\/06\/%2B_Residenz_der_normannischen_K%C3%B6nige_in_Palermo._20.jpg\/440px-%2B_Residenz_der_normannischen_K%C3%B6nige_in_Palermo._20.jpg 2x\" width=\"220\" height=\"174\" data-file-width=\"5906\" data-file-height=\"4674\" \/><\/a>\n<figcaption>La carrozza settecentesca custodita all&#8217;ingresso.<\/figcaption>\n<\/figure>\n<figure class=\"mw-default-size\"><a class=\"mw-file-description\" href=\"https:\/\/it.wikipedia.org\/wiki\/File:Antike_Stadtmauern_aus_der_Zeit_der_Punier_und_R%C3%B6mer_wurden_unter_dem_Normannenpalast_freigelegt._02.jpg\"><img loading=\"lazy\" decoding=\"async\" class=\"mw-file-element\" src=\"https:\/\/upload.wikimedia.org\/wikipedia\/commons\/thumb\/d\/d5\/Antike_Stadtmauern_aus_der_Zeit_der_Punier_und_R%C3%B6mer_wurden_unter_dem_Normannenpalast_freigelegt._02.jpg\/220px-Antike_Stadtmauern_aus_der_Zeit_der_Punier_und_R%C3%B6mer_wurden_unter_dem_Normannenpalast_freigelegt._02.jpg\" srcset=\"\/\/upload.wikimedia.org\/wikipedia\/commons\/thumb\/d\/d5\/Antike_Stadtmauern_aus_der_Zeit_der_Punier_und_R%C3%B6mer_wurden_unter_dem_Normannenpalast_freigelegt._02.jpg\/330px-Antike_Stadtmauern_aus_der_Zeit_der_Punier_und_R%C3%B6mer_wurden_unter_dem_Normannenpalast_freigelegt._02.jpg 1.5x, \/\/upload.wikimedia.org\/wikipedia\/commons\/thumb\/d\/d5\/Antike_Stadtmauern_aus_der_Zeit_der_Punier_und_R%C3%B6mer_wurden_unter_dem_Normannenpalast_freigelegt._02.jpg\/440px-Antike_Stadtmauern_aus_der_Zeit_der_Punier_und_R%C3%B6mer_wurden_unter_dem_Normannenpalast_freigelegt._02.jpg 2x\" width=\"220\" height=\"114\" data-file-width=\"5906\" data-file-height=\"3057\" \/><\/a>\n<figcaption>Le mura puniche con l&#8217;allestimento museale con i reperti recuperati durante gli scavi.<\/figcaption>\n<\/figure>\n<p>Innumerevoli sono gli ambienti ricavati nei vari livelli dei numerosi corpi di fabbrica. Un breve elenco fra i pi\u00f9 interessanti:<\/p>\n<ul>\n<li><b>Ala Moncada<\/b>.<\/li>\n<li><b>Cortile della Fontana<\/b>, realizzato da\u00a0<a title=\"Camillo Camilliani\" href=\"https:\/\/it.wikipedia.org\/wiki\/Camillo_Camilliani\">Camillo Camilliani<\/a>\u00a0(<a title=\"1581\" href=\"https:\/\/it.wikipedia.org\/wiki\/1581\">1581<\/a>\u00a0&#8211;\u00a0<a title=\"1584\" href=\"https:\/\/it.wikipedia.org\/wiki\/1584\">1584<\/a>) sull&#8217;area dell&#8217;ex\u00a0<i>Torre Chirimbi<\/i>, sopraelevato rispetto al\u00a0<i>Cortile Maqueda<\/i>\u00a0e di qualche decennio anteriore.<\/li>\n<li><b>Cortile Maqueda<\/b>: struttura con\u00a0<a title=\"Portico\" href=\"https:\/\/it.wikipedia.org\/wiki\/Portico\">portico<\/a>\u00a0intero e due elevazioni di\u00a0<a title=\"Loggia\" href=\"https:\/\/it.wikipedia.org\/wiki\/Loggia\">logge<\/a>:\n<ul>\n<li>livello interrato, depositi trasformati in\u00a0<i>Sale Duca di Montalto<\/i>;<\/li>\n<li>livello terra con accesso alla chiesa di Santa Maria delle Grazie,\u00a0<i>Scalone d&#8217;onore<\/i>;<\/li>\n<li>1\u00ba livello loggia con accesso alla Cappella Palatina, passaggio al\u00a0<i>Cortile della Fontana<\/i>;<\/li>\n<li>2\u00ba livello loggia con accesso ai\u00a0<i>Parlamenti generali del Regno<\/i>.<\/li>\n<\/ul>\n<\/li>\n<li><b>Cripta<\/b>: scendendo dalla Palatina da due scale simmetriche si accede alla chiesa inferiore\u00a0<a title=\"Cappella Palatina (Palermo)\" href=\"https:\/\/it.wikipedia.org\/wiki\/Cappella_Palatina_(Palermo)#Chiesa_ipogea\">di Santa Maria delle Grazie<\/a>, realizzata dai normanni, con la camera sepolcrale realizzata per il sarcofago di Guglielmo I.<sup id=\"cite_ref-46\" class=\"reference\"><a href=\"https:\/\/it.wikipedia.org\/wiki\/Palazzo_dei_Normanni#cite_note-46\"><span class=\"cite-bracket\">[<\/span>46<span class=\"cite-bracket\">]<\/span><\/a><\/sup><\/li>\n<li><b>Mura Puniche<\/b>. Le mura puniche databili intorno al\u00a0<a title=\"V secolo a.C.\" href=\"https:\/\/it.wikipedia.org\/wiki\/V_secolo_a.C.\">V secolo a.C.<\/a>\u00a0sono state rinvenute nel 1984, esse rappresentano la pi\u00f9 antica sezione stratigrafica di tutta l&#8217;area occupata dal Palazzo dei Normanni. Interessante \u00e8 la\u00a0<a title=\"Postierla\" href=\"https:\/\/it.wikipedia.org\/wiki\/Postierla\">postierla<\/a>\u00a0perfettamente conservata ed utilizzata nell&#8217;antichit\u00e0 per gestire gli accessi all&#8217;interno della paleapolis. Nel 2021 l&#8217;itinerario archeologico \u00e8 stato definitivamente aperto al pubblico con un allestimento museale dove sono esposti reperti punici, islamici e normanno-svevi recuperati durante gli scavi del 1953 e del 1984. Di particolare importanza il corredo funerario completo di epoca punica, le monete di\u00a0<a title=\"Caracalla\" href=\"https:\/\/it.wikipedia.org\/wiki\/Caracalla\">Caracalla<\/a>\u00a0e la\u00a0<a title=\"Pietra di paragone\" href=\"https:\/\/it.wikipedia.org\/wiki\/Pietra_di_paragone\">pietra di paragone<\/a><sup id=\"cite_ref-47\" class=\"reference\"><a href=\"https:\/\/it.wikipedia.org\/wiki\/Palazzo_dei_Normanni#cite_note-47\"><span class=\"cite-bracket\">[<\/span>47<span class=\"cite-bracket\">]<\/span><\/a><\/sup><\/li>\n<li><b>Porta di San Michele<\/b>.<sup id=\"cite_ref-Diari_di_Gioacchino_di_Marzo_30-2\" class=\"reference\"><a href=\"https:\/\/it.wikipedia.org\/wiki\/Palazzo_dei_Normanni#cite_note-Diari_di_Gioacchino_di_Marzo-30\"><span class=\"cite-bracket\">[<\/span>30<span class=\"cite-bracket\">]<\/span><\/a><\/sup><\/li>\n<li><b>Sala degli Armigeri<\/b>.<\/li>\n<li><b>Segrete<\/b>.<sup id=\"cite_ref-48\" class=\"reference\"><a href=\"https:\/\/it.wikipedia.org\/wiki\/Palazzo_dei_Normanni#cite_note-48\"><span class=\"cite-bracket\">[<\/span>48<span class=\"cite-bracket\">]<\/span><\/a><\/sup>\u00a0Le segrete o\u00a0<i>Prigioni Politiche<\/i>\u00a0ubicate allo stesso livello della chiesa inferiore sottostante la Cappella Palatina e come essa in origine di fase arabo-normanna, si articolano sotto il\u00a0<i>Cortile della Fontana<\/i>. La sala rettangolare, la pi\u00f9 vasta di tali ambienti, \u00e8 quella dalla quale deriva il nome di segrete, visto il ritrovamento negli anni ottanta di taluni graffiti, raffiguranti navi stilisticamente di gusto medievale.<\/li>\n<li><b>Stanza dei Tesori<\/b>.<\/li>\n<li><b>Scala Bianca<\/b>.<\/li>\n<li><b>Scalone Rosso<\/b>.<\/li>\n<li><b>Scalone d&#8217;onore<\/b>.<\/li>\n<li><b>Via Coperta<\/b>. Antica\u00a0<i>Ruga Magna Coperta<\/i>\u00a0d&#8217;epoca normanna, il cui percorso protetto, seguiva lo sviluppo delle primitive fortificazioni puniche.<\/li>\n<\/ul>\n<div class=\"mw-heading mw-heading2\">\n<h2 id=\"La_fabbriceria\">La fabbriceria<\/h2>\n<p><span class=\"mw-editsection\"><span class=\"mw-editsection-bracket\">[<\/span><a class=\"mw-editsection-visualeditor\" title=\"Modifica la sezione La fabbriceria\" href=\"https:\/\/it.wikipedia.org\/w\/index.php?title=Palazzo_dei_Normanni&amp;veaction=edit&amp;section=31\">modifica<\/a><span class=\"mw-editsection-divider\">\u00a0|\u00a0<\/span><a title=\"Edit section's source code: La fabbriceria\" href=\"https:\/\/it.wikipedia.org\/w\/index.php?title=Palazzo_dei_Normanni&amp;action=edit&amp;section=31\">modifica wikitesto<\/a><span class=\"mw-editsection-bracket\">]<\/span><\/span><\/p>\n<\/div>\n<p>Oltre ai dipinti e i quadri che nel corso dei secoli hanno addobbato la stanze del palazzo, dal 1947 a oggi l&#8217;Ars ha periodicamente acquistato delle opere d&#8217;arte con cui hanno arredato i propri uffici.<\/p>\n<p>Nel 2010, per la catalogazione, conservazione e restauro di questo patrimonio, \u00e8 stata istituita una &#8220;<a title=\"Fabbriceria\" href=\"https:\/\/it.wikipedia.org\/wiki\/Fabbriceria\">fabbriceria<\/a>&#8220;<sup id=\"cite_ref-49\" class=\"reference\"><a href=\"https:\/\/it.wikipedia.org\/wiki\/Palazzo_dei_Normanni#cite_note-49\"><span class=\"cite-bracket\">[<\/span>49<span class=\"cite-bracket\">]<\/span><\/a><\/sup>.<\/p>\n<p>Tra le opere ottocentesche vi sono quadri di\u00a0<a title=\"Francesco Lojacono\" href=\"https:\/\/it.wikipedia.org\/wiki\/Francesco_Lojacono\">Francesco Lojacono<\/a>,\u00a0<a title=\"Antonino Leto\" href=\"https:\/\/it.wikipedia.org\/wiki\/Antonino_Leto\">Antonino Leto<\/a>\u00a0e\u00a0<a title=\"Ettore De Maria Bergler\" href=\"https:\/\/it.wikipedia.org\/wiki\/Ettore_De_Maria_Bergler\">Ettore De Maria Bergler<\/a>; tra quelle del Novecento troviamo litografie di\u00a0<a title=\"Joan Mir\u00f3\" href=\"https:\/\/it.wikipedia.org\/wiki\/Joan_Mir%C3%B3\">Joan Mir\u00f3<\/a>\u00a0e\u00a0<a title=\"Henri Matisse\" href=\"https:\/\/it.wikipedia.org\/wiki\/Henri_Matisse\">Henri Matisse<\/a>\u00a0e dipinti di\u00a0<a title=\"Renato Guttuso\" href=\"https:\/\/it.wikipedia.org\/wiki\/Renato_Guttuso\">Renato Guttuso<\/a>,\u00a0<a title=\"Croce Taravella\" href=\"https:\/\/it.wikipedia.org\/wiki\/Croce_Taravella\">Croce Taravella<\/a>\u00a0e\u00a0<a title=\"Bruno Caruso\" href=\"https:\/\/it.wikipedia.org\/wiki\/Bruno_Caruso\">Bruno Caruso<\/a>.<sup id=\"cite_ref-50\" class=\"reference\"><a href=\"https:\/\/it.wikipedia.org\/wiki\/Palazzo_dei_Normanni#cite_note-50\"><span class=\"cite-bracket\">[<\/span>50<span class=\"cite-bracket\">]<\/span><\/a><\/sup><\/p>\n<div class=\"mw-heading mw-heading2\">\n<h2 id=\"L'ala_ovest\"><span id=\"L.27ala_ovest\"><\/span>L&#8217;ala ovest<\/h2>\n<p><span class=\"mw-editsection\"><span class=\"mw-editsection-bracket\">[<\/span><a class=\"mw-editsection-visualeditor\" title=\"Modifica la sezione L'ala ovest\" href=\"https:\/\/it.wikipedia.org\/w\/index.php?title=Palazzo_dei_Normanni&amp;veaction=edit&amp;section=32\">modifica<\/a><span class=\"mw-editsection-divider\">\u00a0|\u00a0<\/span><a title=\"Edit section's source code: L'ala ovest\" href=\"https:\/\/it.wikipedia.org\/w\/index.php?title=Palazzo_dei_Normanni&amp;action=edit&amp;section=32\">modifica wikitesto<\/a><span class=\"mw-editsection-bracket\">]<\/span><\/span><\/p>\n<\/div>\n<figure class=\"mw-default-size mw-halign-right\"><a class=\"mw-file-description\" href=\"https:\/\/it.wikipedia.org\/wiki\/File:Comando_militare_regione_sud,_Albergaria,_Palermo,_Sicily,_Italy_-_panoramio.jpg\"><img loading=\"lazy\" decoding=\"async\" class=\"mw-file-element\" src=\"https:\/\/upload.wikimedia.org\/wikipedia\/commons\/thumb\/a\/a0\/Comando_militare_regione_sud%2C_Albergaria%2C_Palermo%2C_Sicily%2C_Italy_-_panoramio.jpg\/220px-Comando_militare_regione_sud%2C_Albergaria%2C_Palermo%2C_Sicily%2C_Italy_-_panoramio.jpg\" srcset=\"\/\/upload.wikimedia.org\/wikipedia\/commons\/thumb\/a\/a0\/Comando_militare_regione_sud%2C_Albergaria%2C_Palermo%2C_Sicily%2C_Italy_-_panoramio.jpg\/330px-Comando_militare_regione_sud%2C_Albergaria%2C_Palermo%2C_Sicily%2C_Italy_-_panoramio.jpg 1.5x, \/\/upload.wikimedia.org\/wikipedia\/commons\/thumb\/a\/a0\/Comando_militare_regione_sud%2C_Albergaria%2C_Palermo%2C_Sicily%2C_Italy_-_panoramio.jpg\/440px-Comando_militare_regione_sud%2C_Albergaria%2C_Palermo%2C_Sicily%2C_Italy_-_panoramio.jpg 2x\" width=\"220\" height=\"125\" data-file-width=\"4864\" data-file-height=\"2756\" \/><\/a>\n<figcaption>Ala ovest.<\/figcaption>\n<\/figure>\n<p>L&#8217;ala ovest del palazzo, insieme alla\u00a0<a title=\"Porta Nuova (Palermo)\" href=\"https:\/\/it.wikipedia.org\/wiki\/Porta_Nuova_(Palermo)\">Porta Nuova<\/a>, \u00e8 assegnata all&#8217;<a title=\"Esercito Italiano\" href=\"https:\/\/it.wikipedia.org\/wiki\/Esercito_Italiano\">Esercito Italiano<\/a>. Sede dal 1870 del\u00a0<a title=\"Distretto militare\" href=\"https:\/\/it.wikipedia.org\/wiki\/Distretto_militare\">Distretto militare<\/a>\u00a0(oggi Centro Documentale di Palermo a piazza Indipendenza), dal secondo dopoguerra ospita la sede del\u00a0<a title=\"Comando Militare Esercito &quot;Sicilia&quot;\" href=\"https:\/\/it.wikipedia.org\/wiki\/Comando_Militare_Esercito_%22Sicilia%22\">Comando Militare Esercito &#8220;Sicilia&#8221;<\/a><sup id=\"cite_ref-51\" class=\"reference\"><a href=\"https:\/\/it.wikipedia.org\/wiki\/Palazzo_dei_Normanni#cite_note-51\"><span class=\"cite-bracket\">[<\/span>51<span class=\"cite-bracket\">]<\/span><\/a><\/sup>.<\/p>\n<p>Dal 2007 al 2015 ha ospitato anche il\u00a0<a title=\"Comando Forze Operative Sud\" href=\"https:\/\/it.wikipedia.org\/wiki\/Comando_Forze_Operative_Sud\">Comando Regione Militare &#8220;Sud&#8221;<\/a>. Nel\u00a0<a title=\"2018\" href=\"https:\/\/it.wikipedia.org\/wiki\/2018\">2018<\/a>, dopo 20 anni di chiusura, sono stati ristrutturati e riaperti i locali del Centro Operativo dell&#8217;allora Regione Militare della Sicilia, che dagli anni ottanta occupa l&#8217;interno della &#8220;Cavallerizza di Presidio&#8221; di Palazzo Reale<sup id=\"cite_ref-52\" class=\"reference\"><a href=\"https:\/\/it.wikipedia.org\/wiki\/Palazzo_dei_Normanni#cite_note-52\"><span class=\"cite-bracket\">[<\/span>52<span class=\"cite-bracket\">]<\/span><\/a><\/sup><\/p>","protected":false},"excerpt":{"rendered":"<p>Il\u00a0Palazzo dei Normanni, noto anche come\u00a0Palazzo Reale,[1][2][3]\u00a0si trova a\u00a0Palermo\u00a0ed \u00e8 attualmente sede dell&#8217;Assemblea regionale siciliana. Il palazzo, per secoli fortezza, \u00e8 la pi\u00f9 antica residenza reale d&#8217;Europa, dimora dei sovrani del\u00a0Regno di Sicilia, sede imperiale con\u00a0Federico II\u00a0e\u00a0Corrado IV\u00a0e dello storico\u00a0Parlamento siciliano. Al primo piano del palazzo sorge la\u00a0Cappella Palatina. L&#8217;ala &#8230;<\/p>\n<p class=\"continue-reading-button\"> <a class=\"continue-reading-link\" href=\"http:\/\/www.bellasicilia.org\/index.php\/2024\/11\/12\/palazzo-dei-normanni\/\">Continue reading<i class=\"crycon-right-dir\"><\/i><\/a><\/p>\n","protected":false},"author":1,"featured_media":20,"comment_status":"open","ping_status":"open","sticky":false,"template":"","format":"standard","meta":{"footnotes":""},"categories":[2],"tags":[],"class_list":["post-19","post","type-post","status-publish","format-standard","has-post-thumbnail","hentry","category-monumenti"],"_links":{"self":[{"href":"http:\/\/www.bellasicilia.org\/index.php\/wp-json\/wp\/v2\/posts\/19","targetHints":{"allow":["GET"]}}],"collection":[{"href":"http:\/\/www.bellasicilia.org\/index.php\/wp-json\/wp\/v2\/posts"}],"about":[{"href":"http:\/\/www.bellasicilia.org\/index.php\/wp-json\/wp\/v2\/types\/post"}],"author":[{"embeddable":true,"href":"http:\/\/www.bellasicilia.org\/index.php\/wp-json\/wp\/v2\/users\/1"}],"replies":[{"embeddable":true,"href":"http:\/\/www.bellasicilia.org\/index.php\/wp-json\/wp\/v2\/comments?post=19"}],"version-history":[{"count":3,"href":"http:\/\/www.bellasicilia.org\/index.php\/wp-json\/wp\/v2\/posts\/19\/revisions"}],"predecessor-version":[{"id":56,"href":"http:\/\/www.bellasicilia.org\/index.php\/wp-json\/wp\/v2\/posts\/19\/revisions\/56"}],"wp:featuredmedia":[{"embeddable":true,"href":"http:\/\/www.bellasicilia.org\/index.php\/wp-json\/wp\/v2\/media\/20"}],"wp:attachment":[{"href":"http:\/\/www.bellasicilia.org\/index.php\/wp-json\/wp\/v2\/media?parent=19"}],"wp:term":[{"taxonomy":"category","embeddable":true,"href":"http:\/\/www.bellasicilia.org\/index.php\/wp-json\/wp\/v2\/categories?post=19"},{"taxonomy":"post_tag","embeddable":true,"href":"http:\/\/www.bellasicilia.org\/index.php\/wp-json\/wp\/v2\/tags?post=19"}],"curies":[{"name":"wp","href":"https:\/\/api.w.org\/{rel}","templated":true}]}}